{"id":710710,"date":"2025-12-23T21:29:46","date_gmt":"2025-12-24T01:29:46","guid":{"rendered":"https:\/\/unifranz.edu.bo\/?p=710710"},"modified":"2025-12-23T21:29:50","modified_gmt":"2025-12-24T01:29:50","slug":"valeria-rivero-como-transformar-residuos-en-energia-resiliencia-y-futuro-sostenible","status":"publish","type":"post","link":"https:\/\/unifranz.edu.bo\/pt\/blog\/valeria-rivero-como-transformar-residuos-en-energia-resiliencia-y-futuro-sostenible\/","title":{"rendered":"Valeria Rivero: c\u00f3mo transformar residuos en energ\u00eda, resiliencia y futuro sostenible"},"content":{"rendered":"<p>Comprender la energ\u00eda como un derecho b\u00e1sico y no como un privilegio puede redefinir la forma en que las sociedades enfrentan la pobreza, la desigualdad y la crisis clim\u00e1tica. Cuando el acceso a lo esencial falla \u2014la luz, el gas, el agua\u2014 tambi\u00e9n se fractura la calidad de vida. Sin embargo, incluso en esos contextos adversos, existen historias que demuestran que la innovaci\u00f3n puede surgir desde la escasez y convertir los problemas ignorados en soluciones transformadoras.<\/p>\n\n\n\n<p>Esa fue la esencia de la ponencia de Valeria Rivero durante TEDx Unifranz 2025, un evento organizado por la Universidad Franz Tamayo (Unifranz) con licencia de TED, que reuni\u00f3 ideas y experiencias en torno a la tecnolog\u00eda, la ciencia, la resiliencia humana y el arte como motores de cambio. En el escenario, Rivero comparti\u00f3 un testimonio profundamente personal que conect\u00f3 la memoria, el emprendimiento y la sostenibilidad, mostrando que el desarrollo no siempre nace en grandes centros industriales, sino en la observaci\u00f3n cr\u00edtica del entorno.<\/p>\n\n\n\n<blockquote class=\"wp-block-quote is-layout-flow wp-block-quote-is-layout-flow\">\n<p>Rivero creci\u00f3 en Guayaramer\u00edn, Beni, una ciudad amaz\u00f3nica marcada por la convivencia permanente con el r\u00edo Mamor\u00e9. All\u00ed vivi\u00f3, a los ocho a\u00f1os, su primera gran inundaci\u00f3n. \u201cEl agua empez\u00f3 a subir, se llev\u00f3 calles, patios, todo. Ah\u00ed entend\u00ed lo que era vivir con lo m\u00ednimo\u201d, record\u00f3, explicando c\u00f3mo ese episodio defini\u00f3 su relaci\u00f3n con la p\u00e9rdida y la adaptaci\u00f3n. Con el tiempo comprendi\u00f3 que detr\u00e1s de aquella experiencia infantil hab\u00eda miedo, dolor y una fragilidad estructural que afecta a miles de familias en el pa\u00eds.<\/p>\n<\/blockquote>\n\n\n\n<p>Esa vivencia despert\u00f3 una fascinaci\u00f3n temprana por la energ\u00eda. \u201cNo sabemos lo que tenemos hasta que lo perdemos. Prender un foco, cocinar con gas, tener un ba\u00f1o, son cosas fundamentales para la calidad de vida\u201d, afirm\u00f3, subrayando c\u00f3mo lo cotidiano se vuelve vital cuando desaparece. Ese inter\u00e9s la llev\u00f3 a so\u00f1ar con estudiar ingenier\u00eda electromec\u00e1nica, un camino que implic\u00f3 migrar, sacrificios familiares y enfrentar el fracaso acad\u00e9mico.<\/p>\n\n\n\n<figure class=\"wp-block-embed is-type-video is-provider-youtube wp-block-embed-youtube wp-embed-aspect-16-9 wp-has-aspect-ratio\"><div class=\"wp-block-embed__wrapper\">\n<iframe loading=\"lazy\" title=\"Valeria Rivero: c\u00f3mo transformar residuos en energ\u00eda, resiliencia y futuro sostenible\" width=\"500\" height=\"281\" src=\"https:\/\/www.youtube.com\/embed\/Api4OOnaizg?feature=oembed\" frameborder=\"0\" allow=\"accelerometer; autoplay; clipboard-write; encrypted-media; gyroscope; picture-in-picture; web-share\" referrerpolicy=\"strict-origin-when-cross-origin\" allowfullscreen><\/iframe>\n<\/div><\/figure>\n\n\n\n<p>Uno de los momentos m\u00e1s honestos de su relato fue cuando habl\u00f3 de reprobar el examen de ingreso a la universidad. \u201cEl fracaso no nos define, sino lo que hacemos justo despu\u00e9s de eso\u201d, se\u00f1al\u00f3, destacando el acompa\u00f1amiento de su familia y el esfuerzo que le permiti\u00f3 volver a intentarlo. M\u00e1s adelante, se enfrent\u00f3 a una brecha a\u00fan mayor: la desigualdad educativa entre el campo y la ciudad, una realidad que exigi\u00f3 perseverancia y conciencia cr\u00edtica.<\/p>\n\n\n\n<blockquote class=\"wp-block-quote is-layout-flow wp-block-quote-is-layout-flow\">\n<p>Lejos de resignarse, Rivero decidi\u00f3 mirar su entorno con otros ojos. Junto a sus socios, Jorge y Daniel, identific\u00f3 no solo basura f\u00edsica, sino tambi\u00e9n oportunidades perdidas. \u201cVivimos rodeados de desechos, pero tambi\u00e9n de talento desperdiciado y problemas ignorados\u201d, explic\u00f3 antes de plantear la pregunta que marcar\u00eda su emprendimiento: \u201c\u00bfQu\u00e9 pasar\u00eda si transform\u00e1ramos los residuos org\u00e1nicos en algo mucho m\u00e1s valioso?\u201d.<\/p>\n<\/blockquote>\n\n\n\n<p>As\u00ed naci\u00f3 Uneco Energy, un proyecto enfocado en el dise\u00f1o y construcci\u00f3n de biodigestores capaces de convertir residuos org\u00e1nicos en biog\u00e1s y fertilizante natural. En un contexto nacional marcado por el d\u00e9ficit energ\u00e9tico, la posible eliminaci\u00f3n de subsidios a combustibles f\u00f3siles y millones de cabezas de ganado que generan metano sin aprovecharse, la propuesta adquiere relevancia estrat\u00e9gica.&nbsp;<\/p>\n\n\n\n<blockquote class=\"wp-block-quote is-layout-flow wp-block-quote-is-layout-flow\">\n<p>\u201cUn biodigestor no solo genera gas; genera independencia, resiliencia y comunidad\u201d, afirm\u00f3 Rivero, resaltando su impacto social.<\/p>\n<\/blockquote>\n\n\n\n<p>Su historia tambi\u00e9n desmitific\u00f3 la idea rom\u00e1ntica del emprendimiento. Renunciar a un empleo estable, sostener una empresa y asumir responsabilidades tuvo un costo personal. \u201cLa verdadera pelea que tenemos todos es con uno mismo\u201d, confes\u00f3 al relatar el momento en que el agotamiento la oblig\u00f3 a detenerse y replantear su camino. En ese proceso, comprendi\u00f3 que el valor no est\u00e1 solo en la meta, sino en el trayecto.<\/p>\n\n\n\n<p>La ponencia de Rivero dialog\u00f3 con las dem\u00e1s voces de TEDx Unifranz 2025, como Khalil Garc\u00eda-Tornel y Sinchy D\u00edaz, quienes defendieron la ciencia aplicada al d\u00eda a d\u00eda; Luis Eduardo Hinojosa, que conmovi\u00f3 con su historia de reinvenci\u00f3n tras quedar cuadripl\u00e9jico; y Rigo Bellot-Machi, que invit\u00f3 a reescribir la narrativa personal desde la neurociencia y el cine y Nicole Guerrero, que hablo sobre el poder de la solidaridad. Juntas, estas historias coincidieron en un mensaje: la transformaci\u00f3n comienza en la mente y se fortalece en comunidad.<\/p>\n\n\n\n<blockquote class=\"wp-block-quote is-layout-flow wp-block-quote-is-layout-flow\">\n<p>Al cerrar su intervenci\u00f3n, Rivero lanz\u00f3 una invitaci\u00f3n directa al p\u00fablico: \u201c\u00bfQu\u00e9 es eso que te molesta en tu vida o en tu comunidad? Quiz\u00e1s ah\u00ed est\u00e1 algo que solo t\u00fa puedes transformar\u201d, concluy\u00f3, recordando que incluso lo que parece in\u00fatil puede convertirse en energ\u00eda para construir un futuro m\u00e1s justo y sostenible.<\/p>\n<\/blockquote>","protected":false},"excerpt":{"rendered":"<p>De la inundaci\u00f3n al biodigestor: la historia de Valeria Rivero sobre energ\u00eda sostenible y emprendimiento social.<\/p>","protected":false},"author":49,"featured_media":710711,"comment_status":"open","ping_status":"open","sticky":false,"template":"","format":"standard","meta":{"_acf_changed":false,"footnotes":""},"categories":[60],"tags":[11647,1422,248,370,218,4142,11678,8452,10903,242],"class_list":["post-710710","post","type-post","status-publish","format-standard","has-post-thumbnail","hentry","category-blog","tag-biodigestores","tag-innovacion-en-educacion","tag-internacionalizacion","tag-resiliencia","tag-tecnologia","tag-tedx-unifranz","tag-tedx-unifranz-2025","tag-transformando-vidas","tag-uneco-energy","tag-unifranz"],"acf":[],"_links":{"self":[{"href":"https:\/\/unifranz.edu.bo\/pt\/wp-json\/wp\/v2\/posts\/710710","targetHints":{"allow":["GET"]}}],"collection":[{"href":"https:\/\/unifranz.edu.bo\/pt\/wp-json\/wp\/v2\/posts"}],"about":[{"href":"https:\/\/unifranz.edu.bo\/pt\/wp-json\/wp\/v2\/types\/post"}],"author":[{"embeddable":true,"href":"https:\/\/unifranz.edu.bo\/pt\/wp-json\/wp\/v2\/users\/49"}],"replies":[{"embeddable":true,"href":"https:\/\/unifranz.edu.bo\/pt\/wp-json\/wp\/v2\/comments?post=710710"}],"version-history":[{"count":2,"href":"https:\/\/unifranz.edu.bo\/pt\/wp-json\/wp\/v2\/posts\/710710\/revisions"}],"predecessor-version":[{"id":710716,"href":"https:\/\/unifranz.edu.bo\/pt\/wp-json\/wp\/v2\/posts\/710710\/revisions\/710716"}],"wp:featuredmedia":[{"embeddable":true,"href":"https:\/\/unifranz.edu.bo\/pt\/wp-json\/wp\/v2\/media\/710711"}],"wp:attachment":[{"href":"https:\/\/unifranz.edu.bo\/pt\/wp-json\/wp\/v2\/media?parent=710710"}],"wp:term":[{"taxonomy":"category","embeddable":true,"href":"https:\/\/unifranz.edu.bo\/pt\/wp-json\/wp\/v2\/categories?post=710710"},{"taxonomy":"post_tag","embeddable":true,"href":"https:\/\/unifranz.edu.bo\/pt\/wp-json\/wp\/v2\/tags?post=710710"}],"curies":[{"name":"wp","href":"https:\/\/api.w.org\/{rel}","templated":true}]}}