{"id":710700,"date":"2025-12-23T17:50:55","date_gmt":"2025-12-23T21:50:55","guid":{"rendered":"https:\/\/unifranz.edu.bo\/?p=710700"},"modified":"2025-12-23T17:50:58","modified_gmt":"2025-12-23T21:50:58","slug":"sindrome-de-la-cabeza-quemada-por-que-llegamos-tan-agotados-y-furiosos-a-fin-de-ano","status":"publish","type":"post","link":"https:\/\/unifranz.edu.bo\/pt\/blog\/sindrome-de-la-cabeza-quemada-por-que-llegamos-tan-agotados-y-furiosos-a-fin-de-ano\/","title":{"rendered":"S\u00edndrome de la cabeza quemada: por qu\u00e9 llegamos tan agotados y furiosos a fin de a\u00f1o\u00a0"},"content":{"rendered":"<p>El cierre de cada a\u00f1o suele venir acompa\u00f1ado de balances, compromisos sociales y una sensaci\u00f3n difusa de que el tiempo no alcanza. Sin embargo, en los \u00faltimos a\u00f1os ese cansancio habitual parece haber mutado en algo m\u00e1s profundo: irritabilidad constante, p\u00e9rdida de motivaci\u00f3n y una fatiga emocional que no se va ni siquiera con descanso. A este fen\u00f3meno, cada vez m\u00e1s visible, se lo conoce como el \u201cs\u00edndrome de la cabeza quemada\u201d, una condici\u00f3n que ya no se limita al \u00e1mbito laboral, sino que atraviesa la vida cotidiana, los v\u00ednculos y la manera en que las personas se relacionan con su entorno.<\/p>\n\n\n\n<p>Karina S\u00e1nchez Apaza, psic\u00f3loga y docente de la carrera de Psicolog\u00eda de la Universidad Franz Tamayo (Unifranz), explica que este estado se manifiesta como un agotamiento sostenido que impacta tanto en la salud mental como f\u00edsica.&nbsp;<\/p>\n\n\n\n<blockquote class=\"wp-block-quote is-layout-flow wp-block-quote-is-layout-flow\">\n<p>\u201cA largo plazo, este tipo de desgaste contribuye al deterioro general de la calidad de vida, incrementa la irritabilidad, afecta el descanso y reduce la capacidad de disfrute en actividades que antes resultaban gratificantes\u201d, se\u00f1ala la especialista.<\/p>\n<\/blockquote>\n\n\n\n<p><strong>Un cansancio que no se apaga<\/strong><\/p>\n\n\n\n<p>A diferencia del cansancio puntual, el s\u00edndrome de la cabeza quemada se caracteriza por una sensaci\u00f3n persistente de saturaci\u00f3n. No se trata solo de estar cansado despu\u00e9s de una jornada exigente, sino de levantarse ya sin energ\u00eda, con una percepci\u00f3n de amenaza constante y una baja tolerancia a la frustraci\u00f3n.&nbsp;<\/p>\n\n\n\n<blockquote class=\"wp-block-quote is-layout-flow wp-block-quote-is-layout-flow\">\n<p>S\u00e1nchez advierte que este estado emocional altera la forma en que las personas reaccionan: \u201cCuando alguien est\u00e1 exhausto emocionalmente, pierde margen para la pausa y responde de manera m\u00e1s impulsiva, tanto en el trabajo como en su vida personal\u201d.<\/p>\n<\/blockquote>\n\n\n\n<p>Esto explica por qu\u00e9, hacia fin de a\u00f1o, aumentan los conflictos interpersonales, los roces familiares y la sensaci\u00f3n de enojo generalizado. El cerebro agotado entra en un modo de supervivencia que prioriza la reacci\u00f3n inmediata por sobre la reflexi\u00f3n, lo que favorece discusiones, decisiones apresuradas y un clima de tensi\u00f3n permanente.<\/p>\n\n\n\n<p>Aunque el origen de este s\u00edndrome suele vincularse a contextos de alta exigencia, hoy sus efectos se expanden a todas las \u00e1reas de la vida. La irritabilidad se cuela en el hogar, afecta la convivencia y reduce la empat\u00eda.&nbsp;<\/p>\n\n\n\n<p>Muchas personas describen que \u201ctodo molesta\u201d: el ruido, las demandas ajenas, incluso los momentos de ocio. El resultado es una desconexi\u00f3n emocional que debilita los v\u00ednculos y refuerza el aislamiento.<\/p>\n\n\n\n<p>S\u00e1nchez subraya que uno de los signos m\u00e1s claros es la p\u00e9rdida de sentido: \u201cLas personas comienzan a sentir que nada alcanza, que el esfuerzo no rinde frutos. Esa frustraci\u00f3n sostenida alimenta el enojo y, con el tiempo, puede derivar en s\u00edntomas f\u00edsicos como insomnio, dolores de cabeza o problemas gastrointestinales\u201d.<\/p>\n\n\n\n<p><strong>Una cultura que exige sin pausa<\/strong><\/p>\n\n\n\n<p>Diversos enfoques te\u00f3ricos coinciden en que este fen\u00f3meno no puede explicarse solo desde lo individual. Vivimos en una cultura marcada por la hiperconectividad, la autoexigencia y la presi\u00f3n por rendir de forma constante. Las notificaciones permanentes, la exposici\u00f3n continua a noticias negativas y la comparaci\u00f3n social amplifican la sensaci\u00f3n de agotamiento.<\/p>\n\n\n\n<p>Desde esta perspectiva, el s\u00edndrome de la cabeza quemada funciona como una se\u00f1al de alarma colectiva. No es solo el cuerpo diciendo \u201cbasta\u201d, sino tambi\u00e9n la mente cuestionando un modo de vida que deja poco espacio para el descanso real, la introspecci\u00f3n y los v\u00ednculos significativos.<\/p>\n\n\n\n<p><strong>\u00bfQu\u00e9 se puede hacer?<\/strong><\/p>\n\n\n\n<p>La especialista enfatiza que no alcanza con recomendaciones superficiales. Dormir mejor o tomarse unos d\u00edas libres ayuda, pero no resuelve el problema de fondo si el entorno sigue siendo hostil.&nbsp;<\/p>\n\n\n\n<blockquote class=\"wp-block-quote is-layout-flow wp-block-quote-is-layout-flow\">\n<p>\u201cEs fundamental reconocer los l\u00edmites personales, reducir la sobreexposici\u00f3n a est\u00edmulos estresantes y, sobre todo, pedir ayuda profesional cuando el agotamiento se vuelve cr\u00f3nico\u201d, aconseja S\u00e1nchez.<\/p>\n<\/blockquote>\n\n\n\n<p>Tambi\u00e9n resulta clave recuperar espacios de pausa: conversaciones sin pantallas, actividades que no est\u00e9n orientadas al rendimiento y momentos de silencio que permitan procesar lo vivido. En el plano social, promover entornos m\u00e1s emp\u00e1ticos y menos reactivos puede marcar la diferencia.<\/p>\n\n\n\n<p>Llegar exhausto y furioso a fin de a\u00f1o no deber\u00eda ser visto como algo inevitable. El s\u00edndrome de la cabeza quemada no es una moda ni una debilidad individual, sino una respuesta a una acumulaci\u00f3n de presiones emocionales, sociales y culturales. Escuchar esa se\u00f1al a tiempo puede ser el primer paso para replantear prioridades y construir una forma de vivir m\u00e1s saludable.<\/p>\n\n\n\n<blockquote class=\"wp-block-quote is-layout-flow wp-block-quote-is-layout-flow\">\n<p>\u201cReconocer los s\u00edntomas y actuar de manera temprana es clave para evitar que el agotamiento se convierta en un estado permanente. Cuidar la salud mental es una responsabilidad compartida entre las personas, las organizaciones y la sociedad en su conjunto\u201d, concluye S\u00e1nchez.<\/p>\n<\/blockquote>","protected":false},"excerpt":{"rendered":"<p>\u00bfLlegas agotado e irritable a diciembre? Descubre qu\u00e9 es el s\u00edndrome de la cabeza quemada y c\u00f3mo afrontarlo.<\/p>","protected":false},"author":49,"featured_media":710701,"comment_status":"open","ping_status":"open","sticky":false,"template":"","format":"standard","meta":{"_acf_changed":false,"footnotes":""},"categories":[60],"tags":[9042,11759,10834,1422,49,240,124,2944,11758,242],"class_list":["post-710700","post","type-post","status-publish","format-standard","has-post-thumbnail","hentry","category-blog","tag-burnout","tag-fin-de-ano","tag-frustracion","tag-innovacion-en-educacion","tag-medicina","tag-psicologia","tag-salud","tag-salud-mental","tag-sindrome-de-la-cabeza-quemada","tag-unifranz"],"acf":[],"_links":{"self":[{"href":"https:\/\/unifranz.edu.bo\/pt\/wp-json\/wp\/v2\/posts\/710700","targetHints":{"allow":["GET"]}}],"collection":[{"href":"https:\/\/unifranz.edu.bo\/pt\/wp-json\/wp\/v2\/posts"}],"about":[{"href":"https:\/\/unifranz.edu.bo\/pt\/wp-json\/wp\/v2\/types\/post"}],"author":[{"embeddable":true,"href":"https:\/\/unifranz.edu.bo\/pt\/wp-json\/wp\/v2\/users\/49"}],"replies":[{"embeddable":true,"href":"https:\/\/unifranz.edu.bo\/pt\/wp-json\/wp\/v2\/comments?post=710700"}],"version-history":[{"count":1,"href":"https:\/\/unifranz.edu.bo\/pt\/wp-json\/wp\/v2\/posts\/710700\/revisions"}],"predecessor-version":[{"id":710702,"href":"https:\/\/unifranz.edu.bo\/pt\/wp-json\/wp\/v2\/posts\/710700\/revisions\/710702"}],"wp:featuredmedia":[{"embeddable":true,"href":"https:\/\/unifranz.edu.bo\/pt\/wp-json\/wp\/v2\/media\/710701"}],"wp:attachment":[{"href":"https:\/\/unifranz.edu.bo\/pt\/wp-json\/wp\/v2\/media?parent=710700"}],"wp:term":[{"taxonomy":"category","embeddable":true,"href":"https:\/\/unifranz.edu.bo\/pt\/wp-json\/wp\/v2\/categories?post=710700"},{"taxonomy":"post_tag","embeddable":true,"href":"https:\/\/unifranz.edu.bo\/pt\/wp-json\/wp\/v2\/tags?post=710700"}],"curies":[{"name":"wp","href":"https:\/\/api.w.org\/{rel}","templated":true}]}}