{"id":710691,"date":"2025-12-23T16:41:57","date_gmt":"2025-12-23T20:41:57","guid":{"rendered":"https:\/\/unifranz.edu.bo\/?p=710691"},"modified":"2025-12-23T17:11:11","modified_gmt":"2025-12-23T21:11:11","slug":"luis-eduardo-hinojosa-reinventarse-para-vivir-mas-alla-de-las-barreras","status":"publish","type":"post","link":"https:\/\/unifranz.edu.bo\/pt\/blog\/luis-eduardo-hinojosa-reinventarse-para-vivir-mas-alla-de-las-barreras\/","title":{"rendered":"Inspiradora historia: Luis Eduardo Hinojosa se reinventa en la universidad a pesar de que no puede mover ni brazos ni piernas"},"content":{"rendered":"<p>Reinventarse no siempre es una elecci\u00f3n voluntaria. A veces, es una respuesta inevitable frente a un quiebre que lo cambia todo. Cuando el cuerpo deja de responder, cuando la vida conocida se interrumpe de forma abrupta, la verdadera pregunta no es qu\u00e9 se perdi\u00f3, sino c\u00f3mo se vuelve a empezar. En ese tr\u00e1nsito entre la ca\u00edda y la reconstrucci\u00f3n, la resiliencia se convierte en una forma de supervivencia.<\/p>\n\n\n\n<p>Esa fue la esencia de la ponencia de Luis Eduardo Hinojosa en TEDx Unifranz 2025, un encuentro, organizado por la Universidad Franz Tamayo (Unifranz) con la licencia de TED, que reuni\u00f3 historias de ciencia aplicada, tecnolog\u00eda, emprendimiento, neurociencia y resiliencia humana, consolidando a la Universidad Franz Tamayo como un espacio de di\u00e1logo entre conocimiento, experiencia y transformaci\u00f3n social. Desde el escenario, Hinojosa comparti\u00f3 una historia profundamente honesta sobre la discapacidad, la adaptaci\u00f3n y el sentido de seguir viviendo.<\/p>\n\n\n\n<p>Con 31 a\u00f1os, Hinojosa se present\u00f3 ante el p\u00fablico como usuario de silla de ruedas y diagnosticado con cuadriplejia. <\/p>\n\n\n\n<blockquote class=\"wp-block-quote is-layout-flow wp-block-quote-is-layout-flow\">\n<p>\u201cLa cuadriplejia es la p\u00e9rdida de movimiento y sensibilidad de las cuatro extremidades, pero en diferentes rangos\u201d, explic\u00f3, desmitificando desde el inicio una condici\u00f3n que suele ser vista de forma homog\u00e9nea. <\/p>\n<\/blockquote>\n\n\n\n<p>En su caso, recuperar parcialmente el movimiento del brazo derecho signific\u00f3 algo mucho m\u00e1s profundo que un avance f\u00edsico: \u201cPara m\u00ed esto es independencia\u201d, afirm\u00f3, al poder usar su tel\u00e9fono y mantenerse conectado con el mundo.<\/p>\n\n\n\n<p>El origen de su historia se remonta a los 15 a\u00f1os, durante un d\u00eda com\u00fan en una piscina con amigos. Un clavado que hab\u00eda hecho muchas veces termin\u00f3 en un accidente que cambi\u00f3 su vida para siempre. <\/p>\n\n\n\n<blockquote class=\"wp-block-quote is-layout-flow wp-block-quote-is-layout-flow\">\n<p>\u201cEscuch\u00e9 un fuerte crujido acompa\u00f1ado de una corriente por todo mi cuerpo. Estaba consciente, pero ya no pod\u00eda moverme\u201d, relat\u00f3, describiendo el momento en que entendi\u00f3 que algo hab\u00eda cambiado de forma irreversible. Gracias a la reacci\u00f3n de sus amigos, que evitaron moverlo hasta la llegada de una ambulancia, logr\u00f3 sobrevivir.<\/p>\n<\/blockquote>\n\n\n\n<p>Los meses siguientes fueron una lucha constante. Hinojosa estuvo internado m\u00e1s de tres meses, dependiente de un respirador mec\u00e1nico, sin poder hablar, comer ni moverse. Aun as\u00ed, se propuso un primer objetivo: volver a comunicarse. \u201cQuer\u00eda hablar con mi familia, decirles que estaba bien\u201d, record\u00f3, explicando c\u00f3mo logr\u00f3 dejar el respirador en mes y medio, pese a los pron\u00f3sticos m\u00e9dicos. El segundo desaf\u00edo fue a\u00fan mayor: seguir viviendo, cuando le hab\u00edan dado apenas seis meses de vida.<\/p>\n\n\n\n<blockquote class=\"wp-block-quote is-layout-flow wp-block-quote-is-layout-flow\">\n<p>Salir del hospital, explic\u00f3, fue como volver a nacer. Aprender a hablar, a comer y a relacionarse con un mundo que ya no estaba adaptado para \u00e9l implic\u00f3 enfrentar barreras f\u00edsicas y sociales. \u201cSi el mundo no est\u00e1 adaptado para m\u00ed, yo me voy a adaptar a \u00e9l\u201d, dijo, narrando c\u00f3mo transform\u00f3 su casa, su movilidad y su entorno para recuperar autonom\u00eda.<\/p>\n<\/blockquote>\n\n\n\n<figure class=\"wp-block-embed is-type-video is-provider-youtube wp-block-embed-youtube wp-embed-aspect-16-9 wp-has-aspect-ratio\"><div class=\"wp-block-embed__wrapper\">\n<iframe loading=\"lazy\" title=\"Luis Eduardo Hinojosa: reinventarse para vivir, m\u00e1s all\u00e1 de las barreras\" width=\"500\" height=\"281\" src=\"https:\/\/www.youtube.com\/embed\/x_L_hyG3vhE?feature=oembed\" frameborder=\"0\" allow=\"accelerometer; autoplay; clipboard-write; encrypted-media; gyroscope; picture-in-picture; web-share\" referrerpolicy=\"strict-origin-when-cross-origin\" allowfullscreen><\/iframe>\n<\/div><\/figure>\n\n\n\n<p>Con el tiempo, Hinojosa encontr\u00f3 en la tecnolog\u00eda una aliada. La virtualidad le permiti\u00f3 terminar el colegio, ingresar a la universidad y estudiar publicidad y marketing. Manejar una tablet con un l\u00e1piz en la boca se convirti\u00f3 en su forma de estudiar, trabajar y emprender. <\/p>\n\n\n\n<blockquote class=\"wp-block-quote is-layout-flow wp-block-quote-is-layout-flow\">\n<p>\u201cNo es que una persona con discapacidad no pueda hacer algo, es que tiene que aprender a hacerlo nuevamente\u201d, afirm\u00f3, desmontando prejuicios profundamente arraigados.<\/p>\n<\/blockquote>\n\n\n\n<p>Su mensaje trascendi\u00f3 la historia personal para convertirse en una reflexi\u00f3n colectiva. \u201cNo elegimos las batallas que vamos a luchar, pero s\u00ed elegimos c\u00f3mo lucharlas\u201d, expres\u00f3, subrayando que su relato no trata sobre un accidente, sino sobre lo que viene despu\u00e9s. En ese sentido, dej\u00f3 una idea contundente: \u201cReinventarse no es una opci\u00f3n, es el puente que construimos para empezar a vivir de verdad\u201d.<\/p>\n\n\n\n<p>La ponencia de Hinojosa dialog\u00f3 con las dem\u00e1s charlas de TEDx Unifranz 2025, como la de Khalil Garc\u00eda-Tornel, que defendi\u00f3 la ciencia aplicada a la vida diaria; Valeria Rivero, que propuso soluciones energ\u00e9ticas frente a la crisis clim\u00e1tica; Sinchy D\u00edaz, enfocada en la divulgaci\u00f3n y el conocimiento pr\u00e1ctico; Rigo Bellot-Machi, que invit\u00f3 a reescribir la narrativa personal desde la neurociencia y el cine; y Nicole Guerrero, cuya intervenci\u00f3n aport\u00f3 una mirada complementaria sobre creatividad, conciencia y transformaci\u00f3n personal. Juntas, las voces coincidieron en un mensaje com\u00fan: el cambio comienza cuando se cuestionan los l\u00edmites impuestos.<\/p>\n\n\n\n<p>Al cerrar su intervenci\u00f3n, Hinojosa dej\u00f3 una invitaci\u00f3n clara y directa: mirar las barreras no como muros definitivos, sino como desaf\u00edos que pueden superarse. Porque, como qued\u00f3 claro en esta jornada de ideas, reinventarse no es el final del camino, sino el inicio de una nueva forma de vivir.<\/p>","protected":false},"excerpt":{"rendered":"<p>Una historia de resiliencia y superaci\u00f3n: Luis Eduardo Hinojosa habla sobre reinventarse tras la discapacidad en TEDx Unifranz.<\/p>","protected":false},"author":49,"featured_media":710697,"comment_status":"open","ping_status":"open","sticky":false,"template":"","format":"standard","meta":{"_acf_changed":false,"footnotes":""},"categories":[60],"tags":[8528,2168,1422,248,370,7746,4142,11678,8452,242],"class_list":["post-710691","post","type-post","status-publish","format-standard","has-post-thumbnail","hentry","category-blog","tag-adaptacion","tag-discapacidad","tag-innovacion-en-educacion","tag-internacionalizacion","tag-resiliencia","tag-superacion","tag-tedx-unifranz","tag-tedx-unifranz-2025","tag-transformando-vidas","tag-unifranz"],"acf":[],"_links":{"self":[{"href":"https:\/\/unifranz.edu.bo\/pt\/wp-json\/wp\/v2\/posts\/710691","targetHints":{"allow":["GET"]}}],"collection":[{"href":"https:\/\/unifranz.edu.bo\/pt\/wp-json\/wp\/v2\/posts"}],"about":[{"href":"https:\/\/unifranz.edu.bo\/pt\/wp-json\/wp\/v2\/types\/post"}],"author":[{"embeddable":true,"href":"https:\/\/unifranz.edu.bo\/pt\/wp-json\/wp\/v2\/users\/49"}],"replies":[{"embeddable":true,"href":"https:\/\/unifranz.edu.bo\/pt\/wp-json\/wp\/v2\/comments?post=710691"}],"version-history":[{"count":2,"href":"https:\/\/unifranz.edu.bo\/pt\/wp-json\/wp\/v2\/posts\/710691\/revisions"}],"predecessor-version":[{"id":710699,"href":"https:\/\/unifranz.edu.bo\/pt\/wp-json\/wp\/v2\/posts\/710691\/revisions\/710699"}],"wp:featuredmedia":[{"embeddable":true,"href":"https:\/\/unifranz.edu.bo\/pt\/wp-json\/wp\/v2\/media\/710697"}],"wp:attachment":[{"href":"https:\/\/unifranz.edu.bo\/pt\/wp-json\/wp\/v2\/media?parent=710691"}],"wp:term":[{"taxonomy":"category","embeddable":true,"href":"https:\/\/unifranz.edu.bo\/pt\/wp-json\/wp\/v2\/categories?post=710691"},{"taxonomy":"post_tag","embeddable":true,"href":"https:\/\/unifranz.edu.bo\/pt\/wp-json\/wp\/v2\/tags?post=710691"}],"curies":[{"name":"wp","href":"https:\/\/api.w.org\/{rel}","templated":true}]}}