{"id":710663,"date":"2025-12-21T23:41:38","date_gmt":"2025-12-22T03:41:38","guid":{"rendered":"https:\/\/unifranz.edu.bo\/?p=710663"},"modified":"2025-12-26T20:15:50","modified_gmt":"2025-12-27T00:15:50","slug":"senales-respiratorias-persistentes-advierten-riesgo-de-cancer-de-pulmon","status":"publish","type":"post","link":"https:\/\/unifranz.edu.bo\/pt\/blog\/senales-respiratorias-persistentes-advierten-riesgo-de-cancer-de-pulmon\/","title":{"rendered":"Se\u00f1ales respiratorias persistentes advierten riesgo de c\u00e1ncer de pulm\u00f3n"},"content":{"rendered":"<p>El c\u00e1ncer de pulm\u00f3n es una de las enfermedades oncol\u00f3gicas m\u00e1s frecuentes y mortales. La gravedad radica en que, en muchos casos, se detecta cuando ya se encuentra en fases avanzadas, lo que limita las opciones de tratamiento y reduce las probabilidades de supervivencia. Por esta raz\u00f3n, es fundamental conocer las se\u00f1ales de alerta y adoptar medidas de prevenci\u00f3n que permitan disminuir el riesgo y favorecer un diagn\u00f3stico oportuno.<\/p>\n\n\n\n<blockquote class=\"wp-block-quote is-layout-flow wp-block-quote-is-layout-flow\">\n<p>Laura Mar\u00edn, m\u00e9dico y docente de la carrera de Medicina en la Universidad Franz Tamayo, (Unifranz) sostiene que: \u201cEl c\u00e1ncer de pulm\u00f3n tiene una de las tasas de mortalidad m\u00e1s altas porque suele diagnosticarse en fases avanzadas, cuando el tratamiento ya no puede ser tan efectivo\u201d.<\/p>\n<\/blockquote>\n\n\n\n<p>Estudios y reportes de instituciones reconocidas, como Mayo Clinic y la American Cancer Society, corrobora que los s\u00edntomas suelen aparecer de forma gradual y pueden pasar desapercibidos en las primeras fases de la enfermedad, subrayando la importancia de la evaluaci\u00f3n m\u00e9dica temprana ante su persistencia.<\/p>\n\n\n\n<p>En sus etapas iniciales, el c\u00e1ncer de pulm\u00f3n puede desarrollarse sin provocar s\u00edntomas evidentes. Sin embargo, con el paso del tiempo comienzan a manifestarse se\u00f1ales que no deben pasarse por alto. Una de las m\u00e1s comunes es la tos persistente, especialmente cuando se prolonga durante semanas o cambia de intensidad y frecuencia. La expectoraci\u00f3n con sangre, aunque sea m\u00ednima, es un signo de alarma que requiere atenci\u00f3n m\u00e9dica inmediata.<\/p>\n\n\n\n<p>Tambi\u00e9n pueden presentarse dificultad para respirar, sensaci\u00f3n de falta de aire durante actividades habituales y dolor en el pecho, el cual suele intensificarse al toser, respirar profundamente o re\u00edr. La ronquera constante, as\u00ed como la aparici\u00f3n repetida de infecciones respiratorias como bronquitis o neumon\u00eda, pueden ser indicios de una alteraci\u00f3n pulmonar m\u00e1s seria.<\/p>\n\n\n\n<p>Existen adem\u00e1s s\u00edntomas generales que, si bien no son exclusivos del c\u00e1ncer de pulm\u00f3n, pueden asociarse a la enfermedad cuando se presentan de forma persistente. Entre ellos se encuentran la p\u00e9rdida de peso sin causa aparente, el cansancio extremo, la disminuci\u00f3n del apetito y el malestar general.&nbsp;<\/p>\n\n\n\n<p>En etapas m\u00e1s avanzadas, pueden aparecer dolores \u00f3seos, dolores de cabeza, mareos o debilidad, lo que puede indicar que el c\u00e1ncer se ha extendido a otras partes del cuerpo. Estos \u00faltimos s\u00edntomas son un indicio de met\u00e1stasis.&nbsp;<\/p>\n\n\n\n<p>El principal factor de riesgo para desarrollar c\u00e1ncer de pulm\u00f3n es el consumo de tabaco. Fumar cigarrillos, puros o pipa, as\u00ed como la exposici\u00f3n constante al humo de segunda mano, incrementa de manera significativa la probabilidad de padecer esta enfermedad.&nbsp;<\/p>\n\n\n\n<p>No obstante, tambi\u00e9n influyen otros factores, como la exposici\u00f3n prolongada a sustancias t\u00f3xicas \u2014entre ellas el asbesto y el rad\u00f3n\u2014, la contaminaci\u00f3n ambiental, los antecedentes familiares y ciertas enfermedades pulmonares cr\u00f3nicas.<\/p>\n\n\n\n<blockquote class=\"wp-block-quote is-layout-flow wp-block-quote-is-layout-flow\">\n<p>\u201cLos pulmones son \u00f3rganos silenciosos: no duelen, y muchas veces no dan se\u00f1ales hasta que el da\u00f1o ya es avanzado. Por eso es fundamental no esperar a tener s\u00edntomas graves para consultar con un m\u00e9dico\u201d, destaca Mar\u00edn.<\/p>\n<\/blockquote>\n\n\n\n<p>La prevenci\u00f3n del c\u00e1ncer de pulm\u00f3n se centra, sobre todo, en reducir estos factores de riesgo. La acci\u00f3n m\u00e1s eficaz es no fumar o abandonar el h\u00e1bito tab\u00e1quico. Dejar de fumar, incluso despu\u00e9s de muchos a\u00f1os, reduce de forma progresiva el riesgo y mejora notablemente la salud respiratoria. Asimismo, es importante evitar ambientes con humo de tabaco y protegerse adecuadamente en lugares de trabajo donde exista exposici\u00f3n a sustancias nocivas.<\/p>\n\n\n\n<p>Los avances recientes en la prevenci\u00f3n del c\u00e1ncer de pulm\u00f3n se centran principalmente en la detecci\u00f3n temprana. El uso de tomograf\u00eda computarizada (TAC) de baja dosis en personas con alto riesgo ha demostrado ser una herramienta eficaz para identificar la enfermedad en fases iniciales. Estudios como el ensayo NELSON han evidenciado que este tipo de cribado (proceso de pruebas) puede reducir la mortalidad hasta en un 24%, mejorando de forma significativa el pron\u00f3stico de los pacientes.<\/p>\n\n\n\n<p>Tambi\u00e9n, se han fortalecido los programas de cesaci\u00f3n tab\u00e1quica (dejar de fumar), incorporando herramientas digitales que facilitan el abandono del tabaco. De manera complementaria, la investigaci\u00f3n en biomarcadores gen\u00e9ticos y la prevenci\u00f3n de exposiciones nocivas, como el rad\u00f3n, forman parte de un enfoque integral que busca disminuir la incidencia del c\u00e1ncer de pulm\u00f3n mediante estrategias personalizadas y preventivas a largo<\/p>\n\n\n\n<p>Adem\u00e1s, un estilo de vida saludable es clave en la prevenci\u00f3n. Mantener una alimentaci\u00f3n equilibrada, rica en frutas y verduras, realizar actividad f\u00edsica de manera regular y conservar un peso adecuado contribuyen al fortalecimiento del organismo.&nbsp;<\/p>\n\n\n\n<p>Las revisiones m\u00e9dicas peri\u00f3dicas son esenciales, especialmente en personas con mayor riesgo. En determinados casos, los estudios de detecci\u00f3n temprana, como la tomograf\u00eda computarizada de baja dosis, pueden ayudar a identificar la enfermedad en fases iniciales.<\/p>\n\n\n\n<p>El c\u00e1ncer de pulm\u00f3n es una enfermedad grave, pero en muchos casos puede prevenirse. Reconocer a tiempo las se\u00f1ales de alerta y adoptar medidas preventivas adecuadas permite reducir el riesgo y aumentar las posibilidades de un tratamiento exitoso. La informaci\u00f3n, la prevenci\u00f3n y la atenci\u00f3n m\u00e9dica oportuna son herramientas clave para cuidar la salud pulmonar y mejorar la calidad de vida.<\/p>","protected":false},"excerpt":{"rendered":"<p>El c\u00e1ncer de pulm\u00f3n es una de las principales causas de muerte oncol\u00f3gica, debido a su diagn\u00f3stico tard\u00edo. Reconocer s\u00edntomas, reducir factores de riesgo como el tabaquismo y apostar por la detecci\u00f3n temprana puede salvar vidas.<\/p>","protected":false},"author":51,"featured_media":710664,"comment_status":"open","ping_status":"open","sticky":false,"template":"","format":"standard","meta":{"_acf_changed":false,"footnotes":""},"categories":[60],"tags":[266,11030,10137,1422,49,3998,124,10758,242],"class_list":["post-710663","post","type-post","status-publish","format-standard","has-post-thumbnail","hentry","category-blog","tag-bolivia","tag-cancer-2","tag-cancer-en-los-pulmones","tag-innovacion-en-educacion","tag-medicina","tag-pulmones","tag-salud","tag-tabaquismo","tag-unifranz"],"acf":[],"_links":{"self":[{"href":"https:\/\/unifranz.edu.bo\/pt\/wp-json\/wp\/v2\/posts\/710663","targetHints":{"allow":["GET"]}}],"collection":[{"href":"https:\/\/unifranz.edu.bo\/pt\/wp-json\/wp\/v2\/posts"}],"about":[{"href":"https:\/\/unifranz.edu.bo\/pt\/wp-json\/wp\/v2\/types\/post"}],"author":[{"embeddable":true,"href":"https:\/\/unifranz.edu.bo\/pt\/wp-json\/wp\/v2\/users\/51"}],"replies":[{"embeddable":true,"href":"https:\/\/unifranz.edu.bo\/pt\/wp-json\/wp\/v2\/comments?post=710663"}],"version-history":[{"count":2,"href":"https:\/\/unifranz.edu.bo\/pt\/wp-json\/wp\/v2\/posts\/710663\/revisions"}],"predecessor-version":[{"id":710742,"href":"https:\/\/unifranz.edu.bo\/pt\/wp-json\/wp\/v2\/posts\/710663\/revisions\/710742"}],"wp:featuredmedia":[{"embeddable":true,"href":"https:\/\/unifranz.edu.bo\/pt\/wp-json\/wp\/v2\/media\/710664"}],"wp:attachment":[{"href":"https:\/\/unifranz.edu.bo\/pt\/wp-json\/wp\/v2\/media?parent=710663"}],"wp:term":[{"taxonomy":"category","embeddable":true,"href":"https:\/\/unifranz.edu.bo\/pt\/wp-json\/wp\/v2\/categories?post=710663"},{"taxonomy":"post_tag","embeddable":true,"href":"https:\/\/unifranz.edu.bo\/pt\/wp-json\/wp\/v2\/tags?post=710663"}],"curies":[{"name":"wp","href":"https:\/\/api.w.org\/{rel}","templated":true}]}}