{"id":710621,"date":"2025-12-21T18:09:51","date_gmt":"2025-12-21T22:09:51","guid":{"rendered":"https:\/\/unifranz.edu.bo\/?p=710621"},"modified":"2025-12-21T22:04:51","modified_gmt":"2025-12-22T02:04:51","slug":"%f0%9d%91%af%f0%9d%92%8a%f0%9d%92%94%f0%9d%92%95%f0%9d%92%90%f0%9d%92%93%f0%9d%92%8a%f0%9d%92%82%f0%9d%92%94-%f0%9d%90%83o%f0%9d%90%a7%f0%9d%90%9d%f0%9d%90%9e-%f0%9d%90%9e%f0%9d%90%ac","status":"publish","type":"post","link":"https:\/\/unifranz.edu.bo\/pt\/blog\/%f0%9d%91%af%f0%9d%92%8a%f0%9d%92%94%f0%9d%92%95%f0%9d%92%90%f0%9d%92%93%f0%9d%92%8a%f0%9d%92%82%f0%9d%92%94-%f0%9d%90%83o%f0%9d%90%a7%f0%9d%90%9d%f0%9d%90%9e-%f0%9d%90%9e%f0%9d%90%ac\/","title":{"rendered":"Estudiantes de Unifranz crean la aplicaci\u00f3n \u00abMaypi\u00bb para encontrar personas desaparecidas"},"content":{"rendered":"<figure class=\"wp-block-image aligncenter size-large\"><img loading=\"lazy\" decoding=\"async\" width=\"1024\" height=\"536\" src=\"https:\/\/unifranz.edu.bo\/wp-content\/uploads\/2025\/12\/3-1-1024x536.jpg\" alt=\"\" class=\"wp-image-710632\" srcset=\"https:\/\/unifranz.edu.bo\/wp-content\/uploads\/2025\/12\/3-1-1024x536.jpg 1024w, https:\/\/unifranz.edu.bo\/wp-content\/uploads\/2025\/12\/3-1-300x157.jpg 300w, https:\/\/unifranz.edu.bo\/wp-content\/uploads\/2025\/12\/3-1-768x402.jpg 768w, https:\/\/unifranz.edu.bo\/wp-content\/uploads\/2025\/12\/3-1-1536x804.jpg 1536w, https:\/\/unifranz.edu.bo\/wp-content\/uploads\/2025\/12\/3-1-2048x1072.jpg 2048w, https:\/\/unifranz.edu.bo\/wp-content\/uploads\/2025\/12\/3-1-18x9.jpg 18w\" sizes=\"auto, (max-width: 1024px) 100vw, 1024px\" \/><figcaption class=\"wp-element-caption\"><em>Catherine Athina Limachi Gumiel, una de las creadoras de la App para encontrar personas desaparecidas.<\/em><\/figcaption><\/figure>\n\n\n\n<p class=\"has-text-align-center\"><em>\ud835\ude0a\ud835\ude33\ud835\ude26\ud835\ude22\ud835\ude33\ud835\ude30\ud835\ude2f \u00ab\ud835\ude14\ud835\ude22\ud835\ude3a\ud835\ude31\ud835\ude2a\u00bb, \ud835\ude36\ud835\ude2f\ud835\ude22 \ud835\ude08\ud835\ude31\ud835\ude2d\ud835\ude2a\ud835\ude24\ud835\ude22\ud835\ude24\ud835\ude2a\u00f3\ud835\ude2f \ud835\ude32\ud835\ude36\ud835\ude26 \ud835\ude2f\ud835\ude30 \ud835\ude34\ud835\ude30\ud835\ude2d\ud835\ude30 \ud835\ude31\ud835\ude33\ud835\ude26\ud835\ude28\ud835\ude36\ud835\ude2f\ud835\ude35\ud835\ude22 \ud835\ude25\u00f3\ud835\ude2f\ud835\ude25\ud835\ude26 \ud835\ude26\ud835\ude34\ud835\ude35\ud835\ude22\u0301\ud835\ude2f \ud835\ude2d\ud835\ude22\ud835\ude34 \ud835\ude31\ud835\ude26\ud835\ude33\ud835\ude34\ud835\ude30\ud835\ude2f\ud835\ude22\ud835\ude34 \ud835\ude25\ud835\ude26\ud835\ude34\ud835\ude22\ud835\ude31\ud835\ude22\ud835\ude33\ud835\ude26\ud835\ude24\ud835\ude2a\ud835\ude25\ud835\ude22\ud835\ude34, \ud835\ude34\ud835\ude2a\ud835\ude2f\ud835\ude30 \ud835\ude32\ud835\ude36\ud835\ude26 \ud835\ude23\ud835\ude36\ud835\ude34\ud835\ude24\ud835\ude22 \ud835\ude22\ud835\ude24\ud835\ude35\ud835\ude2a\ud835\ude37\ud835\ude22\ud835\ude2e\ud835\ude26\ud835\ude2f\ud835\ude35\ud835\ude26 \ud835\ude26\ud835\ude37\ud835\ude2a\ud835\ude35\ud835\ude22\ud835\ude33 \ud835\ude32\ud835\ude36\ud835\ude26 \ud835\ude2e\u00e1\ud835\ude34 \ud835\ude2e\ud835\ude36\ud835\ude2b\ud835\ude26\ud835\ude33\ud835\ude26\ud835\ude34 \ud835\ude34\ud835\ude26 \ud835\ude34\ud835\ude36\ud835\ude2e\ud835\ude26\ud835\ude2f \ud835\ude22 \ud835\ude26\ud835\ude34\ud835\ude22 \ud835\ude2d\ud835\ude2a\ud835\ude34\ud835\ude35\ud835\ude22 \ud835\ude25\ud835\ude26\ud835\ude34\ud835\ude28\ud835\ude22\ud835\ude33\ud835\ude33\ud835\ude22\ud835\ude25\ud835\ude30\ud835\ude33\ud835\ude22.<\/em><\/p>\n\n\n\n<p>Hay dolores que no deber\u00edan existir. Como el de una madre buscando a su hija en cada esquina, preguntando a desconocidos si la vieron, publicando fotos en redes sociales o pegando afiches en los postes con manos temblorosas. Como el de una familia que no sabe si esa jovencita que sali\u00f3 a la tienda volver\u00e1 alguna vez. Como el de miles de \ud835\udc29\ud835\udc1e\ud835\udc2b\ud835\udc2c\ud835\udc28\ud835\udc27\ud835\udc1a\ud835\udc2c \ud835\udc1d\ud835\udc1e\ud835\udc2c\ud835\udc1a\ud835\udc29\ud835\udc1a\ud835\udc2b\ud835\udc1e\ud835\udc1c\ud835\udc22\ud835\udc1d\ud835\udc1a\ud835\udc2c \ud835\udc1e\ud835\udc27 \ud835\udc01\ud835\udc28\ud835\udc25\ud835\udc22\ud835\udc2f\ud835\udc22\ud835\udc1a, tragadas por la oscuridad de la trata y el tr\u00e1fico, convertidas en estad\u00edsticas que nadie puede olvidar, pero que pocos logran prevenir.<\/p>\n\n\n\n<p>\ud835\udc02\ud835\udc1a\ud835\udc2d\ud835\udc21\ud835\udc1e\ud835\udc2b\ud835\udc22\ud835\udc27\ud835\udc1e \ud835\udc00\ud835\udc2d\ud835\udc21\ud835\udc22\ud835\udc27\ud835\udc1a \ud835\udc0b\ud835\udc22\ud835\udc26\ud835\udc1a\ud835\udc1c\ud835\udc21\ud835\udc22 \ud835\udc06\ud835\udc2e\ud835\udc26\ud835\udc22\ud835\udc1e\ud835\udc25, \ud835\udc1e\ud835\udc2c\ud835\udc2d\ud835\udc2e\ud835\udc1d\ud835\udc22\ud835\udc1a\ud835\udc27\ud835\udc2d\ud835\udc1e \ud835\udc1d\ud835\udc1e \ud835\udc03\ud835\udc1e\ud835\udc2b\ud835\udc1e\ud835\udc1c\ud835\udc21\ud835\udc28 \ud835\udc1e\ud835\udc27 \ud835\udc14\ud835\udc27\ud835\udc22\ud835\udc1f\ud835\udc2b\ud835\udc1a\ud835\udc27\ud835\udc33 \ud835\udc02\ud835\udc28\ud835\udc1c\ud835\udc21\ud835\udc1a\ud835\udc1b\ud835\udc1a\ud835\udc26\ud835\udc1b\ud835\udc1a, decidi\u00f3 que no pod\u00eda quedarse de brazos cruzados ante esa realidad. Y junto a su equipo, estudiantes de otras carreras de la misma universidad, cre\u00f3 \ud835\udc0c\ud835\udc1a\ud835\udc32\ud835\udc29\ud835\udc22 \u2014que en quechua significa \u00ab\u00bf\ud835\udc1d\u00f3\ud835\udc27\ud835\udc1d\ud835\udc1e?\u00bb\u2014, una Aplicaci\u00f3n que no solo pregunta d\u00f3nde est\u00e1n las desaparecidas, sino que busca activamente evitar que m\u00e1s mujeres se sumen a esa lista desgarradora.<\/p>\n\n\n\n<figure class=\"wp-block-pullquote\"><blockquote><p>\ud835\udc03\ud835\udc1e\ud835\udc2c\ud835\udc1d\ud835\udc1e \ud835\udfd0\ud835\udfce\ud835\udfd0\ud835\udfd1, \ud835\udc01\ud835\udc28\ud835\udc25\ud835\udc22\ud835\udc2f\ud835\udc22\ud835\udc1a enfrenta un aumento alarmante de desapariciones vinculadas a trata de personas. Ese a\u00f1o, la Polic\u00eda registr\u00f3 3.409 denuncias de personas desaparecidas, de las cuales 556 son casos confirmados de trata y tr\u00e1fico. Jovencitas que salen de sus casas y nunca regresan. Familias destrozadas buscando respuestas en un sistema que casi siempre llega tarde. Catherine lo entendi\u00f3 con claridad: \ud835\udc25\ud835\udc1a \ud835\udc29\ud835\udc2b\ud835\udc1e\ud835\udc2f\ud835\udc1e\ud835\udc27\ud835\udc1c\ud835\udc22\u00f3\ud835\udc27 \ud835\udc1e\ud835\udc2c \ud835\udc2d\ud835\udc1a\ud835\udc27 \ud835\udc2e\ud835\udc2b\ud835\udc20\ud835\udc1e\ud835\udc27\ud835\udc2d\ud835\udc1e \ud835\udc1c\ud835\udc28\ud835\udc26\ud835\udc28 \ud835\udc1e\ud835\udc25 \ud835\udc2b\ud835\udc1e\ud835\udc2c\ud835\udc1c\ud835\udc1a\ud835\udc2d\ud835\udc1e.<\/p><\/blockquote><\/figure>\n\n\n\n<figure class=\"wp-block-image aligncenter size-large\"><img loading=\"lazy\" decoding=\"async\" width=\"1024\" height=\"838\" src=\"https:\/\/unifranz.edu.bo\/wp-content\/uploads\/2025\/12\/2-1024x838.png\" alt=\"\" class=\"wp-image-710623\" srcset=\"https:\/\/unifranz.edu.bo\/wp-content\/uploads\/2025\/12\/2-1024x838.png 1024w, https:\/\/unifranz.edu.bo\/wp-content\/uploads\/2025\/12\/2-300x246.png 300w, https:\/\/unifranz.edu.bo\/wp-content\/uploads\/2025\/12\/2-768x629.png 768w, https:\/\/unifranz.edu.bo\/wp-content\/uploads\/2025\/12\/2-15x12.png 15w, https:\/\/unifranz.edu.bo\/wp-content\/uploads\/2025\/12\/2.png 1036w\" sizes=\"auto, (max-width: 1024px) 100vw, 1024px\" \/><figcaption class=\"wp-element-caption\">#image_title<\/figcaption><\/figure>\n\n\n\n<p>La Divisi\u00f3n Trata y Tr\u00e1fico de la Polic\u00eda mantiene la b\u00fasqueda abierta de cientos de casos de personas desaparecidas, con 777 avisos vigentes en todo el pa\u00eds. La mayor\u00eda de esos casos se concentran en Santa Cruz con 556, seguido por La Paz con 101 y Cochabamba con 54, entre otros departamentos.<\/p>\n\n\n\n<div class=\"wp-block-group is-layout-constrained wp-block-group-is-layout-constrained\">\n<p><strong>\ud835\udc04\ud835\udc25 \ud835\udc1c\u00f3\ud835\udc1d\ud835\udc22\ud835\udc20\ud835\udc28 \ud835\udc1d\ud835\udc1e \ud835\udc25\ud835\udc1a \ud835\udc1e\ud835\udc26\ud835\udc29\ud835\udc1a\ud835\udc2d\u00ed\ud835\udc1a<\/strong><\/p>\n<\/div>\n\n\n\n<p>\ud835\udc0c\ud835\udc1a\ud835\udc32\ud835\udc29\ud835\udc22 es m\u00e1s que tecnolog\u00eda. Es empat\u00eda convertida en c\u00f3digo. Una Aplicaci\u00f3n que ofrece informaci\u00f3n inmediata sobre c\u00f3mo denunciar, un muro colaborativo donde se publican datos de personas desaparecidas \u2014qu\u00e9 vest\u00edan, d\u00f3nde fueron vistas por \u00faltima vez, cu\u00e1ndo ocurri\u00f3\u2014 y herramientas para activar alertas r\u00e1pidas que puedan salvar vidas antes de que sea demasiado tarde.<\/p>\n\n\n\n<p>\u00ab\ud835\ude1b\ud835\ude26 \ud835\ude31\ud835\ude30\ud835\ude2f\ud835\ude26\ud835\ude34 \ud835\ude26\ud835\ude2f \ud835\ude2d\ud835\ude30\ud835\ude34 \ud835\ude3b\ud835\ude22\ud835\ude31\ud835\ude22\ud835\ude35\ud835\ude30\ud835\ude34 \ud835\ude25\ud835\ude26 \ud835\ude26\ud835\ude34\ud835\ude22 \ud835\ude31\ud835\ude26\ud835\ude33\ud835\ude34\ud835\ude30\ud835\ude2f\ud835\ude22\u00bb, dice Catherine con una voz que mezcla determinaci\u00f3n y ternura, \u00ab\ud835\ude3a \ud835\ude35\ud835\ude26 \ud835\ude31\ud835\ude33\ud835\ude26\ud835\ude28\ud835\ude36\ud835\ude2f\ud835\ude35\ud835\ude22\ud835\ude34: \u00bf\ud835\ude24\u00f3\ud835\ude2e\ud835\ude30 \ud835\ude26\ud835\ude34\ud835\ude35\ud835\ude22\ud835\ude33\u00ed\ud835\ude22 \ud835\ude31\ud835\ude22\ud835\ude34\u00e1\ud835\ude2f\ud835\ude25\ud835\ude30\ud835\ude2d\ud835\ude22? \u00bf\ud835\ude18\ud835\ude36\u00e9 \ud835\ude26\ud835\ude34\ud835\ude35\ud835\ude22\ud835\ude33\u00e1\ud835\ude2f \ud835\ude34\ud835\ude2a\ud835\ude2f\ud835\ude35\ud835\ude2a\ud835\ude26\ud835\ude2f\ud835\ude25\ud835\ude30 \ud835\ude34\ud835\ude36\ud835\ude34 \ud835\ude27\ud835\ude22\ud835\ude2e\ud835\ude2a\ud835\ude2d\ud835\ude2a\ud835\ude22\ud835\ude34? \ud835\ude20 \ud835\ude22\ud835\ude2d \ud835\ude31\ud835\ude30\ud835\ude2f\ud835\ude26\ud835\ude33\ud835\ude35\ud835\ude26 \ud835\ude26\ud835\ude2f \ud835\ude34\ud835\ude36 \ud835\ude2d\ud835\ude36\ud835\ude28\ud835\ude22\ud835\ude33, \ud835\ude35\ud835\ude26 \ud835\ude26\ud835\ude2f\ud835\ude35\ud835\ude33\ud835\ude22 \ud835\ude26\ud835\ude34\ud835\ude26 \ud835\ude34\ud835\ude26\ud835\ude2f\ud835\ude35\ud835\ude2a\ud835\ude2e\ud835\ude2a\ud835\ude26\ud835\ude2f\ud835\ude35\ud835\ude30 \ud835\ude25\ud835\ude26 \ud835\ude32\ud835\ude36\ud835\ude26\ud835\ude33\ud835\ude26\ud835\ude33 \ud835\ude22\ud835\ude3a\ud835\ude36\ud835\ude25\ud835\ude22\ud835\ude33\u00bb.<\/p>\n\n\n\n<p>El proyecto enfrent\u00f3 contratiempos. Las autoridades nacionales que deb\u00edan implementarlo no contaban con la tecnolog\u00eda necesaria. Aparte, los tr\u00e1mites que demanda el aparato p\u00fablico ampl\u00eda la demora. Pero Catherine no se rindi\u00f3. Pr\u00f3ximamente presentar\u00e1 \ud835\udc0c\ud835\udc1a\ud835\udc32\ud835\udc29\ud835\udc22 ante la \ud835\udc12\ud835\udc1e\ud835\udc1c\ud835\udc2b\ud835\udc1e\ud835\udc2d\ud835\udc1a\ud835\udc2b\u00ed\ud835\udc1a \ud835\udc1d\ud835\udc1e \ud835\udc03\ud835\udc1e\ud835\udc2c\ud835\udc1a\ud835\udc2b\ud835\udc2b\ud835\udc28\ud835\udc25\ud835\udc25\ud835\udc28 \ud835\udc07\ud835\udc2e\ud835\udc26\ud835\udc1a\ud835\udc27\ud835\udc28 \ud835\udc1d\ud835\udc1e \ud835\udc25\ud835\udc1a \ud835\udc00\ud835\udc25\ud835\udc1c\ud835\udc1a\ud835\udc25\ud835\udc1d\u00ed\ud835\udc1a \ud835\udc1d\ud835\udc1e \ud835\udc02\ud835\udc28\ud835\udc1c\ud835\udc21\ud835\udc1a\ud835\udc1b\ud835\udc1a\ud835\udc26\ud835\udc1b\ud835\udc1a y tambi\u00e9n ante autoridades policiales nacionales, buscando aliados que entiendan que salvar vidas no puede esperar a que la burocracia se ponga al d\u00eda.<\/p>\n\n\n\n<p>\ud835\udc05\ud835\udc22\ud835\udc25\ud835\udc28\ud835\udc2c\ud835\udc28\ud835\udc1f\u00ed\ud835\udc1a \ud835\udc29\ud835\udc2b\u00e1\ud835\udc1c\ud835\udc2d\ud835\udc22\ud835\udc1c\ud835\udc1a<\/p>\n\n\n\n<p>Esto es lo que significa \u00ab\ud835\udc1a\ud835\udc29\ud835\udc2b\ud835\udc1e\ud835\udc27\ud835\udc1d\ud835\udc1e\ud835\udc2b \ud835\udc21\ud835\udc1a\ud835\udc1c\ud835\udc22\ud835\udc1e\ud835\udc27\ud835\udc1d\ud835\udc28\u00bb en \ud835\udc14\ud835\udc27\ud835\udc22\ud835\udc1f\ud835\udc2b\ud835\udc1a\ud835\udc27\ud835\udc33: no quedarse en la teor\u00eda del C\u00f3digo Penal, sino convertir el derecho en acci\u00f3n. No memorizar art\u00edculos sobre trata de personas, sino crear herramientas reales que protejan a las vulnerables. No esperar a graduarse para transformar vidas, sino empezar desde el aula.<\/p>\n\n\n\n<p>Catherine busca prevenir el horror, predecir los factores que llevan a la trata, activar denuncias m\u00e1s r\u00e1pidas, ofrecer apoyo psicol\u00f3gico y legal a las v\u00edctimas y sus familias. Busca que cada denuncia ciudadana \u2014ese momento en que alguien ve algo irregular\u2014 se convierta en una oportunidad de rescate antes de la tragedia.<\/p>\n\n\n\n<ul class=\"wp-block-list\">\n<li>Seg\u00fan datos de la Divisi\u00f3n de Trata y Tr\u00e1fico de la FELCC y la Fiscal\u00eda General del Estado, el sector m\u00e1s vulnerable sigue siendo el de las mujeres j\u00f3venes y adolescentes. Se estima que aproximadamente el 70% de las v\u00edctimas reportadas son mujeres, muchas de ellas captadas a trav\u00e9s de redes sociales bajo falsas ofertas de empleo.<\/li>\n<\/ul>\n\n\n\n<p>\ud835\udc0c\ud835\udc1a\ud835\udc32\ud835\udc29\ud835\udc22 \ud835\udc29\ud835\udc2b\ud835\udc1e\ud835\udc20\ud835\udc2e\ud835\udc27\ud835\udc2d\ud835\udc1a \u00ab\u00bf\ud835\udc1d\u00f3\ud835\udc27\ud835\udc1d\ud835\udc1e?\u00bb, \ud835\udc29\ud835\udc1e\ud835\udc2b\ud835\udc28 \ud835\udc28\ud835\udc1f\ud835\udc2b\ud835\udc1e\ud835\udc1c\ud835\udc1e \ud835\udc2b\ud835\udc1e\ud835\udc2c\ud835\udc29\ud835\udc2e\ud835\udc1e\ud835\udc2c\ud835\udc2d\ud835\udc1a\ud835\udc2c. Pregunta d\u00f3nde qued\u00f3 la persona en el \u00faltimo momento que fue vista, pero tambi\u00e9n pregunta d\u00f3nde est\u00e1n las autoridades, d\u00f3nde est\u00e1 la sociedad, d\u00f3nde est\u00e1 nuestra responsabilidad colectiva de cuidarnos unos a otros.<\/p>\n\n\n\n<p>Esta es la calidad acad\u00e9mica que transforma vidas. Esta es la educaci\u00f3n que no se conforma con diplomas, sino que busca dignidad. \ud835\udc04\ud835\udc2c\ud835\udc2d\ud835\udc1a \ud835\udc1e\ud835\udc2c \ud835\udc14\ud835\udc27\ud835\udc22\ud835\udc1f\ud835\udc2b\ud835\udc1a\ud835\udc27\ud835\udc33: donde una estudiante de Derecho se convierte en guardiana de las desaparecidas, donde la tecnolog\u00eda abraza la empat\u00eda, donde la esperanza tiene nombre propio.<\/p>\n\n\n\n<p>Para \ud835\udc0c\ud835\udc1a\ud835\udc32\ud835\udc29\ud835\udc22, cada vida importa. Porque cada desaparici\u00f3n duele. Porque todav\u00eda hay j\u00f3venes que creen que el mundo puede ser mejor, y se atreven a construirlo desde el primer d\u00eda.<\/p>\n\n\n\n\n\n<p><\/p>","protected":false},"excerpt":{"rendered":"<p>\ud835\ude0a\ud835\ude33\ud835\ude26\ud835\ude22\ud835\ude33\ud835\ude30\ud835\ude2f \u00ab\ud835\ude14\ud835\ude22\ud835\ude3a\ud835\ude31\ud835\ude2a\u00bb, \ud835\ude36\ud835\ude2f\ud835\ude22 \ud835\ude08\ud835\ude31\ud835\ude2d\ud835\ude2a\ud835\ude24\ud835\ude22\ud835\ude24\ud835\ude2a\u00f3\ud835\ude2f \ud835\ude32\ud835\ude36\ud835\ude26 \ud835\ude2f\ud835\ude30 \ud835\ude34\ud835\ude30\ud835\ude2d\ud835\ude30 \ud835\ude31\ud835\ude33\ud835\ude26\ud835\ude28\ud835\ude36\ud835\ude2f\ud835\ude35\ud835\ude22 \ud835\ude25\u00f3\ud835\ude2f\ud835\ude25\ud835\ude26 \ud835\ude26\ud835\ude34\ud835\ude35\ud835\ude22\u0301\ud835\ude2f \ud835\ude2d\ud835\ude22\ud835\ude34 \ud835\ude31\ud835\ude26\ud835\ude33\ud835\ude34\ud835\ude30\ud835\ude2f\ud835\ude22\ud835\ude34 \ud835\ude25\ud835\ude26\ud835\ude34\ud835\ude22\ud835\ude31\ud835\ude22\ud835\ude33\ud835\ude26\ud835\ude24\ud835\ude2a\ud835\ude25\ud835\ude22\ud835\ude34, \ud835\ude34\ud835\ude2a\ud835\ude2f\ud835\ude30 \ud835\ude32\ud835\ude36\ud835\ude26 \ud835\ude23\ud835\ude36\ud835\ude34\ud835\ude24\ud835\ude22 \ud835\ude22\ud835\ude24\ud835\ude35\ud835\ude2a\ud835\ude37\ud835\ude22\ud835\ude2e\ud835\ude26\ud835\ude2f\ud835\ude35\ud835\ude26 \ud835\ude26\ud835\ude37\ud835\ude2a\ud835\ude35\ud835\ude22\ud835\ude33 \ud835\ude32\ud835\ude36\ud835\ude26 \ud835\ude2e\u00e1\ud835\ude34 \ud835\ude2e\ud835\ude36\ud835\ude2b\ud835\ude26\ud835\ude33\ud835\ude26\ud835\ude34 \ud835\ude34\ud835\ude26 \ud835\ude34\ud835\ude36\ud835\ude2e\ud835\ude26\ud835\ude2f \ud835\ude22 \ud835\ude26\ud835\ude34\ud835\ude22 \ud835\ude2d\ud835\ude2a\ud835\ude34\ud835\ude35\ud835\ude22 \ud835\ude25\ud835\ude26\ud835\ude34\ud835\ude28\ud835\ude22\ud835\ude33\ud835\ude33\ud835\ude22\ud835\ude25\ud835\ude30\ud835\ude33\ud835\ude22. Hay dolores que no deber\u00edan existir. Como el de una madre buscando a su hija en cada esquina, preguntando a desconocidos si la vieron, publicando fotos en redes &hellip; <a href=\"https:\/\/unifranz.edu.bo\/pt\/blog\/%f0%9d%91%af%f0%9d%92%8a%f0%9d%92%94%f0%9d%92%95%f0%9d%92%90%f0%9d%92%93%f0%9d%92%8a%f0%9d%92%82%f0%9d%92%94-%f0%9d%90%83o%f0%9d%90%a7%f0%9d%90%9d%f0%9d%90%9e-%f0%9d%90%9e%f0%9d%90%ac\/\">Continued<\/a><\/p>","protected":false},"author":54,"featured_media":710632,"comment_status":"open","ping_status":"open","sticky":false,"template":"","format":"standard","meta":{"_acf_changed":false,"footnotes":""},"categories":[60],"tags":[],"class_list":["post-710621","post","type-post","status-publish","format-standard","has-post-thumbnail","hentry","category-blog"],"acf":[],"_links":{"self":[{"href":"https:\/\/unifranz.edu.bo\/pt\/wp-json\/wp\/v2\/posts\/710621","targetHints":{"allow":["GET"]}}],"collection":[{"href":"https:\/\/unifranz.edu.bo\/pt\/wp-json\/wp\/v2\/posts"}],"about":[{"href":"https:\/\/unifranz.edu.bo\/pt\/wp-json\/wp\/v2\/types\/post"}],"author":[{"embeddable":true,"href":"https:\/\/unifranz.edu.bo\/pt\/wp-json\/wp\/v2\/users\/54"}],"replies":[{"embeddable":true,"href":"https:\/\/unifranz.edu.bo\/pt\/wp-json\/wp\/v2\/comments?post=710621"}],"version-history":[{"count":5,"href":"https:\/\/unifranz.edu.bo\/pt\/wp-json\/wp\/v2\/posts\/710621\/revisions"}],"predecessor-version":[{"id":710648,"href":"https:\/\/unifranz.edu.bo\/pt\/wp-json\/wp\/v2\/posts\/710621\/revisions\/710648"}],"wp:featuredmedia":[{"embeddable":true,"href":"https:\/\/unifranz.edu.bo\/pt\/wp-json\/wp\/v2\/media\/710632"}],"wp:attachment":[{"href":"https:\/\/unifranz.edu.bo\/pt\/wp-json\/wp\/v2\/media?parent=710621"}],"wp:term":[{"taxonomy":"category","embeddable":true,"href":"https:\/\/unifranz.edu.bo\/pt\/wp-json\/wp\/v2\/categories?post=710621"},{"taxonomy":"post_tag","embeddable":true,"href":"https:\/\/unifranz.edu.bo\/pt\/wp-json\/wp\/v2\/tags?post=710621"}],"curies":[{"name":"wp","href":"https:\/\/api.w.org\/{rel}","templated":true}]}}