{"id":710570,"date":"2025-12-18T16:12:59","date_gmt":"2025-12-18T20:12:59","guid":{"rendered":"https:\/\/unifranz.edu.bo\/?p=710570"},"modified":"2025-12-18T16:13:03","modified_gmt":"2025-12-18T20:13:03","slug":"qs-reafirma-el-compromiso-de-unifranz-con-la-mejora-continua","status":"publish","type":"post","link":"https:\/\/unifranz.edu.bo\/pt\/blog\/qs-reafirma-el-compromiso-de-unifranz-con-la-mejora-continua\/","title":{"rendered":"QS reafirma el compromiso de Unifranz con la mejora continua"},"content":{"rendered":"<p>\u00abQS no es un punto de llegada, sino un compromiso con la mejora continua\u00bb. Con esas palabras el vicerrector de Unifranz sede La Paz, Pedro S\u00e1enz, sintetiz\u00f3 la importancia de la certificaci\u00f3n que recibi\u00f3 la Universidad Privada Franz Tamayo.<\/p>\n\n\n\n<p>Una placa conmemorativa a este logro da la bienvenida a la sede de Unifranz en La Paz, como testigo de un nuevo hito en la educaci\u00f3n superior del pa\u00eds.<\/p>\n\n\n\n<blockquote class=\"wp-block-quote is-layout-flow wp-block-quote-is-layout-flow\">\n<p>\u00abEste no es un ranking coyuntural, sino una certificaci\u00f3n internacional que eval\u00faa m\u00faltiples dimensiones de calidad institucional y consolida a Unifranz en la conversaci\u00f3n global sobre educaci\u00f3n superior\u201d, explic\u00f3 el vicerrector S\u00e1enz.<\/p>\n<\/blockquote>\n\n\n\n<p>El posicionamiento de Unifranz en <em>QS Stars<\/em> confirma que cuando una universidad apuesta por la calidad con prop\u00f3sito, por la empleabilidad, la innovaci\u00f3n y el impacto social, los resultados trascienden el aula y contribuyen al desarrollo del pa\u00eds.<\/p>\n\n\n\n<p><strong>Estrellas de prestigio<\/strong><\/p>\n\n\n\n<p><em>QS Stars<\/em> otorg\u00f3 a Unifranz la m\u00e1s alta valoraci\u00f3n de cinco estrellas en empleabilidad, al comprobar que sus egresados cuentan con las competencias que demanda el mercado laboral en la actualidad.<\/p>\n\n\n\n<p>Asimismo, las calificaciones en gobernanza e infraestructura confirman que Unifranz cuenta con una gesti\u00f3n institucional moderna, transparente y orientada a la calidad.<\/p>\n\n\n\n<p>Respecto al impacto social, <em>QS Stars<\/em> reconoci\u00f3 a esta casa de estudios superiores por su impacto al formar profesionales que transforman su entorno, aspecto que demuestra que el aprendizaje no se queda en el aula.<\/p>\n\n\n\n<blockquote class=\"wp-block-quote is-layout-flow wp-block-quote-is-layout-flow\">\n<p>\u00abNo se trata s\u00f3lo de ense\u00f1ar contenidos, sino de formar personas cr\u00edticas, creativas y comprometidas con su desarrollo personal y profesional\u00bb, sostuvo la decana acad\u00e9mica de Unifranz La Paz, Eva Foronda.<\/p>\n<\/blockquote>\n\n\n\n<p><strong>La relevancia de innovar con un modelo educativo<\/strong><\/p>\n\n\n\n<p>La reciente certificaci\u00f3n de <em>QS Stars<\/em> a Unifranz significa que una evaluadora internacional reconoce a nuestra instituci\u00f3n como una universidad con est\u00e1ndares globales de calidad, al destacar su modelo educativo, la empleabilidad de sus egresados y su impacto social.<\/p>\n\n\n\n<p>El aval no es el posicionamiento en un ranking, sino una certificaci\u00f3n internacional que eval\u00faa m\u00faltiples dimensiones de calidad institucional.<\/p>\n\n\n\n<blockquote class=\"wp-block-quote is-layout-flow wp-block-quote-is-layout-flow\">\n<p>\u00abEl posicionamiento de Unifranz en QS Stars es un hito acad\u00e9mico que confirma la solidez de nuestro modelo educativo innovador y de su compromiso con una educaci\u00f3n de calidad, con impacto real y est\u00e1ndares globales\u00bb, manifest\u00f3 la decana acad\u00e9mica.<\/p>\n<\/blockquote>\n\n\n\n<p>El modelo educativo de Unifranz articula el saber, saber hacer y saber ser, en procura de la formaci\u00f3n de profesionales preparados para trabajar, emprender y generar valor desde el primer d\u00eda.<\/p>\n\n\n\n<p>La certificaci\u00f3n de <em>QS Stars<\/em> confirma que la formaci\u00f3n en Unifranz est\u00e1 conectada con el mundo real y que cada estrella otorgada por la consultora brit\u00e1nica representa y reafirma el valor de una educaci\u00f3n centrada en las personas, que ahora es reconocida a escala internacional.<\/p>","protected":false},"excerpt":{"rendered":"<p>\u00abQS no es un punto de llegada, sino un compromiso con la mejora continua\u00bb. Con esas palabras el vicerrector de Unifranz sede La Paz, Pedro S\u00e1enz, sintetiz\u00f3 la importancia de la certificaci\u00f3n que recibi\u00f3 la Universidad Privada Franz Tamayo. Una placa conmemorativa a este logro da la bienvenida a la sede de Unifranz en La &hellip; <a href=\"https:\/\/unifranz.edu.bo\/pt\/blog\/qs-reafirma-el-compromiso-de-unifranz-con-la-mejora-continua\/\">Continued<\/a><\/p>","protected":false},"author":45,"featured_media":710572,"comment_status":"open","ping_status":"open","sticky":false,"template":"","format":"standard","meta":{"_acf_changed":false,"footnotes":""},"categories":[60],"tags":[53,1422,41,11745,242],"class_list":["post-710570","post","type-post","status-publish","format-standard","has-post-thumbnail","hentry","category-blog","tag-educacion","tag-innovacion-en-educacion","tag-la-paz","tag-qs-stars","tag-unifranz"],"acf":[],"_links":{"self":[{"href":"https:\/\/unifranz.edu.bo\/pt\/wp-json\/wp\/v2\/posts\/710570","targetHints":{"allow":["GET"]}}],"collection":[{"href":"https:\/\/unifranz.edu.bo\/pt\/wp-json\/wp\/v2\/posts"}],"about":[{"href":"https:\/\/unifranz.edu.bo\/pt\/wp-json\/wp\/v2\/types\/post"}],"author":[{"embeddable":true,"href":"https:\/\/unifranz.edu.bo\/pt\/wp-json\/wp\/v2\/users\/45"}],"replies":[{"embeddable":true,"href":"https:\/\/unifranz.edu.bo\/pt\/wp-json\/wp\/v2\/comments?post=710570"}],"version-history":[{"count":1,"href":"https:\/\/unifranz.edu.bo\/pt\/wp-json\/wp\/v2\/posts\/710570\/revisions"}],"predecessor-version":[{"id":710573,"href":"https:\/\/unifranz.edu.bo\/pt\/wp-json\/wp\/v2\/posts\/710570\/revisions\/710573"}],"wp:featuredmedia":[{"embeddable":true,"href":"https:\/\/unifranz.edu.bo\/pt\/wp-json\/wp\/v2\/media\/710572"}],"wp:attachment":[{"href":"https:\/\/unifranz.edu.bo\/pt\/wp-json\/wp\/v2\/media?parent=710570"}],"wp:term":[{"taxonomy":"category","embeddable":true,"href":"https:\/\/unifranz.edu.bo\/pt\/wp-json\/wp\/v2\/categories?post=710570"},{"taxonomy":"post_tag","embeddable":true,"href":"https:\/\/unifranz.edu.bo\/pt\/wp-json\/wp\/v2\/tags?post=710570"}],"curies":[{"name":"wp","href":"https:\/\/api.w.org\/{rel}","templated":true}]}}