{"id":710529,"date":"2025-12-17T14:40:12","date_gmt":"2025-12-17T18:40:12","guid":{"rendered":"https:\/\/unifranz.edu.bo\/?p=710529"},"modified":"2025-12-18T10:32:00","modified_gmt":"2025-12-18T14:32:00","slug":"unifranz-el-alto-celebra-la-certificacion-internacional-qs","status":"publish","type":"post","link":"https:\/\/unifranz.edu.bo\/pt\/blog\/unifranz-el-alto-celebra-la-certificacion-internacional-qs\/","title":{"rendered":"Unifranz El Alto celebra ser parte del QS Stars y refuerza su modelo de formaci\u00f3n profesional"},"content":{"rendered":"<p>La <a href=\"https:\/\/unifranz.edu.bo\/\">Universidad Franz Tamayo, Unifranz<\/a>, alcanz\u00f3 un logro hist\u00f3rico en educaci\u00f3n superior con su posicionamiento en el sistema internacional de evaluaci\u00f3n <a href=\"https:\/\/www.topuniversities.com\/qs-stars\" target=\"_blank\" rel=\"noopener\">QS Stars<\/a>, una de las certificaciones m\u00e1s respetadas en calidad acad\u00e9mica a nivel mundial. Este reconocimiento valida la solidez del proyecto educativo de la instituci\u00f3n y su compromiso con la formaci\u00f3n de profesionales con impacto real en la sociedad y el mercado laboral.\u00a0<\/p>\n\n\n\n<p>QS Stars, un sistema de evaluaci\u00f3n independiente y riguroso, analiza de manera integral dimensiones clave del funcionamiento universitario \u2014como empleabilidad, impacto social, gobernanza, infraestructura y calidad acad\u00e9mica\u2014 m\u00e1s all\u00e1 de la reputaci\u00f3n.&nbsp;<\/p>\n\n\n\n<p>En este proceso, Unifranz obtuvo 5 estrellas en empleabilidad y 4 estrellas en impacto social, indicadores de la efectividad de su modelo educativo orientado a resultados reales.&nbsp;<\/p>\n\n\n\n<p>Desde el campus de Unifranz El Alto, la conmemoraci\u00f3n de este reconocimiento se vive como un momento de orgullo colectivo. La vicerrectora de la sede, Eve G\u00f3mez, destac\u00f3 la importancia de este posicionamiento.<\/p>\n\n\n\n<p>\u201cDesde El Alto, este reconocimiento adquiere un valor especial. Demuestra que es posible construir educaci\u00f3n de calidad, con visi\u00f3n internacional, desde territorios que apuestan por la transformaci\u00f3n, la innovaci\u00f3n y la inclusi\u00f3n\u201d, afirm\u00f3.<\/p>\n\n\n\n<p>Para la decana acad\u00e9mica, Katia Camacho, \u201cla certificaci\u00f3n internacional QS a Unifranz representa un hito acad\u00e9mico para nuestra universidad y para la educaci\u00f3n superior en Bolivia. Este reconocimiento valida un modelo educativo que apuesta por la calidad, la innovaci\u00f3n y la conexi\u00f3n permanente con el mundo real\u201d.<\/p>\n\n\n\n<p>El reconocimiento, adem\u00e1s de reforzar el valor del t\u00edtulo de los egresados, evidencia el nivel de preparaci\u00f3n de los estudiantes para integrarse al mundo laboral. En la evaluaci\u00f3n, QS Stars destaca la alta empleabilidad de quienes completan sus estudios en Unifranz, resultado de un modelo que articula saber, saber hacer y saber ser.&nbsp;<\/p>\n\n\n\n<p>Seg\u00fan un estudio realizado en 2024, el dato pa\u00eds dice que solo el 25% de los ya titulados logran conseguir trabajo, mientras que, en Unifranz El Alto, el 26% de reci\u00e9n graduados ya tiene trabajo antes de titularse.&nbsp;<\/p>\n\n\n\n<p>Como parte de la conmemoraci\u00f3n de este hito, la sede de Unifranz El Alto present\u00f3 una placa conmemorativa de la certificaci\u00f3n QS, un s\u00edmbolo que refleja el compromiso institucional con la excelencia acad\u00e9mica, la innovaci\u00f3n educativa y la calidad de la experiencia estudiantil.&nbsp;<\/p>\n\n\n\n<p>Este acto se suma a las celebraciones en las dem\u00e1s sedes de la universidad, donde se reconoci\u00f3 la participaci\u00f3n activa de estudiantes, docentes y personal administrativo en alcanzar este importante logro.<\/p>\n\n\n\n<p>La certificaci\u00f3n QS reafirma que la educaci\u00f3n en Unifranz no se limita a las aulas: se extiende hacia la transformaci\u00f3n social, la preparaci\u00f3n profesional y la construcci\u00f3n de soluciones para los retos contempor\u00e1neos. Con esta validaci\u00f3n internacional, Unifranz se consolida como parte de la conversaci\u00f3n global sobre educaci\u00f3n superior con prop\u00f3sito y calidad certificada.&nbsp;<\/p>","protected":false},"excerpt":{"rendered":"<p>La Universidad Franz Tamayo, Unifranz, alcanz\u00f3 un logro hist\u00f3rico en educaci\u00f3n superior con su posicionamiento en el sistema internacional de evaluaci\u00f3n QS Stars, una de las certificaciones m\u00e1s respetadas en calidad acad\u00e9mica a nivel mundial. Este reconocimiento valida la solidez del proyecto educativo de la instituci\u00f3n y su compromiso con la formaci\u00f3n de profesionales con &hellip; <a href=\"https:\/\/unifranz.edu.bo\/pt\/blog\/unifranz-el-alto-celebra-la-certificacion-internacional-qs\/\">Continued<\/a><\/p>","protected":false},"author":25,"featured_media":710532,"comment_status":"open","ping_status":"open","sticky":false,"template":"","format":"standard","meta":{"_acf_changed":false,"footnotes":""},"categories":[11083,60,5054,6541,2728,2858,1952,2870,11026,2938,1782,10374],"tags":[53,386,1422,11745,242],"class_list":["post-710529","post","type-post","status-publish","format-standard","has-post-thumbnail","hentry","category-unifranzelalto","category-blog","category-empleo","category-empleo-es","category-feria-de-empleabilidad","category-innovacion-en-educacion","category-practicas-profesionales","category-profesionales","category-proyectos-de-impacto","category-proyectos-integradores","category-unifranz","category-unifranz-el-alto","tag-educacion","tag-estudiantes","tag-innovacion-en-educacion","tag-qs-stars","tag-unifranz"],"acf":[],"_links":{"self":[{"href":"https:\/\/unifranz.edu.bo\/pt\/wp-json\/wp\/v2\/posts\/710529","targetHints":{"allow":["GET"]}}],"collection":[{"href":"https:\/\/unifranz.edu.bo\/pt\/wp-json\/wp\/v2\/posts"}],"about":[{"href":"https:\/\/unifranz.edu.bo\/pt\/wp-json\/wp\/v2\/types\/post"}],"author":[{"embeddable":true,"href":"https:\/\/unifranz.edu.bo\/pt\/wp-json\/wp\/v2\/users\/25"}],"replies":[{"embeddable":true,"href":"https:\/\/unifranz.edu.bo\/pt\/wp-json\/wp\/v2\/comments?post=710529"}],"version-history":[{"count":3,"href":"https:\/\/unifranz.edu.bo\/pt\/wp-json\/wp\/v2\/posts\/710529\/revisions"}],"predecessor-version":[{"id":710800,"href":"https:\/\/unifranz.edu.bo\/pt\/wp-json\/wp\/v2\/posts\/710529\/revisions\/710800"}],"wp:featuredmedia":[{"embeddable":true,"href":"https:\/\/unifranz.edu.bo\/pt\/wp-json\/wp\/v2\/media\/710532"}],"wp:attachment":[{"href":"https:\/\/unifranz.edu.bo\/pt\/wp-json\/wp\/v2\/media?parent=710529"}],"wp:term":[{"taxonomy":"category","embeddable":true,"href":"https:\/\/unifranz.edu.bo\/pt\/wp-json\/wp\/v2\/categories?post=710529"},{"taxonomy":"post_tag","embeddable":true,"href":"https:\/\/unifranz.edu.bo\/pt\/wp-json\/wp\/v2\/tags?post=710529"}],"curies":[{"name":"wp","href":"https:\/\/api.w.org\/{rel}","templated":true}]}}