{"id":710437,"date":"2025-12-12T18:57:10","date_gmt":"2025-12-12T22:57:10","guid":{"rendered":"https:\/\/unifranz.edu.bo\/?p=710437"},"modified":"2025-12-12T19:07:52","modified_gmt":"2025-12-12T23:07:52","slug":"como-detectar-la-afasia-y-mejorar-el-habla-con-tecnicas-de-estimulacion-cerebral","status":"publish","type":"post","link":"https:\/\/unifranz.edu.bo\/pt\/blog\/como-detectar-la-afasia-y-mejorar-el-habla-con-tecnicas-de-estimulacion-cerebral\/","title":{"rendered":"C\u00f3mo detectar la afasia y mejorar el habla con t\u00e9cnicas de estimulaci\u00f3n cerebral"},"content":{"rendered":"<p>La afasia es un trastorno del lenguaje que afecta la capacidad de comunicarse, ya sea al hablar, comprender lo que se escucha, leer o escribir. Se produce cuando se da\u00f1an \u00e1reas del cerebro responsables del lenguaje, generalmente como consecuencia de un accidente cerebrovascular, traumatismos craneoencef\u00e1licos, tumores o enfermedades neurodegenerativas.&nbsp;<\/p>\n\n\n\n<blockquote class=\"wp-block-quote is-layout-flow wp-block-quote-is-layout-flow\">\n<p>\u201cCualquier trastorno, patolog\u00eda o disfunci\u00f3n que llegue a interferir con el habla o con la comprensi\u00f3n de las palabras, llegar\u00e1 a interferir con funciones cognitivas b\u00e1sicas, relacionadas con acefal\u00edas psicol\u00f3gicas y fisiol\u00f3gicas del enc\u00e9falo \u2014generalmente en el lado izquierdo del cerebro\u2014, ganglios basales y cerebelo; pudiendo ocasionar por ejemplo afasia entre otros, impidiendo que la persona se comunique con los dem\u00e1s de forma eficaz y efectiva\u201d, explica Carmen Aguilera, docente de la carrera de Psicolog\u00eda de la Universidad Franz Tamayo (Unifranz).<\/p>\n<\/blockquote>\n\n\n\n<p>En la afasia, el da\u00f1o cerebral se traduce directamente en dificultades para producir y comprender el lenguaje, afectando la capacidad de expresarse y de interactuar con su entorno de manera adecuada.<\/p>\n\n\n\n<p>Aunque la inteligencia no se ve afectada, la afasia puede alterar profundamente la vida diaria, dificultando la comunicaci\u00f3n con familiares, amigos o en el entorno laboral. Detectarla a tiempo y recibir el tratamiento adecuado es fundamental para mejorar la calidad de vida de quienes la padecen.<\/p>\n\n\n\n<p><strong>Tratamientos m\u00e1s efectivos<\/strong><\/p>\n\n\n\n<p>Aunque la afasia no tiene una cura definitiva, existen m\u00faltiples tratamientos que permiten mejorar de manera significativa la comunicaci\u00f3n. La intervenci\u00f3n temprana y constante es fundamental. Los enfoques m\u00e1s eficaces son:<\/p>\n\n\n\n<p><\/p>\n\n\n\n<ol class=\"wp-block-list\">\n<li>Terapia del lenguaje y la comunicaci\u00f3n: La logopedia es el pilar del tratamiento. Consiste en ejercicios para recuperar palabras, mejorar la articulaci\u00f3n, reforzar la comprensi\u00f3n auditiva y lectora y desarrollar estrategias alternativas de comunicaci\u00f3n.\u00a0<\/li>\n\n\n\n<li>Estimulaci\u00f3n magn\u00e9tica transcraneal (TMS): Esta t\u00e9cnica no invasiva utiliza impulsos magn\u00e9ticos para activar o inhibir \u00e1reas cerebrales espec\u00edficas. Combinada con la logopedia, puede favorecer la reorganizaci\u00f3n neural y mejorar el habla, especialmente tras un accidente cerebrovascular.<\/li>\n\n\n\n<li>Estimulaci\u00f3n transcraneal por corriente directa (tDCS): Consiste en aplicar corrientes el\u00e9ctricas suaves sobre el cuero cabelludo para potenciar la plasticidad cerebral. Es segura, accesible y cada vez m\u00e1s utilizada como complemento a la terapia del lenguaje.<\/li>\n\n\n\n<li>Sistemas alternativos de comunicaci\u00f3n: Tablets, aplicaciones, pictogramas y comunicadores electr\u00f3nicos permiten suplir las limitaciones del habla. Estos recursos fomentan la autonom\u00eda y reducen la frustraci\u00f3n, especialmente en las etapas iniciales de recuperaci\u00f3n.<\/li>\n\n\n\n<li>Terapias centradas en la vida cotidiana: Modelos como el Life Participation Approach for Aphasia integran la rehabilitaci\u00f3n al d\u00eda a d\u00eda del paciente, involucrando a familiares y cuidadores. Esto mejora la confianza, facilita la comunicaci\u00f3n y aumenta la participaci\u00f3n social.<\/li>\n<\/ol>\n\n\n\n<blockquote class=\"wp-block-quote is-layout-flow wp-block-quote-is-layout-flow\">\n<p>\u201cEl objetivo es brindar un grado de funcionamiento alto en los niveles f\u00edsicos, psicol\u00f3gicos y de adaptaci\u00f3n social, lo que se busca es lentificar el deterioro cognitivo y llegar a mantener las capacidades, funciones y habilidades que a\u00fan est\u00e1n preservadas\u201d, destaca la acad\u00e9mica.<\/p>\n<\/blockquote>\n\n\n\n<p>El diagn\u00f3stico temprano es crucial para diferenciar tipos de afasia como: Broca, Wernicke, global y causas, permitiendo intervenciones oportunas.<\/p>\n\n\n\n<p><strong>C\u00f3mo detectar la afasia<\/strong><\/p>\n\n\n\n<p>Identificar la afasia requiere observar cambios en la forma de hablar y entender el lenguaje. Reconocer los primeros signos de afasia es clave para iniciar un tratamiento efectivo y mejorar la comunicaci\u00f3n del paciente. Algunos signos tempranos incluyen:<\/p>\n\n\n\n<p><\/p>\n\n\n\n<ul class=\"wp-block-list\">\n<li>Dificultad para encontrar palabras: la persona sabe lo que quiere decir, pero no encuentra la palabra correcta, reemplaz\u00e1ndola por otra o rode\u00e1ndola con explicaciones.<\/li>\n\n\n\n<li>Frases cortas o incompletas: hablar se vuelve lento y entrecortado, omitiendo palabras peque\u00f1as como \u201cel\u201d o \u201cde\u201d.<\/li>\n\n\n\n<li>Problemas de comprensi\u00f3n: no entender instrucciones sencillas o conversaciones habituales, aunque la persona mantenga un discurso fluido.<\/li>\n\n\n\n<li>Frases sin sentido o palabras inventadas: el habla puede sonar coherente, pero algunas palabras no existen o se usan incorrectamente.<\/li>\n\n\n\n<li>Dificultad para leer o escribir: leer un texto simple o escribir frases puede resultar complicado.<\/li>\n\n\n\n<li>Problemas para repetir palabras: escuchar algo claramente, pero no poder repetirlo correctamente.<\/li>\n<\/ul>\n\n\n\n<p><\/p>\n\n\n\n<p>Si se observan varios de estos s\u00edntomas tras un accidente cerebrovascular o un trauma, es importante acudir de inmediato a un especialista en neurolog\u00eda o logopedia, este \u00faltimo es un terapeuta del habla. Este trabaja con personas de todas las edades para ayudarles a mejorar su capacidad de comunicarse y funciones relacionadas como tragar y masticar.&nbsp;<\/p>\n\n\n\n<p>La afasia es un desaf\u00edo, pero los avances en rehabilitaci\u00f3n y estimulaci\u00f3n cerebral han mejorado el pron\u00f3stico de muchos pacientes. Con un diagn\u00f3stico temprano, terapia intensiva y el acompa\u00f1amiento familiar, es posible recuperar habilidades comunicativas esenciales. La constancia, el entorno adecuado y el uso de herramientas adaptadas marcan la diferencia en la recuperaci\u00f3n y permiten que la persona recupere autonom\u00eda y calidad de vida.<\/p>","protected":false},"excerpt":{"rendered":"<p>Detectar afasia a tiempo es clave. S\u00edntomas como dificultad para hablar, comprender, leer o escribir requieren intervenci\u00f3n con logopedia, estimulaci\u00f3n cerebral y sistemas alternativos de comunicaci\u00f3n para recuperar habilidades y mejorar la calidad de vida.<\/p>","protected":false},"author":51,"featured_media":710438,"comment_status":"open","ping_status":"open","sticky":false,"template":"","format":"standard","meta":{"_acf_changed":false,"footnotes":""},"categories":[60],"tags":[10535,266,11722,1422,240,218,11723,242],"class_list":["post-710437","post","type-post","status-publish","format-standard","has-post-thumbnail","hentry","category-blog","tag-afasia","tag-bolivia","tag-estimulacion-cerebral","tag-innovacion-en-educacion","tag-psicologia","tag-tecnologia","tag-trastorno-del-lenguaje","tag-unifranz"],"acf":[],"_links":{"self":[{"href":"https:\/\/unifranz.edu.bo\/pt\/wp-json\/wp\/v2\/posts\/710437","targetHints":{"allow":["GET"]}}],"collection":[{"href":"https:\/\/unifranz.edu.bo\/pt\/wp-json\/wp\/v2\/posts"}],"about":[{"href":"https:\/\/unifranz.edu.bo\/pt\/wp-json\/wp\/v2\/types\/post"}],"author":[{"embeddable":true,"href":"https:\/\/unifranz.edu.bo\/pt\/wp-json\/wp\/v2\/users\/51"}],"replies":[{"embeddable":true,"href":"https:\/\/unifranz.edu.bo\/pt\/wp-json\/wp\/v2\/comments?post=710437"}],"version-history":[{"count":2,"href":"https:\/\/unifranz.edu.bo\/pt\/wp-json\/wp\/v2\/posts\/710437\/revisions"}],"predecessor-version":[{"id":710445,"href":"https:\/\/unifranz.edu.bo\/pt\/wp-json\/wp\/v2\/posts\/710437\/revisions\/710445"}],"wp:featuredmedia":[{"embeddable":true,"href":"https:\/\/unifranz.edu.bo\/pt\/wp-json\/wp\/v2\/media\/710438"}],"wp:attachment":[{"href":"https:\/\/unifranz.edu.bo\/pt\/wp-json\/wp\/v2\/media?parent=710437"}],"wp:term":[{"taxonomy":"category","embeddable":true,"href":"https:\/\/unifranz.edu.bo\/pt\/wp-json\/wp\/v2\/categories?post=710437"},{"taxonomy":"post_tag","embeddable":true,"href":"https:\/\/unifranz.edu.bo\/pt\/wp-json\/wp\/v2\/tags?post=710437"}],"curies":[{"name":"wp","href":"https:\/\/api.w.org\/{rel}","templated":true}]}}