{"id":710339,"date":"2025-12-10T09:48:02","date_gmt":"2025-12-10T13:48:02","guid":{"rendered":"https:\/\/unifranz.edu.bo\/?p=710339"},"modified":"2025-12-10T11:34:12","modified_gmt":"2025-12-10T15:34:12","slug":"tedx-unifranz-2025-impulsa-ideas-que-inspiran-e-historias-que-transforman-vidas","status":"publish","type":"post","link":"https:\/\/unifranz.edu.bo\/pt\/blog\/tedx-unifranz-2025-impulsa-ideas-que-inspiran-e-historias-que-transforman-vidas\/","title":{"rendered":"TEDx Unifranz 2025 impulsa ideas que inspiran e historias que transforman vidas"},"content":{"rendered":"<p>En cada rinc\u00f3n del mundo hay historias por contar, sue\u00f1os por realizar y vidas por transformar. Y en cada edici\u00f3n del TEDx de la Universidad Franz Tamayo (Unifranz), esas historias se vuelven faros que iluminan caminos. Este 2025, este evento en su quinta entrega recupera la fuerza de m\u00e1s de m\u00e1s j\u00f3venes que, en versiones anteriores, nos recordaron que cada voz puede romper inercias y que cada idea puede abrir un nuevo futuro.<\/p>\n\n\n\n<p>Rolando L\u00f3pez, vicerrector de Unifranz sede Cochabamba, sostiene que esta iniciativa refuerza el compromiso institucional con la difusi\u00f3n de ideas valiosas: \u201cLas voces bolivianas tienen un enorme potencial transformador\u201d, destaca la autoridad.<\/p>\n\n\n\n<p>As\u00ed, este a\u00f1o otra vez, el escenario se convierte en una plataforma donde se presentan nuevas ideas con valent\u00eda. Voces que nacen de la ciencia, la tecnolog\u00eda, el arte, la adversidad y la acci\u00f3n social que entrelazan para recordarnos que transformar el mundo empieza por transformar la propia historia.<\/p>\n\n\n\n<p>Sinchy D\u00edaz, pionera en tecnolog\u00eda e inclusi\u00f3n digital, llega desde Cochabamba con la convicci\u00f3n de que los datos nunca deben opacar a las personas. Bajo su liderazgo, MC4 y Taspri han impulsado la digitalizaci\u00f3n financiera del pa\u00eds con prop\u00f3sito humano.<\/p>\n\n\n\n<blockquote class=\"wp-block-quote is-layout-flow wp-block-quote-is-layout-flow\">\n<p>\u201cLa tecnolog\u00eda s\u00f3lo tiene sentido cuando mejora vidas reales. Humanizar los algoritmos implica reconocer que detr\u00e1s de cada dato hay una persona, con historia y dignidad\u201d, destaca D\u00edaz.<\/p>\n<\/blockquote>\n\n\n\n<p>Desde el Beni, Valeria Rivero trae la fuerza regenerativa de la bioeconom\u00eda. Con Uneco Energy, que transforma residuos en energ\u00eda limpia, ha demostrado que la sostenibilidad es tambi\u00e9n un acto de imaginaci\u00f3n social. Su mirada reta a repensar lo que desechamos y lo que decidimos salvar.<\/p>\n\n\n\n<blockquote class=\"wp-block-quote is-layout-flow wp-block-quote-is-layout-flow\">\n<p>\u201cAl principio fue complicado, fue duro, pero cada biodigestor generaba resiliencia en la comunidad, autonom\u00eda e independencia para quienes lo usaban\u201d, explica Rivero.<\/p>\n<\/blockquote>\n\n\n\n<p>Por otro lado, el arte, la mente y la memoria emocional llegan con Rigo Bellot-Machi, quien regresa al escenario desde una reinvenci\u00f3n personal y art\u00edstica. Su exploraci\u00f3n entre cine, neurociencia y espiritualidad cuestiona c\u00f3mo narramos nuestras vidas y c\u00f3mo esas narrativas modelan nuestras posibilidades.<\/p>\n\n\n\n<blockquote class=\"wp-block-quote is-layout-flow wp-block-quote-is-layout-flow\">\n<p>\u201cEl cine se convirti\u00f3 desde muy temprana edad en mi herramienta de opci\u00f3n. Entend\u00ed que el proceso creativo requiere, al igual que la respiraci\u00f3n, procesos de inhalaci\u00f3n y exhalaci\u00f3n\u201d, enfatiza Bellot.<\/p>\n<\/blockquote>\n\n\n\n<p>No puede faltar la ciencia cotidiana que cobra vida en Khalil Garc\u00eda-Tornel, quien ha dedicado su carrera a traducir la complejidad de los alimentos en decisiones simples, \u00fatiles y profundas. Su misi\u00f3n es democratizar la ciencia nutricional para que deje de ser elitista y se convierta en herramienta de bienestar colectivo.<\/p>\n\n\n\n<blockquote class=\"wp-block-quote is-layout-flow wp-block-quote-is-layout-flow\">\n<p>\u201cSiempre fui un fuerte propulsor de que la ciencia debe compartirse, si no, no sirve de nada. Se tiene que comunicar y no solamente entre cient\u00edficos o entre miembros de la academia, tiene que ser socializada con el p\u00fablico en general\u201d, explica Garc\u00eda.<\/p>\n<\/blockquote>\n\n\n\n<p>Desde Cochabamba, Eduardo Hinojosa nos recuerda que una discapacidad no reside en un cuerpo, sino en una sociedad mal dise\u00f1ada. Tras un accidente que cambi\u00f3 su vida a los 15 a\u00f1os, convirti\u00f3 la adversidad en una plataforma para exigir ciudades justas y accesibles para todos.<\/p>\n\n\n\n<blockquote class=\"wp-block-quote is-layout-flow wp-block-quote-is-layout-flow\">\n<p>\u201cLa accesibilidad no es un lujo, es una responsabilidad compartida. Si quienes dise\u00f1an lugares se pusieran en los zapatos de una persona en silla de ruedas, entender\u00edan mucho mejor lo que est\u00e1 mal\u201d, expresa Eduardo.<\/p>\n<\/blockquote>\n\n\n\n<p>Y desde la acci\u00f3n social, Nicole Guerrero demuestra que una idea peque\u00f1a puede convertirse en un movimiento nacional. Con el Banco de Alimentos de Bolivia, transforma desperdicio en esperanza y teje redes de dignidad donde antes solo hab\u00eda carencia.<\/p>\n\n\n\n<blockquote class=\"wp-block-quote is-layout-flow wp-block-quote-is-layout-flow\">\n<p>\u201cNo damos caridad, damos oportunidades. Cada mes llevamos alimentos a 30 mil personas. Empezamos con algo muy peque\u00f1o, sin fondos como la mayor\u00eda de bancos de alimentos y fundaciones a nivel mundial. Nos enfrentamos a muchos desaf\u00edos, pero pudimos consolidarnos y superarlos para dar paso a lo que somos ahora\u201d, destaca Guerrero.<\/p>\n<\/blockquote>\n\n\n\n<p>TEDx Unifranz 2025 es m\u00e1s que un evento: es un recordatorio colectivo donde las ideas cambian mundos, las historias sostienen futuros y las palabras, cuando nacen del alma, son capaces de transformar vidas enteras.&nbsp;<\/p>\n\n\n\n<blockquote class=\"wp-block-quote is-layout-flow wp-block-quote-is-layout-flow\">\n<p>\u201cEstas narrativas inspiran, nos conectan y nos ayudan a pensar en un futuro mejor, entendiendo que el futuro no est\u00e1 adelante, sino en las decisiones que tomamos hoy\u201d, a\u00f1adi\u00f3 el vicerrector de Unifranz.<\/p>\n<\/blockquote>\n\n\n\n<p>Este 10 de diciembre, Cochabamba ser\u00e1 nuevamente un punto donde el pa\u00eds se mira, se cuestiona y se atreve a imaginar un futuro mejor. El evento ser\u00e1 abierto al p\u00fablico y se desarrollar\u00e1 desde las 18:00 en el Campus Cala Cala de Unifranz.\u00a0Las y los asistentes podr\u00e1n acceder a las charlas de manera presencial y ser parte de un espacio que destaca el valor de las ideas y la colaboraci\u00f3n como impulsores de un futuro m\u00e1s humano e innovador. La participaci\u00f3n es gratuita; solo se requiere completar el registro en la p\u00e1gina web <a href=\"https:\/\/tedx.unifranz.edu.bo\/\">https:\/\/tedx.unifranz.edu.bo\/<\/a>.<\/p>","protected":false},"excerpt":{"rendered":"<p>TEDx Unifranz 2025 re\u00fane voces que inspiran y transforman. L\u00edderes en tecnolog\u00eda, sostenibilidad, arte, ciencia y acci\u00f3n social comparten historias que impulsan un futuro m\u00e1s humano. Un espacio donde las ideas bolivianas iluminan caminos y generan impacto real.<\/p>","protected":false},"author":51,"featured_media":710340,"comment_status":"open","ping_status":"open","sticky":false,"template":"","format":"standard","meta":{"_acf_changed":false,"footnotes":""},"categories":[60],"tags":[266,53,1422,248,218,2648,4142,11678,8452,242],"class_list":["post-710339","post","type-post","status-publish","format-standard","has-post-thumbnail","hentry","category-blog","tag-bolivia","tag-educacion","tag-innovacion-en-educacion","tag-internacionalizacion","tag-tecnologia","tag-ted","tag-tedx-unifranz","tag-tedx-unifranz-2025","tag-transformando-vidas","tag-unifranz"],"acf":[],"_links":{"self":[{"href":"https:\/\/unifranz.edu.bo\/pt\/wp-json\/wp\/v2\/posts\/710339","targetHints":{"allow":["GET"]}}],"collection":[{"href":"https:\/\/unifranz.edu.bo\/pt\/wp-json\/wp\/v2\/posts"}],"about":[{"href":"https:\/\/unifranz.edu.bo\/pt\/wp-json\/wp\/v2\/types\/post"}],"author":[{"embeddable":true,"href":"https:\/\/unifranz.edu.bo\/pt\/wp-json\/wp\/v2\/users\/51"}],"replies":[{"embeddable":true,"href":"https:\/\/unifranz.edu.bo\/pt\/wp-json\/wp\/v2\/comments?post=710339"}],"version-history":[{"count":2,"href":"https:\/\/unifranz.edu.bo\/pt\/wp-json\/wp\/v2\/posts\/710339\/revisions"}],"predecessor-version":[{"id":710342,"href":"https:\/\/unifranz.edu.bo\/pt\/wp-json\/wp\/v2\/posts\/710339\/revisions\/710342"}],"wp:featuredmedia":[{"embeddable":true,"href":"https:\/\/unifranz.edu.bo\/pt\/wp-json\/wp\/v2\/media\/710340"}],"wp:attachment":[{"href":"https:\/\/unifranz.edu.bo\/pt\/wp-json\/wp\/v2\/media?parent=710339"}],"wp:term":[{"taxonomy":"category","embeddable":true,"href":"https:\/\/unifranz.edu.bo\/pt\/wp-json\/wp\/v2\/categories?post=710339"},{"taxonomy":"post_tag","embeddable":true,"href":"https:\/\/unifranz.edu.bo\/pt\/wp-json\/wp\/v2\/tags?post=710339"}],"curies":[{"name":"wp","href":"https:\/\/api.w.org\/{rel}","templated":true}]}}