{"id":710312,"date":"2025-12-09T18:12:56","date_gmt":"2025-12-09T22:12:56","guid":{"rendered":"https:\/\/unifranz.edu.bo\/?p=710312"},"modified":"2025-12-09T21:26:17","modified_gmt":"2025-12-10T01:26:17","slug":"tedx-unifranz-narrativas-que-inspiran-conectan-y-nos-ayudan-a-pensar-en-un-futuro-mejor","status":"publish","type":"post","link":"https:\/\/unifranz.edu.bo\/pt\/blog\/tedx-unifranz-narrativas-que-inspiran-conectan-y-nos-ayudan-a-pensar-en-un-futuro-mejor\/","title":{"rendered":"TEDx Unifranz: narrativas que inspiran, conectan y nos ayudan a pensar en un futuro mejor"},"content":{"rendered":"<p>Desde el inicio de los tiempos, frente al fuego, las historias no ayudaron a crear, a conectarnos y proyectar el futuro, por esto, son importantes los espacios que recuperan el valor de escuchar historias que transforman. M\u00e1s que un escenario de conferencias, TEDx es una plataforma global que impulsa ideas capaces de generar di\u00e1logo, cuestionamientos y cambios reales. En su quinta versi\u00f3n, TEDx Unifranz vuelve para recordar que las narrativas humanas siguen siendo un puente entre lo que somos y lo que aspiramos a construir.<\/p>\n\n\n\n<blockquote class=\"wp-block-quote is-layout-flow wp-block-quote-is-layout-flow\">\n<p>\u201cLas voces bolivianas tienen un enorme potencial transformador; este evento demuestra que las ideas pueden mover comunidades y abrir caminos de desarrollo humano y social\u201d, expresa Rolando L\u00f3pez, vicerrector de la Universidad Franz Tamayo (Unifranz) sede Cochabamba.<\/p>\n<\/blockquote>\n\n\n\n<p>Su afirmaci\u00f3n refleja el esp\u00edritu del encuentro: un escenario donde el talento, la resiliencia y la creatividad se convierten en motores de inspiraci\u00f3n colectiva.<\/p>\n\n\n\n<p>Desde su primera versi\u00f3n, TEDx Unifranz se ha consolidado como un espacio para compartir historias aut\u00e9nticas y valientes. Ha recorrido Santa Cruz, Cochabamba, El Alto y La Paz, conectando a miles de personas con nuevas perspectivas sobre la tecnolog\u00eda, la ciencia, el arte y las causas sociales. Este 2025 regresa a la Llajta con un concepto curatorial que retoma su esencia: transformar el futuro a trav\u00e9s de las decisiones que tomamos hoy.<\/p>\n\n\n\n<p>En un contexto global saturado de noticias negativas y polarizaci\u00f3n, TEDx sigue siendo un punto de encuentro para la creatividad, la resiliencia y la colaboraci\u00f3n.&nbsp;<\/p>\n\n\n\n<blockquote class=\"wp-block-quote is-layout-flow wp-block-quote-is-layout-flow\">\n<p>\u201cEstas narrativas inspiran, nos conectan y nos ayudan a pensar en un futuro mejor, entendiendo que el futuro no est\u00e1 adelante, sino en las decisiones que tomamos hoy\u201d, a\u00f1ade L\u00f3pez.<\/p>\n<\/blockquote>\n\n\n\n<p><strong>Los speakers del TEDx Unifranz 2025<\/strong><\/p>\n\n\n\n<p><strong>Khalil Garc\u00eda-Tornel,<\/strong> ingeniero en agroindustria alimentaria y especialista en Food Science and Technology, aprendi\u00f3 a cocinar antes que a experimentar: su curiosidad inici\u00f3 en la cocina y evolucion\u00f3 hacia los laboratorios de qu\u00edmica. Hoy es investigador, docente y un apasionado divulgador cient\u00edfico.&nbsp;<\/p>\n\n\n\n<blockquote class=\"wp-block-quote is-layout-flow wp-block-quote-is-layout-flow\">\n<p>\u201cSiempre fui un fuerte propulsor de que la ciencia debe compartirse, si no, no sirve de nada\u201d, afirma. En su charla explorar\u00e1 c\u00f3mo la ciencia de los alimentos puede derribar mitos, transformar h\u00e1bitos y mejorar la vida cotidiana desde cambios simples pero fundamentales.<\/p>\n<\/blockquote>\n\n\n\n<p><strong>Sinchy D\u00edaz,<\/strong> una de las voces m\u00e1s influyentes en la transformaci\u00f3n digital boliviana, lidera MC4, una f\u00e1brica de software guiada por el prop\u00f3sito de \u201cdigitalizar con humanidad\u201d. Para ella, el c\u00f3digo es solo una herramienta: la verdadera innovaci\u00f3n ocurre cuando la tecnolog\u00eda abre oportunidades para todos.&nbsp;<\/p>\n\n\n\n<blockquote class=\"wp-block-quote is-layout-flow wp-block-quote-is-layout-flow\">\n<p>\u201cDigitalizar con humanidad es reconocer que detr\u00e1s de cada dato hay una vida real\u201d, sostiene. Su charla se centrar\u00e1 en la necesidad de poner a las personas por delante de los algoritmos y construir un futuro digital m\u00e1s inclusivo.<\/p>\n<\/blockquote>\n\n\n\n<p>Desde Guayaramer\u00edn, <strong>Valeria Rivero<\/strong> trae una historia marcada por la desigualdad, la resiliencia y la ingenier\u00eda con prop\u00f3sito. Inventora del proyecto Uneco-Energy \u2014biodigestores que generan energ\u00eda limpia en comunidades vulnerables\u2014, sostiene que no se necesitan metas grandilocuentes para impactar.&nbsp;<\/p>\n\n\n\n<blockquote class=\"wp-block-quote is-layout-flow wp-block-quote-is-layout-flow\">\n<p>\u201cNo necesitamos un gran prop\u00f3sito para creer que nuestra vida tiene sentido; solo pasi\u00f3n por lo que hacemos\u201d, afirma.&nbsp;<\/p>\n<\/blockquote>\n\n\n\n<p>En TEDx compartir\u00e1 c\u00f3mo la tecnolog\u00eda puede nacer de la memoria, el territorio y la necesidad de dignidad.<\/p>\n\n\n\n<p>El cineasta <strong>Rigo Bellott-Machi <\/strong>llega al escenario en una etapa de reinvenci\u00f3n profunda. Tras una pausa creativa y a\u00f1os de investigaci\u00f3n en neurociencia, narrativa y espiritualidad, hoy propone entender el cine como un \u201cdispositivo de transformaci\u00f3n humana\u201d.&nbsp;<\/p>\n\n\n\n<blockquote class=\"wp-block-quote is-layout-flow wp-block-quote-is-layout-flow\">\n<p>\u201cMi enfoque de vida hoy tiene que ver con el cine, pero de una manera muy poco convencional\u201d, anticipa. Su charla indagar\u00e1 en c\u00f3mo las historias pueden reconfigurar emociones, identidades y masculinidades en crisis.<\/p>\n<\/blockquote>\n\n\n\n<p><strong>Luis Eduardo Hinojosa<\/strong>, activista por el dise\u00f1o inclusivo, transform\u00f3 una experiencia dolorosa en una causa: tras una lesi\u00f3n medular que lo dej\u00f3 en silla de ruedas, descubri\u00f3 que la verdadera barrera no era su cuerpo, sino el entorno mal dise\u00f1ado.&nbsp;<\/p>\n\n\n\n<blockquote class=\"wp-block-quote is-layout-flow wp-block-quote-is-layout-flow\">\n<p>\u201cNo se trata de hacer rampas por cumplir, sino de pensarlas para que realmente funcionen\u201d, reflexiona. Su charla ser\u00e1 un llamado urgente a crear ciudades que incluyan a todos.<\/p>\n<\/blockquote>\n\n\n\n<p>Finalmente, <strong>Nicole Guerrero<\/strong>, fundadora del Banco de Alimentos de Bolivia, lucha contra la contradicci\u00f3n m\u00e1s dolorosa: alimentos que se botan mientras miles pasan hambre. Su organizaci\u00f3n hoy alimenta a 30.000 personas al mes.&nbsp;<\/p>\n\n\n\n<blockquote class=\"wp-block-quote is-layout-flow wp-block-quote-is-layout-flow\">\n<p>\u201cNo damos caridad, damos oportunidades\u201d, afirma con convicci\u00f3n. En el TEDx mostrar\u00e1 c\u00f3mo una idea puede convertirse en una red nacional de solidaridad.<\/p>\n<\/blockquote>\n\n\n\n<p><strong>TEDx Unifranz y su impacto en la comunidad<\/strong><\/p>\n\n\n\n<p>TEDx Unifranz no es solo un evento: es una plataforma alineada con el modelo educativo innovador de Unifranz, centrado en la formaci\u00f3n de l\u00edderes capaces de transformar su entorno con pensamiento cr\u00edtico, creatividad y una visi\u00f3n global. La universidad asume este encuentro como un laboratorio de ideas vivas, donde estudiantes, acad\u00e9micos y ciudadanos pueden dialogar con referentes que desaf\u00edan lo establecido.<\/p>\n\n\n\n<p>La quinta edici\u00f3n del TEDx Unifranz se realizar\u00e1 el 10 de diciembre de 2025, a las 18:00, en el Campus Cala Cala de Unifranz en Cochabamba. La inscripci\u00f3n y participaci\u00f3n est\u00e1n abiertas en <a href=\"http:\/\/www.unifranz.edu.bo\/TEDx\">www.unifranz.edu.bo\/TEDx<\/a>.<\/p>\n\n\n\n<p>Este evento est\u00e1 dise\u00f1ado para inspirar, provocar reflexi\u00f3n y conectar a quienes sue\u00f1an \u2014y trabajan\u2014 por un futuro mejor.<\/p>","protected":false},"excerpt":{"rendered":"<p>Historias que conectan y desaf\u00edan lo establecido: TEDx Unifranz 2025 vuelve a Cochabamba con speakers que inspiran un futuro mejor.<\/p>","protected":false},"author":49,"featured_media":710327,"comment_status":"open","ping_status":"open","sticky":false,"template":"","format":"standard","meta":{"_acf_changed":false,"footnotes":""},"categories":[60],"tags":[3524,659,1258,1422,248,4142,11678,8452,10903,242],"class_list":["post-710312","post","type-post","status-publish","format-standard","has-post-thumbnail","hentry","category-blog","tag-alimentos","tag-cine","tag-inclusion","tag-innovacion-en-educacion","tag-internacionalizacion","tag-tedx-unifranz","tag-tedx-unifranz-2025","tag-transformando-vidas","tag-uneco-energy","tag-unifranz"],"acf":[],"_links":{"self":[{"href":"https:\/\/unifranz.edu.bo\/pt\/wp-json\/wp\/v2\/posts\/710312","targetHints":{"allow":["GET"]}}],"collection":[{"href":"https:\/\/unifranz.edu.bo\/pt\/wp-json\/wp\/v2\/posts"}],"about":[{"href":"https:\/\/unifranz.edu.bo\/pt\/wp-json\/wp\/v2\/types\/post"}],"author":[{"embeddable":true,"href":"https:\/\/unifranz.edu.bo\/pt\/wp-json\/wp\/v2\/users\/49"}],"replies":[{"embeddable":true,"href":"https:\/\/unifranz.edu.bo\/pt\/wp-json\/wp\/v2\/comments?post=710312"}],"version-history":[{"count":1,"href":"https:\/\/unifranz.edu.bo\/pt\/wp-json\/wp\/v2\/posts\/710312\/revisions"}],"predecessor-version":[{"id":710313,"href":"https:\/\/unifranz.edu.bo\/pt\/wp-json\/wp\/v2\/posts\/710312\/revisions\/710313"}],"wp:featuredmedia":[{"embeddable":true,"href":"https:\/\/unifranz.edu.bo\/pt\/wp-json\/wp\/v2\/media\/710327"}],"wp:attachment":[{"href":"https:\/\/unifranz.edu.bo\/pt\/wp-json\/wp\/v2\/media?parent=710312"}],"wp:term":[{"taxonomy":"category","embeddable":true,"href":"https:\/\/unifranz.edu.bo\/pt\/wp-json\/wp\/v2\/categories?post=710312"},{"taxonomy":"post_tag","embeddable":true,"href":"https:\/\/unifranz.edu.bo\/pt\/wp-json\/wp\/v2\/tags?post=710312"}],"curies":[{"name":"wp","href":"https:\/\/api.w.org\/{rel}","templated":true}]}}