{"id":710291,"date":"2025-12-09T08:00:00","date_gmt":"2025-12-09T12:00:00","guid":{"rendered":"https:\/\/unifranz.edu.bo\/?p=710291"},"modified":"2025-12-09T08:00:03","modified_gmt":"2025-12-09T12:00:03","slug":"sinchy-diaz-transforma-la-tecnologia-boliviana-con-una-vision-humana","status":"publish","type":"post","link":"https:\/\/unifranz.edu.bo\/pt\/blog\/sinchy-diaz-transforma-la-tecnologia-boliviana-con-una-vision-humana\/","title":{"rendered":"Sinchy D\u00edaz transforma la tecnolog\u00eda boliviana con una visi\u00f3n humana"},"content":{"rendered":"<p>Con una visi\u00f3n que combina innovaci\u00f3n, prop\u00f3sito y humanidad, Sinchy D\u00edaz es una de las voces m\u00e1s influyentes en la transformaci\u00f3n digital boliviana. Su historia, marcada por una temprana fascinaci\u00f3n por la l\u00f3gica y las matem\u00e1ticas, la ha llevado a impulsar proyectos tecnol\u00f3gicos de alcance global bajo una premisa clara: digitalizar con sentido humano.&nbsp;<\/p>\n\n\n\n<blockquote class=\"wp-block-quote is-layout-flow wp-block-quote-is-layout-flow\">\n<p>\u201cSoy Sinchy D\u00edaz, una Ingeniera de Sistemas con el software en el alma y una emprendedora impulsada por la visi\u00f3n de humanizar la digitalizaci\u00f3n global. Lider\u00f3 MC4, nuestra F\u00e1brica de Software, donde construimos sue\u00f1os convertidos en plataformas bajo la filosof\u00eda de digitalizar con humanidad\u201d, sostiene D\u00edaz.<\/p>\n<\/blockquote>\n\n\n\n<p>Hoy, a las puertas de su participaci\u00f3n en el TEDx Unifranz 2025 de la Universidad Franz Tamayo, D\u00edaz reafirma su compromiso de visibilizar a las personas detr\u00e1s de los datos y de promover una tecnolog\u00eda que abra oportunidades reales, especialmente para quienes hist\u00f3ricamente han quedado al margen del progreso digital.<\/p>\n\n\n\n<p>Su v\u00ednculo con la tecnolog\u00eda naci\u00f3 en la infancia, donde las matem\u00e1ticas se convirtieron en un juego y en el primer lenguaje para comprender el mundo. Seg\u00fan cuenta, las ense\u00f1anzas de su padre fortalecieron su gusto por la l\u00f3gica y la resoluci\u00f3n de problemas, lo que la condujo de forma natural a estudiar Ingenier\u00eda de Sistemas. En la universidad, las primeras l\u00edneas de c\u00f3digo no solo marcaron un descubrimiento t\u00e9cnico, sino la certeza de haber encontrado una plataforma para orientar su prop\u00f3sito.<\/p>\n\n\n\n<p><strong>Crecimiento y visi\u00f3n con humanidad<\/strong><\/p>\n\n\n\n<p>Tras su paso por empresas corporativas, donde lider\u00f3 implementaciones tecnol\u00f3gicas complejas, fund\u00f3 MC4, una f\u00e1brica de software que hoy se ha convertido en un socio estrat\u00e9gico del sector financiero y petrolero de Bolivia. Su visi\u00f3n ha permitido que la empresa obtenga certificaciones internacionales y escale hacia proyectos globales, fortalecidos recientemente por una alianza estrat\u00e9gica con Sensedia.<\/p>\n\n\n\n<blockquote class=\"wp-block-quote is-layout-flow wp-block-quote-is-layout-flow\">\n<p>\u201cLa perseverancia y la visi\u00f3n nos han llevado lejos. MC4 ha trascendido la funci\u00f3n de una f\u00e1brica de software para convertirse en un referente estrat\u00e9gico. Las certificaciones internacionales y alianzas globales validan nuestro compromiso y posicionan nuestra humanidad digital en el mundo\u201d, enfatiza Sinchy.<\/p>\n<\/blockquote>\n\n\n\n<p>Adem\u00e1s, su participaci\u00f3n en Taspri, compa\u00f1\u00eda dedicada a la inclusi\u00f3n financiera de mujeres, marc\u00f3 un punto crucial en su trayectoria. All\u00ed comprendi\u00f3 c\u00f3mo la tecnolog\u00eda, cuando se orienta correctamente, puede abrir oportunidades y derribar barreras hist\u00f3ricas. Este aprendizaje consolid\u00f3 su convicci\u00f3n de que el impacto social debe ser el n\u00facleo de toda innovaci\u00f3n.<\/p>\n\n\n\n<p>A nivel personal, D\u00edaz define el \u00e9xito como la armon\u00eda entre su prop\u00f3sito profesional y su vida familiar. Considera que la familia es su motor y el sustento emocional que le permite liderar, crear y tomar decisiones con claridad.<\/p>\n\n\n\n<p>De cara al futuro, sus objetivos est\u00e1n vinculados al proceso de internacionalizaci\u00f3n de MC4, con un enfoque especial en centroam\u00e9rica. Planea escalar plataformas, potenciar la anal\u00edtica y la automatizaci\u00f3n con inteligencia artificial, y fortalecer alianzas que permitan consolidar un impacto regional con sentido humano.<\/p>\n\n\n\n<blockquote class=\"wp-block-quote is-layout-flow wp-block-quote-is-layout-flow\">\n<p>\u201cMirando hacia adelante, buscamos fortalecer nuestra presencia en nuevos mercados, escalar nuestras plataformas y acompa\u00f1ar a la regi\u00f3n con soluciones que integren innovaci\u00f3n, anal\u00edtica e inteligencia artificial. Nuestro prop\u00f3sito sigue intacto: digitalizar con humanidad\u201d, enfatiza la joven ingeniera.<\/p>\n<\/blockquote>\n\n\n\n<p><strong>D\u00edaz en TEDx Unifranz 2025<\/strong><\/p>\n\n\n\n<p>La participaci\u00f3n de Sinchy D\u00edaz en el TEDx Unifranz 2025 gira en torno a un mensaje: la necesidad de visibilizar a las personas en un mundo dominado por datos y algoritmos. D\u00edaz propone humanizar la tecnolog\u00eda y recordar que detr\u00e1s de cada registro, cada m\u00e9trica y cada dise\u00f1o digital, existe una vida que merece ser respetada y acompa\u00f1ada.&nbsp;<\/p>\n\n\n\n<p>Plantea que la verdadera innovaci\u00f3n no radica solo en la eficiencia del algoritmo, sino en su capacidad de potenciar oportunidades, especialmente en sectores hist\u00f3ricamente excluidos.<\/p>\n\n\n\n<blockquote class=\"wp-block-quote is-layout-flow wp-block-quote-is-layout-flow\">\n<p>\u201cLa tecnolog\u00eda solo tiene sentido cuando mejora vidas reales. Humanizar los algoritmos implica reconocer que detr\u00e1s de cada dato hay una persona, con historia y dignidad. Debemos poner a las personas por delante del modelo y asegurar que tengan control sobre su huella digital\u201d, explica.<\/p>\n<\/blockquote>\n\n\n\n<p>Para las nuevas generaciones, su consejo es simple pero profundo: atreverse. Reconoce que su camino estuvo lleno de incertidumbre, pero tambi\u00e9n de curiosidad y determinaci\u00f3n. Invita a los j\u00f3venes a cultivar una mentalidad de crecimiento, buscar alianzas y creer en el poder transformador de la tecnolog\u00eda.<\/p>\n\n\n\n<p>Con una trayectoria s\u00f3lida y una visi\u00f3n que combina innovaci\u00f3n con humanidad, Sinchy D\u00edaz llega al TEDx Unifranz 2025 no solo como experta, sino como una l\u00edder que inspira a repensar el futuro digital desde la empat\u00eda y el prop\u00f3sito. La cita imperdible se desarrollar\u00e1 el 10 de diciembre a las 18:00, el Campus Cala Cala de Unifranz. Un encuentro dise\u00f1ado para inspirar, provocar reflexi\u00f3n y unir a l\u00edderes, estudiantes, emprendedores y ciudadanos que est\u00e1n construyendo el futuro del pa\u00eds.<\/p>","protected":false},"excerpt":{"rendered":"<p>La ingeniera Sinchy D\u00edaz lidera la revoluci\u00f3n tecnol\u00f3gica en Bolivia con MC4 y una filosof\u00eda clara: digitalizar con humanidad. Su participaci\u00f3n en TEDx Unifranz 2025 destacar\u00e1 c\u00f3mo la innovaci\u00f3n puede abrir oportunidades reales y potenciar una transformaci\u00f3n digital inclusiva.<\/p>","protected":false},"author":51,"featured_media":710292,"comment_status":"open","ping_status":"open","sticky":false,"template":"","format":"standard","meta":{"_acf_changed":false,"footnotes":""},"categories":[60],"tags":[266,53,1422,248,218,11678,11673,8452,242],"class_list":["post-710291","post","type-post","status-publish","format-standard","has-post-thumbnail","hentry","category-blog","tag-bolivia","tag-educacion","tag-innovacion-en-educacion","tag-internacionalizacion","tag-tecnologia","tag-tedx-unifranz-2025","tag-tedxunifranz2025-tedxunifranz-transformandovidas-internacionalizacion-tedx-alimentacion-cinecia","tag-transformando-vidas","tag-unifranz"],"acf":[],"_links":{"self":[{"href":"https:\/\/unifranz.edu.bo\/pt\/wp-json\/wp\/v2\/posts\/710291","targetHints":{"allow":["GET"]}}],"collection":[{"href":"https:\/\/unifranz.edu.bo\/pt\/wp-json\/wp\/v2\/posts"}],"about":[{"href":"https:\/\/unifranz.edu.bo\/pt\/wp-json\/wp\/v2\/types\/post"}],"author":[{"embeddable":true,"href":"https:\/\/unifranz.edu.bo\/pt\/wp-json\/wp\/v2\/users\/51"}],"replies":[{"embeddable":true,"href":"https:\/\/unifranz.edu.bo\/pt\/wp-json\/wp\/v2\/comments?post=710291"}],"version-history":[{"count":2,"href":"https:\/\/unifranz.edu.bo\/pt\/wp-json\/wp\/v2\/posts\/710291\/revisions"}],"predecessor-version":[{"id":710294,"href":"https:\/\/unifranz.edu.bo\/pt\/wp-json\/wp\/v2\/posts\/710291\/revisions\/710294"}],"wp:featuredmedia":[{"embeddable":true,"href":"https:\/\/unifranz.edu.bo\/pt\/wp-json\/wp\/v2\/media\/710292"}],"wp:attachment":[{"href":"https:\/\/unifranz.edu.bo\/pt\/wp-json\/wp\/v2\/media?parent=710291"}],"wp:term":[{"taxonomy":"category","embeddable":true,"href":"https:\/\/unifranz.edu.bo\/pt\/wp-json\/wp\/v2\/categories?post=710291"},{"taxonomy":"post_tag","embeddable":true,"href":"https:\/\/unifranz.edu.bo\/pt\/wp-json\/wp\/v2\/tags?post=710291"}],"curies":[{"name":"wp","href":"https:\/\/api.w.org\/{rel}","templated":true}]}}