{"id":710280,"date":"2025-12-11T15:35:23","date_gmt":"2025-12-11T19:35:23","guid":{"rendered":"https:\/\/unifranz.edu.bo\/?p=710280"},"modified":"2025-12-11T15:35:26","modified_gmt":"2025-12-11T19:35:26","slug":"aprender-haciendo-la-joven-que-convirtio-una-pasantia-en-su-primer-gran-salto","status":"publish","type":"post","link":"https:\/\/unifranz.edu.bo\/pt\/blog\/aprender-haciendo-la-joven-que-convirtio-una-pasantia-en-su-primer-gran-salto\/","title":{"rendered":"Aprender haciendo: la joven que convirti\u00f3 una pasant\u00eda en su primer gran salto"},"content":{"rendered":"<figure class=\"wp-block-image size-full\"><img loading=\"lazy\" decoding=\"async\" width=\"671\" height=\"915\" src=\"https:\/\/unifranz.edu.bo\/wp-content\/uploads\/2025\/12\/1.jpg\" alt=\"\" class=\"wp-image-710384\" srcset=\"https:\/\/unifranz.edu.bo\/wp-content\/uploads\/2025\/12\/1.jpg 671w, https:\/\/unifranz.edu.bo\/wp-content\/uploads\/2025\/12\/1-220x300.jpg 220w, https:\/\/unifranz.edu.bo\/wp-content\/uploads\/2025\/12\/1-9x12.jpg 9w\" sizes=\"auto, (max-width: 671px) 100vw, 671px\" \/><figcaption class=\"wp-element-caption\"><strong>Isabella Soriano,<\/strong> la estudiante de Publ<em>icidad y Marketing de Unifranz que, a pesar de no haber finalizado la carrera, ya est\u00e1 trabajando.<\/em><\/figcaption><\/figure>\n\n\n\n<p>Hay historias que empiezan casi en silencio, semejante a esas semillas que germinan cuando nadie mira&#8230; como la de <strong>Isabella Soriano<\/strong> \u2014una joven que activa marcas globales, escribe poes\u00eda, y camina entre aulas y oficinas con la misma serenidad con la que se enfrentan los sue\u00f1os grandes\u2014. Una historia que nace en <strong>Unifranz<\/strong> y se expande hacia el mundo, sosteni\u00e9ndose en esa filosof\u00eda simple y poderosa: <strong>aprender haciendo<\/strong>.<\/p>\n\n\n\n<p><strong>Isabella<\/strong> no esper\u00f3 a <strong>\u00abestar lista<\/strong>\u00bb para intentar. No esper\u00f3 a terminar la carrera, ni a que la vida le diera permiso. Cuando <strong>Bernardo Trevi\u00f1o,<\/strong> docente y fundador de <strong>Urban Group,<\/strong> ofreci\u00f3 pasant\u00edas m\u00ednimas en vacaciones, ella fue la \u00fanica que levant\u00f3 la mano en primer semestre. La \u00fanica que dijo: <strong><em>\u00abvoy\u00bb<\/em>.<\/strong> Y fue. Sin certezas, con pocas herramientas, pero con ese arrojo que s\u00f3lo tienen los j\u00f3venes que deciden creer en s\u00ed mismos antes que en sus miedos.<\/p>\n\n\n\n<p>En <strong>Urban Group<\/strong> empez\u00f3 como pasante, luego como activadora en marcas gigantes \u2014Pepsi, Schweppes, Corona\u2014, y despu\u00e9s en rooftops, ferias, kioscos, activaciones y equipos de comunicaci\u00f3n. Hoy, sin haber egresado todav\u00eda, ya trabaja medio tiempo en la agencia. Ya es parte del engranaje profesional. Ya se gana un espacio en ese mundo laboral que, para tantos j\u00f3venes bolivianos, se convierte en una frustraci\u00f3n, porque simplemente&#8230; hay escasez de empleo.<\/p>\n\n\n\n<figure class=\"wp-block-image size-large\"><img loading=\"lazy\" decoding=\"async\" width=\"1024\" height=\"590\" src=\"https:\/\/unifranz.edu.bo\/wp-content\/uploads\/2025\/12\/2-1024x590.jpg\" alt=\"\" class=\"wp-image-710385\" srcset=\"https:\/\/unifranz.edu.bo\/wp-content\/uploads\/2025\/12\/2-1024x590.jpg 1024w, https:\/\/unifranz.edu.bo\/wp-content\/uploads\/2025\/12\/2-300x173.jpg 300w, https:\/\/unifranz.edu.bo\/wp-content\/uploads\/2025\/12\/2-768x443.jpg 768w, https:\/\/unifranz.edu.bo\/wp-content\/uploads\/2025\/12\/2-1536x885.jpg 1536w, https:\/\/unifranz.edu.bo\/wp-content\/uploads\/2025\/12\/2-18x10.jpg 18w, https:\/\/unifranz.edu.bo\/wp-content\/uploads\/2025\/12\/2.jpg 1586w\" sizes=\"auto, (max-width: 1024px) 100vw, 1024px\" \/><figcaption class=\"wp-element-caption\"><em><strong>Isabella Soriano<\/strong> en una feria de empleabilidad.<\/em><\/figcaption><\/figure>\n\n\n\n<p>Y ah\u00ed est\u00e1 la otra parte del milagro: <strong>Unifranz<\/strong>, que no promete, sino que habilita; que no vende sue\u00f1os del extranjero, sino que ense\u00f1a a construirlos aqu\u00ed, en Bolivia, donde tantos j\u00f3venes sienten que el futuro se ha puesto cuesta arriba. <strong>Isabella <\/strong>es prueba de que s\u00ed se puede, y que se puede desde ahora, a pesar de las contingencias que atraviesa el pa\u00eds.<\/p>\n\n\n\n<p>Ella lo dice sin adornos: \u00aben <strong>Unifranz<\/strong> aprend\u00ed lo que aplica y ahora aplico lo que aprend\u00ed\u00bb. Se actualiza, prueba, falla, vuelve a intentar. Une la experiencia con la teor\u00eda. Se complementa. Crece. Y en medio de ese camino \u2014<strong>Isabella<\/strong> no es solamente publicista en formaci\u00f3n\u2014 florece tambi\u00e9n la escritora: esa poeta boliviana que quiere aportar al valor cultural del pa\u00eds y usar la publicidad como una catapulta creativa hacia la literatura.<\/p>\n\n\n\n<p>Su mensaje para otros j\u00f3venes es tan simple como urgente: \u00ab<strong>si tienen una puerta, crucen; si tienen una oportunidad, tomen; si tienen miedo, avancen igual\u00bb<\/strong>.<\/p>\n\n\n\n<p>Es que nada se mueve sin ese primer paso.<\/p>\n\n\n\n<p><strong>Isabella <\/strong>lo dio. Y hoy, desde <strong>Unifranz,<\/strong> demuestra que el futuro no est\u00e1 lejos: <strong>est\u00e1 aqu\u00ed<\/strong>, esperando a quienes se atreven a hacerlo suyo con el talento propio. Y con el apalancamiento de una universidad que posee una filosof\u00eda propia: <strong>aprender haciendo.<\/strong><\/p>\n\n\n\n<figure class=\"wp-block-image size-full\"><img loading=\"lazy\" decoding=\"async\" width=\"734\" height=\"914\" src=\"https:\/\/unifranz.edu.bo\/wp-content\/uploads\/2025\/12\/3.jpg\" alt=\"\" class=\"wp-image-710383\" srcset=\"https:\/\/unifranz.edu.bo\/wp-content\/uploads\/2025\/12\/3.jpg 734w, https:\/\/unifranz.edu.bo\/wp-content\/uploads\/2025\/12\/3-241x300.jpg 241w, https:\/\/unifranz.edu.bo\/wp-content\/uploads\/2025\/12\/3-10x12.jpg 10w\" sizes=\"auto, (max-width: 734px) 100vw, 734px\" \/><figcaption class=\"wp-element-caption\"><em><strong>Isabella Soriano, <\/strong>acompa\u00f1ada del Vicerrector de Unifranz Cochabamba, <strong>Ing. Rolando L\u00f3pez. <\/strong><\/em><\/figcaption><\/figure>","protected":false},"excerpt":{"rendered":"<p>Hay historias que empiezan casi en silencio, semejante a esas semillas que germinan cuando nadie mira&#8230; como la de Isabella Soriano \u2014una joven que activa marcas globales, escribe poes\u00eda, y camina entre aulas y oficinas con la misma serenidad con la que se enfrentan los sue\u00f1os grandes\u2014. Una historia que nace en Unifranz y se &hellip; <a href=\"https:\/\/unifranz.edu.bo\/pt\/blog\/aprender-haciendo-la-joven-que-convirtio-una-pasantia-en-su-primer-gran-salto\/\">Continued<\/a><\/p>","protected":false},"author":54,"featured_media":0,"comment_status":"open","ping_status":"open","sticky":false,"template":"","format":"standard","meta":{"_acf_changed":false,"footnotes":""},"categories":[60],"tags":[],"class_list":["post-710280","post","type-post","status-publish","format-standard","hentry","category-blog"],"acf":[],"_links":{"self":[{"href":"https:\/\/unifranz.edu.bo\/pt\/wp-json\/wp\/v2\/posts\/710280","targetHints":{"allow":["GET"]}}],"collection":[{"href":"https:\/\/unifranz.edu.bo\/pt\/wp-json\/wp\/v2\/posts"}],"about":[{"href":"https:\/\/unifranz.edu.bo\/pt\/wp-json\/wp\/v2\/types\/post"}],"author":[{"embeddable":true,"href":"https:\/\/unifranz.edu.bo\/pt\/wp-json\/wp\/v2\/users\/54"}],"replies":[{"embeddable":true,"href":"https:\/\/unifranz.edu.bo\/pt\/wp-json\/wp\/v2\/comments?post=710280"}],"version-history":[{"count":2,"href":"https:\/\/unifranz.edu.bo\/pt\/wp-json\/wp\/v2\/posts\/710280\/revisions"}],"predecessor-version":[{"id":710387,"href":"https:\/\/unifranz.edu.bo\/pt\/wp-json\/wp\/v2\/posts\/710280\/revisions\/710387"}],"wp:attachment":[{"href":"https:\/\/unifranz.edu.bo\/pt\/wp-json\/wp\/v2\/media?parent=710280"}],"wp:term":[{"taxonomy":"category","embeddable":true,"href":"https:\/\/unifranz.edu.bo\/pt\/wp-json\/wp\/v2\/categories?post=710280"},{"taxonomy":"post_tag","embeddable":true,"href":"https:\/\/unifranz.edu.bo\/pt\/wp-json\/wp\/v2\/tags?post=710280"}],"curies":[{"name":"wp","href":"https:\/\/api.w.org\/{rel}","templated":true}]}}