{"id":710186,"date":"2025-12-03T18:13:33","date_gmt":"2025-12-03T22:13:33","guid":{"rendered":"https:\/\/unifranz.edu.bo\/?p=710186"},"modified":"2025-12-03T18:13:36","modified_gmt":"2025-12-03T22:13:36","slug":"eduardo-hinojosa-y-el-sueno-de-transformar-una-ciudad-mal-disenada-en-un-lugar-para-todos","status":"publish","type":"post","link":"https:\/\/unifranz.edu.bo\/pt\/blog\/eduardo-hinojosa-y-el-sueno-de-transformar-una-ciudad-mal-disenada-en-un-lugar-para-todos\/","title":{"rendered":"Eduardo Hinojosa y el sue\u00f1o de transformar una ciudad mal dise\u00f1ada en un lugar para todos"},"content":{"rendered":"<p>Hasta los 15 a\u00f1os, Luis Eduardo Hinojosa Torrico viv\u00eda como cualquier adolescente. Iba al colegio, hac\u00eda deporte, aprend\u00eda a tocar guitarra, jugaba f\u00fatbol, montaba bicicleta y so\u00f1aba sin prisa con dedicarse a la m\u00fasica. La vida, por entonces, no ten\u00eda medidas, escalones ni obst\u00e1culos visibles. Todo parec\u00eda al alcance.<\/p>\n\n\n\n<p>Pero bast\u00f3 un instante para que todo cambiara. Un accidente le fractur\u00f3 las v\u00e9rtebras C3 y C4, provoc\u00e1ndole una lesi\u00f3n medular irreversible. La cuadriplejia lleg\u00f3 como diagn\u00f3stico y con ella, una nueva manera de habitar el mundo.<\/p>\n\n\n\n<blockquote class=\"wp-block-quote is-layout-flow wp-block-quote-is-layout-flow\">\n<p>\u201cNo puedo negarlo. Mucho tiempo he estado pregunt\u00e1ndome \u00bfpor qu\u00e9 a m\u00ed? pero lleg\u00f3 un momento en que hab\u00eda que seguir adelante. A uno le toca ver los medios y los modos de c\u00f3mo hacer las cosas. Para mi historia ese fue el nuevo sentido, encontrar una carrera, hacer mis cosas y tener mi emprendimiento. Busqu\u00e9 hacer las cosas y decir que soy&nbsp; independiente\u201d, se\u00f1ala Eduardo desde Cochabamba, hoy con 31 a\u00f1os de edad.<\/p>\n<\/blockquote>\n\n\n\n<p>No habla desde el drama, sino desde la conciencia adquirida a fuerza de experiencia. Porque si algo descubri\u00f3 tras perder el movimiento, fue otra cosa m\u00e1s dura a\u00fan: que el entorno tampoco se mover\u00eda por \u00e9l.<\/p>\n\n\n\n<h2 class=\"wp-block-heading\"><strong>La ciudad para la que se volvi\u00f3 invisible<\/strong><\/h2>\n\n\n\n<p>Salir a la ciudad en silla de ruedas no es sencillo. Aceras, gradas, pendientes o paradas de transporte mal ubicadas convierten un simple recorrido en un laberinto de obst\u00e1culos. En medio de ese caos Eduardo comprendi\u00f3 que su mayor desaf\u00edo no era solo personal, sino urbano. Calles, edificios y restaurantes que no estaban pensados para personas como \u00e9l comenzaron a mostrarse como una ciudad excluyente.<\/p>\n\n\n\n<blockquote class=\"wp-block-quote is-layout-flow wp-block-quote-is-layout-flow\">\n<p>\u201cMe ha tocado ir a varios lugares donde no hay rampas. He tenido que ingeni\u00e1rmelas para poder llegar de un lugar a otro\u201d, explica al describir una rutina ya conocida para \u00e9l y que, aunque no es lo correcto, la sociedad ha naturalizado.<\/p>\n<\/blockquote>\n\n\n\n<p>Lo que para muchos pasa inadvertido, para \u00e9l es una prueba constante. Gradas sin alternativas, puertas estrechas, accesos imposibles. Entonces lleg\u00f3 la idea que hoy lo impulsa: no es su cuerpo el que falla, es el dise\u00f1o.<\/p>\n\n\n\n<p>Eduardo no se queja de la falta de normas, sino de la falta de conciencia. \u201cA veces cumplen por cumplir un protocolo, ponen una rampa, pero no se preguntan si realmente puedo subirla solo, si tiene el espacio adecuado, si la inclinaci\u00f3n es correcta. No se trata de hacerla, se trata de pensarla\u201d.<\/p>\n\n\n\n<p>Y en ese pensamiento que puede ser tan personal aparece algo m\u00e1s amplio, que la inclusi\u00f3n no beneficia a unos pocos, sino a todos. Y es que una rampa no es solo para una persona en silla de ruedas, es para una mam\u00e1 con su beb\u00e9 en cochecito, para una persona mayor, para alguien con problemas articulares. \u201cEs para todos\u201d.<\/p>\n\n\n\n<h2 class=\"wp-block-heading\"><strong>Un cuerpo detenido, una mente en movimiento<\/strong><\/h2>\n\n\n\n<p>La historia de Eduardo no se detuvo con el accidente. Cambi\u00f3 de forma, pero no de direcci\u00f3n. Hoy estudia Publicidad y Marketing y ha emprendido su propio camino profesional con la misma determinaci\u00f3n con la que se enfrenta al d\u00eda a d\u00eda.<\/p>\n\n\n\n<blockquote class=\"wp-block-quote is-layout-flow wp-block-quote-is-layout-flow\">\n<p>\u201cDesde mi situaci\u00f3n busco hacer cosas que me permitan ser independiente. Y eso tambi\u00e9n es un sentido para la vida\u201d, afirma.<\/p>\n<\/blockquote>\n\n\n\n<p>No romantiza su realidad, pero tampoco se queda atrapado en ella. No desconoce los d\u00edas dif\u00edciles ni esconde los momentos de duda. Para \u00e9l, seguir no es una consigna, es una decisi\u00f3n consciente. \u201cLa clave es continuar, ser resilientes, apoyarse en quienes est\u00e1n contigo\u201d.<\/p>\n\n\n\n<p>Eduardo convive con su diagn\u00f3stico con aceptaci\u00f3n, pero sin resignaci\u00f3n. Su esperanza no es ingenua, es informada. \u201cS\u00e9 que tengo una lesi\u00f3n medular, s\u00e9 que soy usuario de silla de ruedas, pero tengo fe de que con los avances m\u00e9dicos esto pueda tener una soluci\u00f3n\u201d.<\/p>\n\n\n\n<h2 class=\"wp-block-heading\"><strong>Redise\u00f1ar el futuro<\/strong><\/h2>\n\n\n\n<p>Cuando habla del futuro, no lo hace solo desde lo personal, sino desde lo colectivo. Por eso cuando se le pregunta si dise\u00f1ar una ciudad inclusiva es su nueva misi\u00f3n, \u00e9l responde que no se trata de una lucha personal si no de una responsabilidad de todos. Sue\u00f1a con una ciudad distinta, no por est\u00e9tica, sino por justicia.&nbsp;<\/p>\n\n\n\n<blockquote class=\"wp-block-quote is-layout-flow wp-block-quote-is-layout-flow\">\n<p>\u201cSue\u00f1o con un mundo m\u00e1s adaptado, en el transporte, en las escuelas, en las universidades, en todos los espacios. La accesibilidad no es un lujo, es una responsabilidad compartida. Si quienes dise\u00f1an lugares se pusieran en los zapatos de una persona en silla de ruedas, entender\u00edan mucho mejor lo que est\u00e1 mal\u201d, afirma.<\/p>\n<\/blockquote>\n\n\n\n<p>Eduardo no quiere ser visto como una historia triste ni como una excepci\u00f3n heroica. Quiere ser reconocido como lo que es. \u201cSoy como cualquier otra persona. Puedo ayudar, aportar, hacer re\u00edr, acompa\u00f1ar\u201d.<\/p>\n\n\n\n<p>Cuando piensa en c\u00f3mo le gustar\u00eda ser recordado, no habla de batallas ganadas ni r\u00e9cords personales, habla de algo m\u00e1s simple. \u201cQuisiera ser recordado como el chico que, a pesar de todo, nunca apag\u00f3 su sonrisa\u201d.<\/p>\n\n\n\n<p>Eduardo Hinojosa no se propone cambiar el mundo desde la \u00e9pica, sino desde lo cotidiano. Desde una rampa bien hecha, una puerta abierta, un espacio pensado. Desde una ciudad que deje de ser un obst\u00e1culo y empiece a ser un lugar para todos.<\/p>\n\n\n\n<p>La silla, dice, no defini\u00f3 su valor, solo cambi\u00f3 la forma; no le impidi\u00f3 hacer cosas sino a hacerlas distinto.&nbsp; A veces, la verdadera discapacidad no est\u00e1 en el cuerpo, est\u00e1 en aquello que nunca se dise\u00f1\u00f3 para incluir.<\/p>","protected":false},"excerpt":{"rendered":"<p>Hasta los 15 a\u00f1os, Luis Eduardo Hinojosa Torrico viv\u00eda como cualquier adolescente. Iba al colegio, hac\u00eda deporte, aprend\u00eda a tocar guitarra, jugaba f\u00fatbol, montaba bicicleta y so\u00f1aba sin prisa con dedicarse a la m\u00fasica. La vida, por entonces, no ten\u00eda medidas, escalones ni obst\u00e1culos visibles. Todo parec\u00eda al alcance. Pero bast\u00f3 un instante para que &hellip; <a href=\"https:\/\/unifranz.edu.bo\/pt\/blog\/eduardo-hinojosa-y-el-sueno-de-transformar-una-ciudad-mal-disenada-en-un-lugar-para-todos\/\">Continued<\/a><\/p>","protected":false},"author":53,"featured_media":710187,"comment_status":"open","ping_status":"open","sticky":false,"template":"","format":"standard","meta":{"_acf_changed":false,"footnotes":""},"categories":[60],"tags":[53,5230,9164,1798,1422,9396,4142,242],"class_list":["post-710186","post","type-post","status-publish","format-standard","has-post-thumbnail","hentry","category-blog","tag-educacion","tag-historias-que-inspiran","tag-historias-que-valen-la-pena-contar","tag-ideas-que-vale-la-pena-difundir","tag-innovacion-en-educacion","tag-inspirar-para-transformar","tag-tedx-unifranz","tag-unifranz"],"acf":[],"_links":{"self":[{"href":"https:\/\/unifranz.edu.bo\/pt\/wp-json\/wp\/v2\/posts\/710186","targetHints":{"allow":["GET"]}}],"collection":[{"href":"https:\/\/unifranz.edu.bo\/pt\/wp-json\/wp\/v2\/posts"}],"about":[{"href":"https:\/\/unifranz.edu.bo\/pt\/wp-json\/wp\/v2\/types\/post"}],"author":[{"embeddable":true,"href":"https:\/\/unifranz.edu.bo\/pt\/wp-json\/wp\/v2\/users\/53"}],"replies":[{"embeddable":true,"href":"https:\/\/unifranz.edu.bo\/pt\/wp-json\/wp\/v2\/comments?post=710186"}],"version-history":[{"count":1,"href":"https:\/\/unifranz.edu.bo\/pt\/wp-json\/wp\/v2\/posts\/710186\/revisions"}],"predecessor-version":[{"id":710188,"href":"https:\/\/unifranz.edu.bo\/pt\/wp-json\/wp\/v2\/posts\/710186\/revisions\/710188"}],"wp:featuredmedia":[{"embeddable":true,"href":"https:\/\/unifranz.edu.bo\/pt\/wp-json\/wp\/v2\/media\/710187"}],"wp:attachment":[{"href":"https:\/\/unifranz.edu.bo\/pt\/wp-json\/wp\/v2\/media?parent=710186"}],"wp:term":[{"taxonomy":"category","embeddable":true,"href":"https:\/\/unifranz.edu.bo\/pt\/wp-json\/wp\/v2\/categories?post=710186"},{"taxonomy":"post_tag","embeddable":true,"href":"https:\/\/unifranz.edu.bo\/pt\/wp-json\/wp\/v2\/tags?post=710186"}],"curies":[{"name":"wp","href":"https:\/\/api.w.org\/{rel}","templated":true}]}}