{"id":710153,"date":"2025-12-02T18:54:31","date_gmt":"2025-12-02T22:54:31","guid":{"rendered":"https:\/\/unifranz.edu.bo\/?p=710153"},"modified":"2025-12-02T19:00:47","modified_gmt":"2025-12-02T23:00:47","slug":"inclusion-que-transforma-el-camino-laboral-de-las-personas-con-discapacidad","status":"publish","type":"post","link":"https:\/\/unifranz.edu.bo\/pt\/blog\/inclusion-que-transforma-el-camino-laboral-de-las-personas-con-discapacidad\/","title":{"rendered":"Inclusi\u00f3n que transforma: el camino laboral de las personas con discapacidad"},"content":{"rendered":"<p><em>Jorge L\u00f3pez<\/em><\/p>\n\n\n\n<p>La integraci\u00f3n laboral de las personas con discapacidad refleja cambios profundos en la sociedad y en la forma en que las organizaciones valoran el talento. Cada vez m\u00e1s empresas, instituciones educativas y organizaciones sociales se esfuerzan por abrir espacios que respeten la diversidad y reconozcan capacidades m\u00e1s all\u00e1 de las limitaciones f\u00edsicas o sensoriales. Estos esfuerzos generan empleo, autonom\u00eda y participaci\u00f3n plena, marcando un avance tangible hacia la equidad y la justicia social.<\/p>\n\n\n\n<blockquote class=\"wp-block-quote is-layout-flow wp-block-quote-is-layout-flow\">\n<p>\u201cCuando se deja de asociar la discapacidad con incapacidad y se empieza a valorar la diversidad que cada persona aporta, los espacios laborales se vuelven m\u00e1s justos y humanos. Las oportunidades se multiplican, y un entorno inclusivo no solo beneficia a quienes lo necesitan, sino que fortalece toda la organizaci\u00f3n y mejora la colaboraci\u00f3n entre los equipos de trabajo\u201d, explica&nbsp;Liudmila Loayza, directora de la carrera de Psicolog\u00eda de la Universidad Franz Tamayo (Unifranz).<\/p>\n<\/blockquote>\n\n\n\n<p>El impulso a la inclusi\u00f3n tambi\u00e9n se refleja en la capacitaci\u00f3n accesible, la adaptaci\u00f3n tecnol\u00f3gica y la sensibilizaci\u00f3n dentro de las empresas. La conmemoraci\u00f3n del D\u00eda Internacional de las Personas con Discapacidad este 3 de diciembre permite reconocer avances concretos, mostrando historias de quienes por primera vez acceden a un entorno laboral inclusivo, desarrollan sus habilidades y construyen independencia econ\u00f3mica, emocional y social.<\/p>\n\n\n\n<blockquote class=\"wp-block-quote is-layout-flow wp-block-quote-is-layout-flow\">\n<p>\u201cLa inclusi\u00f3n laboral no puede ser simb\u00f3lica ni limitada a cumplir cuotas; debe generar oportunidades reales y equitativas que permitan a las personas contribuir plenamente y desarrollar sus capacidades dentro de la sociedad. Solo as\u00ed se logra un entorno donde se valoren las competencias, se respeten los derechos y se construya una cultura laboral que promueva la diversidad en todos los niveles\u201d, afirma Loayza.&nbsp;<\/p>\n<\/blockquote>\n\n\n\n<p>En Bolivia, la situaci\u00f3n laboral de las personas con discapacidad evidencia una brecha persistente. Aunque el Sistema de Informaci\u00f3n para el Registro \u00danico Nacional de Personas con Discapacidad (SIPRUNPCD) contabiliza 118.229 personas registradas al 2025 \u2014muy por debajo de los datos oficiales del Censo Nacional de Poblaci\u00f3n y Vivienda 2024, que registra a 588.231 personas con diferentes tipos y grados de discapacidad\u2014, sus oportunidades laborales siguen siendo limitadas. Solo el 28,5% de la poblaci\u00f3n en edad de trabajar accede a un empleo, mientras que la tasa de desempleo alcanza el 19,7%, casi el doble de la registrada en la poblaci\u00f3n general (11,8%). Esta disparidad revela los desaf\u00edos estructurales que enfrentan para acceder a un trabajo digno e inclusivo.<\/p>\n\n\n\n<p><strong>La diversidad fortalece la cohesi\u00f3n<\/strong><\/p>\n\n\n\n<p>Universidades, colectivos y organizaciones sociales han impulsado la formaci\u00f3n t\u00e9cnica y profesional, la accesibilidad y la adaptaci\u00f3n de procesos. Esto ha permitido que m\u00e1s personas con discapacidad ingresen a sectores administrativos, creativos, tecnol\u00f3gicos y de servicios, demostrando que la diversidad no solo aporta innovaci\u00f3n, sino que fortalece la cohesi\u00f3n y la cultura de los equipos de trabajo en distintas \u00e1reas.<\/p>\n\n\n\n<blockquote class=\"wp-block-quote is-layout-flow wp-block-quote-is-layout-flow\">\n<p>\u201cMuchos de los cambios que vemos hoy nacen de escuchar a las personas con discapacidad y comprender qu\u00e9 necesitan para desempe\u00f1arse en igualdad de condiciones. La inclusi\u00f3n laboral debe garantizar espacios seguros, acompa\u00f1amiento adecuado y posibilidades de crecimiento, fomentando un ambiente donde cada persona pueda aportar su talento y sentirse valorada dentro de la organizaci\u00f3n\u201d, se\u00f1ala la&nbsp;Organizaci\u00f3n Boliviana de la Discapacidad.<\/p>\n<\/blockquote>\n\n\n\n<p>Adem\u00e1s, el desarrollo de plataformas digitales inclusivas y programas de empleabilidad ha permitido superar barreras f\u00edsicas y de comunicaci\u00f3n. Esto ha generado oportunidades para que personas con discapacidad se integren en \u00e1reas administrativas, educaci\u00f3n, tecnolog\u00eda, marketing y servicios, demostrando que la inclusi\u00f3n efectiva ampl\u00eda horizontes y fortalece la productividad de las instituciones que la adoptan.<\/p>\n\n\n\n<p>\u201cLa integraci\u00f3n de personas con discapacidad en el \u00e1mbito laboral fortalece tanto a quienes trabajan como a las instituciones, creando un entorno m\u00e1s diverso, innovador y justo. Cada persona que logra insertarse en un empleo formal aporta no solo con su capacidad, sino tambi\u00e9n con nuevas perspectivas que enriquecen la toma de decisiones y el desarrollo de proyectos dentro de cualquier organizaci\u00f3n\u201d, informa la Organizaci\u00f3n Nacional de Ciegos Espa\u00f1oles, Fundaci\u00f3n ONCE.&nbsp;<\/p>\n\n\n\n<p>Estos avances demuestran que la inclusi\u00f3n laboral no solo beneficia a quienes acceden a un empleo, sino que transforma la din\u00e1mica de los equipos y la cultura organizacional.&nbsp;<\/p>\n\n\n\n<p><strong>Inclusi\u00f3n de personas con discapacidad fomenta la creatividad<\/strong><\/p>\n\n\n\n<p>La participaci\u00f3n activa de personas con discapacidad genera nuevas perspectivas, fomenta la creatividad y fortalece la colaboraci\u00f3n, consolidando entornos m\u00e1s equitativos, diversos y productivos en las organizaciones.<\/p>\n\n\n\n<blockquote class=\"wp-block-quote is-layout-flow wp-block-quote-is-layout-flow\">\n<p>\u201cLa inclusi\u00f3n no solo debe verse como un derecho, sino como un compromiso social y empresarial que genera impacto positivo en toda la comunidad. Incorporar a personas con discapacidad fortalece la cultura organizacional, aumenta la creatividad y permite construir equipos m\u00e1s resilientes y diversos, donde cada integrante aporta valor de manera \u00fanica\u201d, concluye Liudmila Loayza.<\/p>\n<\/blockquote>\n\n\n\n<p>Cada contrataci\u00f3n inclusiva representa m\u00e1s que un empleo: es una oportunidad de autonom\u00eda, aprendizaje y crecimiento. Los logros alcanzados reflejan que, con compromiso, sensibilidad y pol\u00edticas efectivas, es posible transformar el mercado laboral, promoviendo un modelo donde la igualdad de oportunidades deje de ser un ideal y se convierta en una realidad cotidiana para millones de personas, fortaleciendo la justicia social y la participaci\u00f3n activa de todos.<\/p>","protected":false},"excerpt":{"rendered":"<p>La inclusi\u00f3n laboral de personas con discapacidad transforma organizaciones, impulsa la diversidad y abre oportunidades reales hacia la autonom\u00eda y la equidad. Este 3 de diciembre se celebra el D\u00eda Internacional de las Personas con Discapacidad.<\/p>","protected":false},"author":50,"featured_media":710156,"comment_status":"open","ping_status":"open","sticky":false,"template":"","format":"standard","meta":{"_acf_changed":false,"footnotes":""},"categories":[60],"tags":[53,11664,1422,6695,3016,240,5264,242],"class_list":["post-710153","post","type-post","status-publish","format-standard","has-post-thumbnail","hentry","category-blog","tag-educacion","tag-inclusion-laboral","tag-innovacion-en-educacion","tag-oportunidades-laborales","tag-personas-con-discapacidad","tag-psicologia","tag-trabajo-en-bolivia","tag-unifranz"],"acf":[],"_links":{"self":[{"href":"https:\/\/unifranz.edu.bo\/pt\/wp-json\/wp\/v2\/posts\/710153","targetHints":{"allow":["GET"]}}],"collection":[{"href":"https:\/\/unifranz.edu.bo\/pt\/wp-json\/wp\/v2\/posts"}],"about":[{"href":"https:\/\/unifranz.edu.bo\/pt\/wp-json\/wp\/v2\/types\/post"}],"author":[{"embeddable":true,"href":"https:\/\/unifranz.edu.bo\/pt\/wp-json\/wp\/v2\/users\/50"}],"replies":[{"embeddable":true,"href":"https:\/\/unifranz.edu.bo\/pt\/wp-json\/wp\/v2\/comments?post=710153"}],"version-history":[{"count":2,"href":"https:\/\/unifranz.edu.bo\/pt\/wp-json\/wp\/v2\/posts\/710153\/revisions"}],"predecessor-version":[{"id":710157,"href":"https:\/\/unifranz.edu.bo\/pt\/wp-json\/wp\/v2\/posts\/710153\/revisions\/710157"}],"wp:featuredmedia":[{"embeddable":true,"href":"https:\/\/unifranz.edu.bo\/pt\/wp-json\/wp\/v2\/media\/710156"}],"wp:attachment":[{"href":"https:\/\/unifranz.edu.bo\/pt\/wp-json\/wp\/v2\/media?parent=710153"}],"wp:term":[{"taxonomy":"category","embeddable":true,"href":"https:\/\/unifranz.edu.bo\/pt\/wp-json\/wp\/v2\/categories?post=710153"},{"taxonomy":"post_tag","embeddable":true,"href":"https:\/\/unifranz.edu.bo\/pt\/wp-json\/wp\/v2\/tags?post=710153"}],"curies":[{"name":"wp","href":"https:\/\/api.w.org\/{rel}","templated":true}]}}