{"id":710102,"date":"2025-11-30T07:35:45","date_gmt":"2025-11-30T11:35:45","guid":{"rendered":"https:\/\/unifranz.edu.bo\/?p=710102"},"modified":"2025-12-03T10:35:12","modified_gmt":"2025-12-03T14:35:12","slug":"unifranz-fortalece-la-investigacion-cientifica-en-la-formacion-de-futuros-odontologos","status":"publish","type":"post","link":"https:\/\/unifranz.edu.bo\/pt\/blog\/unifranz-fortalece-la-investigacion-cientifica-en-la-formacion-de-futuros-odontologos\/","title":{"rendered":"Unifranz fortalece la investigaci\u00f3n cient\u00edfica en la formaci\u00f3n de futuros odont\u00f3logos"},"content":{"rendered":"<p>La generaci\u00f3n de nuevo conocimiento se ha convertido en un pilar esencial en la formaci\u00f3n de los profesionales en salud. Este compromiso se refleja en el trabajo acad\u00e9mico e investigativo que la Universidad Franz Tamayo, Unifranz, impulsa desde la Sociedad Cient\u00edfica de Estudiantes de Odontolog\u00eda, que promueve procesos formativos, integra ciencia, pr\u00e1ctica cl\u00ednica y participaci\u00f3n activa de los futuros profesionales en espacios acad\u00e9micos nacionales e internacionales.<\/p>\n\n\n\n<p>Vanesa Ni\u00f1o de Guzm\u00e1n, odont\u00f3loga, docente e investigadora, explica que la Sociedad Cient\u00edfica de Estudiantes de Odontolog\u00eda naci\u00f3 como un espacio para promover la investigaci\u00f3n aplicada desde los primeros a\u00f1os de formaci\u00f3n. Bajo su coordinaci\u00f3n, esta comunidad cient\u00edfica se ha consolidado como un n\u00facleo activo de capacitaci\u00f3n y producci\u00f3n acad\u00e9mica.<\/p>\n\n\n\n<figure class=\"wp-block-embed is-type-video is-provider-youtube wp-block-embed-youtube wp-embed-aspect-16-9 wp-has-aspect-ratio\"><div class=\"wp-block-embed__wrapper\">\n<iframe loading=\"lazy\" title=\"Unifranz fortalece la investigaci\u00f3n cient\u00edfica en la formaci\u00f3n de futuros odont\u00f3logos\" width=\"500\" height=\"281\" src=\"https:\/\/www.youtube.com\/embed\/xQPoW7qsNc0?feature=oembed\" frameborder=\"0\" allow=\"accelerometer; autoplay; clipboard-write; encrypted-media; gyroscope; picture-in-picture; web-share\" referrerpolicy=\"strict-origin-when-cross-origin\" allowfullscreen><\/iframe>\n<\/div><\/figure>\n\n\n\n<blockquote class=\"wp-block-quote is-layout-flow wp-block-quote-is-layout-flow\">\n<p>\u201cPensamos que la investigaci\u00f3n es el arma m\u00e1s poderosa que ahora todos tenemos para poder seguir form\u00e1ndonos profesionalmente. Al hacer investigaci\u00f3n, los estudiantes est\u00e1n un paso m\u00e1s adelante porque fortalecen habilidades, destrezas y ampl\u00edan sus oportunidades acad\u00e9micas\u201d, afirma Ni\u00f1o de Guzm\u00e1n.<\/p>\n<\/blockquote>\n\n\n\n<p>En los \u00faltimos meses, los integrantes de la sociedad cient\u00edfica participaron en talleres especializados en fotograf\u00eda cl\u00ednica, instrumental ultras\u00f3nico y t\u00e9cnicas de sutura, impartidos por docentes expertos como Cecilia Land\u00edvar, Romeo \u00c1brego y Emilio Centeno. Adem\u00e1s, los estudiantes presentaron casos cl\u00ednicos en el Congreso Nacional de la Sociedad Cient\u00edfica de Estudiantes de Odontolog\u00eda y en el Congreso de la Universidad Latina de Costa Rica, fortaleciendo su proyecci\u00f3n internacional.<\/p>\n\n\n\n<blockquote class=\"wp-block-quote is-layout-flow wp-block-quote-is-layout-flow\">\n<p>\u201cLos estudiantes van adquiriendo destrezas en investigaci\u00f3n que les permiten abrirse espacio a nivel profesional, acceder a congresos y actualizarse constantemente. Todo lo que se desarrolla en la sociedad cient\u00edfica va de la mano de la pr\u00e1ctica, integrando teor\u00eda y experiencia cl\u00ednica para potenciar competencias reales\u201d, se\u00f1ala la acad\u00e9mica.<\/p>\n<\/blockquote>\n\n\n\n<p>La carrera de Odontolog\u00eda de Unifranz desarrolla estas iniciativas en un entorno acad\u00e9mico respaldado por una Cl\u00ednica Odontol\u00f3gica propia, equipada con tecnolog\u00eda moderna y condiciones \u00f3ptimas para la pr\u00e1ctica cl\u00ednica y la investigaci\u00f3n aplicada. Este espacio acad\u00e9mico asistencial permite a los estudiantes experimentar con procedimientos reales, documentar casos cl\u00ednicos y profundizar en metodolog\u00edas cient\u00edficas, fortaleciendo as\u00ed su formaci\u00f3n integral y contribuyendo a la generaci\u00f3n de nuevo conocimiento en el \u00e1rea de la salud.<\/p>\n\n\n\n<figure class=\"wp-block-image size-full\"><img loading=\"lazy\" decoding=\"async\" width=\"1000\" height=\"1000\" src=\"https:\/\/unifranz.edu.bo\/wp-content\/uploads\/2025\/11\/WhatsApp-Image-2025-11-30-at-065206.jpeg\" alt=\"\" class=\"wp-image-710104\" srcset=\"https:\/\/unifranz.edu.bo\/wp-content\/uploads\/2025\/11\/WhatsApp-Image-2025-11-30-at-065206.jpeg 1000w, https:\/\/unifranz.edu.bo\/wp-content\/uploads\/2025\/11\/WhatsApp-Image-2025-11-30-at-065206-300x300.jpeg 300w, https:\/\/unifranz.edu.bo\/wp-content\/uploads\/2025\/11\/WhatsApp-Image-2025-11-30-at-065206-768x768.jpeg 768w, https:\/\/unifranz.edu.bo\/wp-content\/uploads\/2025\/11\/WhatsApp-Image-2025-11-30-at-065206-12x12.jpeg 12w\" sizes=\"auto, (max-width: 1000px) 100vw, 1000px\" \/><figcaption class=\"wp-element-caption\">Vanesa Ni\u00f1o de Guzm\u00e1n, odont\u00f3loga, docente e investigadora<\/figcaption><\/figure>\n\n\n\n<p>Adem\u00e1s, Unifranz se consolida entre las universidades m\u00e1s comprometidas con la generaci\u00f3n de conocimiento en Bolivia. Seg\u00fan el ranking internacional <strong>AD Scientific Index 2026<\/strong>, la instituci\u00f3n se posiciona en el <strong>top nacional<\/strong> por su producci\u00f3n cient\u00edfica y por el aporte de sus investigadores a la soluci\u00f3n de problemas reales del pa\u00eds. Este reconocimiento refuerza el modelo acad\u00e9mico de Unifranz, que impulsa la investigaci\u00f3n aplicada como eje fundamental de la formaci\u00f3n profesional y de la transformaci\u00f3n social.<\/p>\n\n\n\n<p>De cara al nuevo a\u00f1o acad\u00e9mico, la sociedad cient\u00edfica proyecta nuevos talleres, investigaciones y participaciones internacionales, adem\u00e1s de iniciativas que vinculan la pr\u00e1ctica cl\u00ednica con las ciencias b\u00e1sicas. La docente invita a la comunidad universitaria a sumarse.<\/p>\n\n\n\n<p>Con este enfoque, Unifranz reafirma su apuesta por una formaci\u00f3n basada en la investigaci\u00f3n, la pr\u00e1ctica activa y la producci\u00f3n cient\u00edfica, pilares que fortalecen el perfil del futuro odont\u00f3logo y contribuyen al avance del conocimiento en salud en Bolivia.<\/p>","protected":false},"excerpt":{"rendered":"<p>La generaci\u00f3n de nuevo conocimiento se ha convertido en un pilar esencial en la formaci\u00f3n de los profesionales en salud. Este compromiso se refleja en el trabajo acad\u00e9mico e investigativo que la Universidad Franz Tamayo, Unifranz, impulsa desde la Sociedad Cient\u00edfica de Estudiantes de Odontolog\u00eda, que promueve procesos formativos, integra ciencia, pr\u00e1ctica cl\u00ednica y participaci\u00f3n &hellip; <a href=\"https:\/\/unifranz.edu.bo\/pt\/blog\/unifranz-fortalece-la-investigacion-cientifica-en-la-formacion-de-futuros-odontologos\/\">Continued<\/a><\/p>","protected":false},"author":33,"featured_media":710103,"comment_status":"open","ping_status":"open","sticky":false,"template":"","format":"standard","meta":{"_acf_changed":false,"footnotes":""},"categories":[2576,60,2022,2980],"tags":[1422,7764,186,43,11659,242,3624],"class_list":["post-710102","post","type-post","status-publish","format-standard","has-post-thumbnail","hentry","category-unifranz-santa-cruz","category-blog","category-odontologia","category-odontologia-es-2","tag-innovacion-en-educacion","tag-investigacion-cientifica","tag-odontologia","tag-santa-cruz","tag-sociedad-cientifica-de-estudiantes-de-odontologia","tag-unifranz","tag-unifranz-santa-cruz"],"acf":[],"_links":{"self":[{"href":"https:\/\/unifranz.edu.bo\/pt\/wp-json\/wp\/v2\/posts\/710102","targetHints":{"allow":["GET"]}}],"collection":[{"href":"https:\/\/unifranz.edu.bo\/pt\/wp-json\/wp\/v2\/posts"}],"about":[{"href":"https:\/\/unifranz.edu.bo\/pt\/wp-json\/wp\/v2\/types\/post"}],"author":[{"embeddable":true,"href":"https:\/\/unifranz.edu.bo\/pt\/wp-json\/wp\/v2\/users\/33"}],"replies":[{"embeddable":true,"href":"https:\/\/unifranz.edu.bo\/pt\/wp-json\/wp\/v2\/comments?post=710102"}],"version-history":[{"count":2,"href":"https:\/\/unifranz.edu.bo\/pt\/wp-json\/wp\/v2\/posts\/710102\/revisions"}],"predecessor-version":[{"id":710169,"href":"https:\/\/unifranz.edu.bo\/pt\/wp-json\/wp\/v2\/posts\/710102\/revisions\/710169"}],"wp:featuredmedia":[{"embeddable":true,"href":"https:\/\/unifranz.edu.bo\/pt\/wp-json\/wp\/v2\/media\/710103"}],"wp:attachment":[{"href":"https:\/\/unifranz.edu.bo\/pt\/wp-json\/wp\/v2\/media?parent=710102"}],"wp:term":[{"taxonomy":"category","embeddable":true,"href":"https:\/\/unifranz.edu.bo\/pt\/wp-json\/wp\/v2\/categories?post=710102"},{"taxonomy":"post_tag","embeddable":true,"href":"https:\/\/unifranz.edu.bo\/pt\/wp-json\/wp\/v2\/tags?post=710102"}],"curies":[{"name":"wp","href":"https:\/\/api.w.org\/{rel}","templated":true}]}}