{"id":710089,"date":"2025-11-28T18:34:39","date_gmt":"2025-11-28T22:34:39","guid":{"rendered":"https:\/\/unifranz.edu.bo\/?p=710089"},"modified":"2025-11-28T18:34:42","modified_gmt":"2025-11-28T22:34:42","slug":"as-ideias-voltam-a-ganhar-voz-o-fenomeno-tedx-se-prepara-para-uma-nova-edicao","status":"publish","type":"post","link":"https:\/\/unifranz.edu.bo\/pt\/blog\/as-ideias-voltam-a-ganhar-voz-o-fenomeno-tedx-se-prepara-para-uma-nova-edicao\/","title":{"rendered":"As ideias voltam a ganhar voz: o fen\u00f4meno TEDx se prepara para uma nova edi\u00e7\u00e3o"},"content":{"rendered":"<p>Em todo o mundo, o selo TEDx alcan\u00e7ou algo incomum: transformar palcos locais em plataformas de alcance global. Na Bol\u00edvia, sob a lideran\u00e7a da Universidade Franz Tamayo (Unifranz), cada edi\u00e7\u00e3o demonstra que uma ideia \u2014 ou uma hist\u00f3ria poderosa e bem contada \u2014 pode abrir caminhos inesperados, questionar certezas e acender conversas.<\/p>\n\n\n\n<blockquote class=\"wp-block-quote is-layout-flow wp-block-quote-is-layout-flow\">\n<p>\u201cEm sintonia com a filosofia TED de \u2018ideas worth spreading\u2019, seu prop\u00f3sito \u00e9 dar visibilidade a vozes capazes de transformar realidades, projetando, a partir da Bol\u00edvia, ideias que dialogam com o mundo. Trata-se de uma plataforma de alto impacto para promover uma cultura na qual os jovens pensam criticamente, lideram com prop\u00f3sito e inovam com consci\u00eancia social\u201d, explica Laura Poveda, coordenadora nacional de eventos internacionais da Unifranz.<\/p>\n<\/blockquote>\n\n\n\n<p>O TEDx n\u00e3o \u00e9 apenas uma sequ\u00eancia de palestras, mas um laborat\u00f3rio de ideias vivas, um ponto de encontro para quem busca compreender e transformar o pr\u00f3prio entorno. A expectativa n\u00e3o nasce do espet\u00e1culo, mas da sensa\u00e7\u00e3o de que, por alguns minutos, \u00e9 poss\u00edvel olhar o mundo a partir de um \u00e2ngulo completamente diferente.<\/p>\n\n\n\n<p>Em Cochabamba, na Bol\u00edvia, aproxima-se a quinta edi\u00e7\u00e3o do formato. Em 10 de dezembro, voltar\u00e3o a ecoar vozes diversas que ousam narrar, explicar, desafiar e propor.<\/p>\n\n\n\n<h2 class=\"wp-block-heading\"><strong>TED, a origem que conquistou o mundo<\/strong><\/h2>\n\n\n\n<p>Para compreender o esp\u00edrito dessa iniciativa, \u00e9 necess\u00e1rio voltar \u00e0s suas ra\u00edzes. O TED nasceu como uma confer\u00eancia centrada em Tecnologia, Entretenimento e Design; contudo, a qualidade de seus conte\u00fados e de seus palestrantes ampliou seu alcance. Hoje, abrange praticamente todas as \u00e1reas do pensamento humano.<\/p>\n\n\n\n<p>As palestras, caracterizadas pela brevidade e pela clareza, tornaram-se um fen\u00f4meno global. Foi essa expans\u00e3o que deu origem ao TEDx, um programa que autoriza comunidades locais a organizarem seus pr\u00f3prios eventos sob a licen\u00e7a do TED.<\/p>\n\n\n\n<p>O \u201cx\u201d n\u00e3o \u00e9 um detalhe menor: representa independ\u00eancia, identidade e a adapta\u00e7\u00e3o do formato \u00e0 realidade de cada cidade. Assim, o movimento busca democratizar o acesso ao conhecimento e fazer com que hist\u00f3rias locais encontrem resson\u00e2ncia em toda a rede internacional.<\/p>\n\n\n\n<h2 class=\"wp-block-heading\"><strong>O percurso do TEDx Unifranz<\/strong><\/h2>\n\n\n\n<p>A Bol\u00edvia n\u00e3o ficou alheia a esse movimento. O TEDx Unifranz j\u00e1 conta com quatro edi\u00e7\u00f5es anteriores e se prepara para a quinta. J\u00e1 reuniu pesquisadores, empreendedores, cientistas, artistas e agentes de mudan\u00e7a, consolidando o evento como um dos espa\u00e7os mais influentes de divulga\u00e7\u00e3o em ambientes acad\u00eamicos alternativos.<\/p>\n\n\n\n<p>Diferentemente de outros encontros, o evento n\u00e3o apenas apresenta palestras, mas tamb\u00e9m constr\u00f3i comunidade. O impacto n\u00e3o se mede somente pela presen\u00e7a no dia do evento, mas pelas conversas que continuam depois, em salas de aula, espa\u00e7os culturais, redes e empreendimentos que ganham forma a partir de uma centelha inicial.<\/p>\n\n\n\n<p>\u00c0s v\u00e9speras da edi\u00e7\u00e3o de 2025, o contexto torna-se especialmente relevante. O pa\u00eds vive um momento de efervesc\u00eancia cultural e tecnol\u00f3gica, com novas gera\u00e7\u00f5es que buscam espa\u00e7os para se expressar e conectar com vis\u00f5es contempor\u00e2neas.<\/p>\n\n\n\n<blockquote class=\"wp-block-quote is-layout-flow wp-block-quote-is-layout-flow\">\n<p>\u201cPara esta nova edi\u00e7\u00e3o, esperamos ideias genu\u00ednas, relevantes e baseadas em evid\u00eancias; propostas que desafiem o convencional e contribuam para a constru\u00e7\u00e3o de um pa\u00eds mais consciente, inovador e humano. \u00c9, mais uma vez, o palco em que a Bol\u00edvia fala ao mundo\u2026 e o mundo escuta\u201d, afirma Poveda.<\/p>\n<\/blockquote>\n\n\n\n<h2 class=\"wp-block-heading\"><strong>A diferen\u00e7a em rela\u00e7\u00e3o a outros encontros<\/strong><\/h2>\n\n\n\n<p>Ao contr\u00e1rio de congressos especializados ou simp\u00f3sios acad\u00eamicos, o TEDx n\u00e3o busca apenas profundidade t\u00e9cnica; seu objetivo \u00e9 transmitir de forma clara uma ideia que inspire, questione ou mobilize. As palestras s\u00e3o preparadas durante meses, lapidadas palavra por palavra e apresentadas sem pretens\u00f5es comerciais.<\/p>\n\n\n\n<p>Tamb\u00e9m n\u00e3o se trata de discursos improvisados nem de confer\u00eancias convencionais. O palestrante precisa ser capaz de condensar uma mensagem poderosa em poucos minutos \u2014 o que exige rigor, narrativa e autenticidade.<\/p>\n\n\n\n<p>Essa estrutura, que combina criatividade e disciplina, \u00e9 outro diferencial em rela\u00e7\u00e3o a eventos similares. O p\u00fablico n\u00e3o vai apenas para ouvir, mas para se conectar emocional e intelectualmente com as experi\u00eancias apresentadas no palco.<\/p>\n\n\n\n<p>O TEDx Unifranz 2025 n\u00e3o chega como mais uma edi\u00e7\u00e3o, mas como uma oportunidade de reposicionar o di\u00e1logo intelectual e criativo no pa\u00eds, celebrar a pluralidade de vozes e abrir as portas a novas narrativas que merecem ser ouvidas.<\/p>","protected":false},"excerpt":{"rendered":"<p>O TEDx Unifranz 2025 retorna para amplificar ideias poderosas a partir da Bol\u00edvia, conectando vozes locais a um impacto global.<\/p>","protected":false},"author":53,"featured_media":709951,"comment_status":"open","ping_status":"open","sticky":false,"template":"","format":"standard","meta":{"_acf_changed":false,"footnotes":""},"categories":[60],"tags":[53,386,5230,1422,11096,5516,771,8452,242],"class_list":["post-710089","post","type-post","status-publish","format-standard","has-post-thumbnail","hentry","category-blog","tag-educacion","tag-estudiantes","tag-historias-que-inspiran","tag-innovacion-en-educacion","tag-internacionalziacion","tag-speakers","tag-tedx","tag-transformando-vidas","tag-unifranz"],"acf":[],"_links":{"self":[{"href":"https:\/\/unifranz.edu.bo\/pt\/wp-json\/wp\/v2\/posts\/710089","targetHints":{"allow":["GET"]}}],"collection":[{"href":"https:\/\/unifranz.edu.bo\/pt\/wp-json\/wp\/v2\/posts"}],"about":[{"href":"https:\/\/unifranz.edu.bo\/pt\/wp-json\/wp\/v2\/types\/post"}],"author":[{"embeddable":true,"href":"https:\/\/unifranz.edu.bo\/pt\/wp-json\/wp\/v2\/users\/53"}],"replies":[{"embeddable":true,"href":"https:\/\/unifranz.edu.bo\/pt\/wp-json\/wp\/v2\/comments?post=710089"}],"version-history":[{"count":1,"href":"https:\/\/unifranz.edu.bo\/pt\/wp-json\/wp\/v2\/posts\/710089\/revisions"}],"predecessor-version":[{"id":710092,"href":"https:\/\/unifranz.edu.bo\/pt\/wp-json\/wp\/v2\/posts\/710089\/revisions\/710092"}],"wp:featuredmedia":[{"embeddable":true,"href":"https:\/\/unifranz.edu.bo\/pt\/wp-json\/wp\/v2\/media\/709951"}],"wp:attachment":[{"href":"https:\/\/unifranz.edu.bo\/pt\/wp-json\/wp\/v2\/media?parent=710089"}],"wp:term":[{"taxonomy":"category","embeddable":true,"href":"https:\/\/unifranz.edu.bo\/pt\/wp-json\/wp\/v2\/categories?post=710089"},{"taxonomy":"post_tag","embeddable":true,"href":"https:\/\/unifranz.edu.bo\/pt\/wp-json\/wp\/v2\/tags?post=710089"}],"curies":[{"name":"wp","href":"https:\/\/api.w.org\/{rel}","templated":true}]}}