{"id":710055,"date":"2025-11-27T18:47:13","date_gmt":"2025-11-27T22:47:13","guid":{"rendered":"https:\/\/unifranz.edu.bo\/?p=710055"},"modified":"2025-11-27T18:47:16","modified_gmt":"2025-11-27T22:47:16","slug":"no-necesitamos-un-gran-proposito-para-creer-que-nuestra-vida-tiene-sentido-el-viaje-resiliente-de-valeria-rivero","status":"publish","type":"post","link":"https:\/\/unifranz.edu.bo\/pt\/blog\/no-necesitamos-un-gran-proposito-para-creer-que-nuestra-vida-tiene-sentido-el-viaje-resiliente-de-valeria-rivero\/","title":{"rendered":"\u201cNo necesitamos un gran prop\u00f3sito para creer que nuestra vida tiene sentido\u201d: el viaje resiliente de Valeria Rivero"},"content":{"rendered":"<p>A sus 25 a\u00f1os, Valeria Rivero habla con una claridad que parece haber sido trabajada capa por capa, igual que los prototipos que dise\u00f1a en el Fab Lab Santa Cruz.\u00a0<\/p>\n\n\n\n<blockquote class=\"wp-block-quote is-layout-flow wp-block-quote-is-layout-flow\">\n<p>\u201cCreo que no necesitamos un gran prop\u00f3sito para creer que nuestra vida tiene sentido; simplemente tener pasi\u00f3n por lo que hacemos para crear un impacto significativo desde donde estamos\u201d, afirma con la serenidad de quien conoce el peso de sus propias ra\u00edces.<\/p>\n<\/blockquote>\n\n\n\n<p>Esa frase revela la esencia del momento que vive: una etapa de consolidaci\u00f3n, donde su historia personal se enlaza con un proyecto que promete transformar la vida de comunidades que, como la suya, han estado hist\u00f3ricamente al margen de los servicios b\u00e1sicos.<\/p>\n\n\n\n<p>Su inventiva y ganas de cambiar al mundo la han llevado a compartir su experiencia en la charla TEDx Unifranz 2025, el pr\u00f3ximo 10 de diciembre en Cochabamba.<\/p>\n\n\n\n<p>Valeria naci\u00f3 en Guayaramer\u00edn, en el Beni, un territorio amaz\u00f3nico donde la belleza natural convive con profundas deficiencias estructurales. Su infancia, lejos de ser ajena a esas carencias, estuvo marcada por ellas. De la mano de su padre, ingeniero el\u00e9ctrico, recorr\u00eda poblaciones que sobreviv\u00edan sin energ\u00eda, sin saneamiento y con una precariedad que parec\u00eda normalizada.&nbsp;<\/p>\n\n\n\n<blockquote class=\"wp-block-quote is-layout-flow wp-block-quote-is-layout-flow\">\n<p>\u201cEs algo que me marc\u00f3 y me ayud\u00f3 a encontrar mi vocaci\u00f3n\u201d, recuerda. Aquellas visitas se convirtieron en una escuela silenciosa, un mapa temprano de las desigualdades que m\u00e1s tarde buscar\u00eda enfrentar desde la ingenier\u00eda.<\/p>\n<\/blockquote>\n\n\n\n<p>Entre esas memorias hay una que sobresale con nitidez: la inundaci\u00f3n de 2008 en el Beni. Ten\u00eda apenas ocho a\u00f1os, pero la experiencia la atraves\u00f3 por completo.&nbsp;<\/p>\n\n\n\n<blockquote class=\"wp-block-quote is-layout-flow wp-block-quote-is-layout-flow\">\n<p>\u201cFue una situaci\u00f3n muy cr\u00edtica\u2026 desde la ni\u00f1ez uno cree que es algo ideal llenarse de agua, pero te das cuenta de las necesidades, de la deficiencia de la vivienda, de c\u00f3mo influye en la educaci\u00f3n y en la calidad de vida\u201d. Ese episodio no s\u00f3lo revel\u00f3 cu\u00e1n fr\u00e1giles pod\u00edan ser los entornos, sino tambi\u00e9n c\u00f3mo el acceso a servicios b\u00e1sicos puede decidir el rumbo de una vida. A\u00f1os despu\u00e9s, esa comprensi\u00f3n se transformar\u00eda en motor.<\/p>\n<\/blockquote>\n\n\n\n<p>Consciente de las limitaciones educativas de su regi\u00f3n, Valeria se traslad\u00f3 a Santa Cruz para estudiar Ingenier\u00eda Electromec\u00e1nica, impulsada por sus padres y por el deseo de ampliar oportunidades. All\u00ed encontr\u00f3 un espacio inesperado: el naciente Fab Lab Santa Cruz.&nbsp;<\/p>\n\n\n\n<blockquote class=\"wp-block-quote is-layout-flow wp-block-quote-is-layout-flow\">\n<p>\u201cFui la primera voluntaria del Fab Lab, cuando no hab\u00eda nada a\u00fan\u201d, recuerda. En su primer d\u00eda, apenas hab\u00eda unas cuantas m\u00e1quinas y herramientas dispersas, y la idea misma de lo que significaba un laboratorio de fabricaci\u00f3n digital era desconocida para la mayor\u00eda. La falta de voluntarios, la escasa comprensi\u00f3n del modelo y la incertidumbre del proyecto marcaron los primeros meses. \u201cNo le daban seriedad al proyecto ni a la magnitud de lo que pod\u00edamos lograr\u201d.<\/p>\n<\/blockquote>\n\n\n\n<p>Sin embargo, el Fab Lab comenz\u00f3 a tomar forma. Con la llegada de m\u00e1s j\u00f3venes curiosos, con talleres, ferias y el impulso de la comunidad maker, el espacio se transform\u00f3 en un centro de aprendizaje colaborativo. Valeria, que estuvo all\u00ed desde que el laboratorio era apenas una idea, se convirti\u00f3 en pieza clave para consolidar la cultura de experimentaci\u00f3n y creatividad que hoy lo caracteriza.<\/p>\n\n\n\n<p>Ese crecimiento coincidi\u00f3 con otra evoluci\u00f3n en su vida: el nacimiento de Uneco-Energy, el proyecto que actualmente concentra su mayor foco. Uneco \u2014del moje\u00f1o-trinitario une, \u201cagua\u201d\u2014 busca resolver un problema urgente y cotidiano: la falta de acceso a energ\u00eda y saneamiento que afecta a numerosas comunidades bolivianas. El sistema se basa en biodigestores que aprovechan la descomposici\u00f3n de materia org\u00e1nica, especialmente heces de animales, para producir metano. Ese biog\u00e1s puede suplir el uso de gas domiciliario para cocinar, y tambi\u00e9n generar electricidad mediante una peque\u00f1a turbina. Adem\u00e1s, produce abono que ayuda a recuperar suelos degradados por la ganader\u00eda intensiva.<\/p>\n\n\n\n<figure class=\"wp-block-embed is-type-video is-provider-youtube wp-block-embed-youtube wp-embed-aspect-16-9 wp-has-aspect-ratio\"><div class=\"wp-block-embed__wrapper\">\n<iframe loading=\"lazy\" title=\"Valeria Rivero: \u201cNo necesitamos un gran prop\u00f3sito para creer que nuestra vida tiene sentido\u201d:\" width=\"500\" height=\"281\" src=\"https:\/\/www.youtube.com\/embed\/mGZJyxH69p0?feature=oembed\" frameborder=\"0\" allow=\"accelerometer; autoplay; clipboard-write; encrypted-media; gyroscope; picture-in-picture; web-share\" referrerpolicy=\"strict-origin-when-cross-origin\" allowfullscreen><\/iframe>\n<\/div><\/figure>\n\n\n\n<blockquote class=\"wp-block-quote is-layout-flow wp-block-quote-is-layout-flow\">\n<p>Pero m\u00e1s all\u00e1 del componente t\u00e9cnico, para Valeria el proyecto es profundamente emocional. \u201cTengo una relaci\u00f3n amor-odio con este proyecto\u2026 al principio fue complicado, fue duro, pero cada biodigestor generaba resiliencia en la comunidad, autonom\u00eda e independencia para quienes lo usaban\u201d. No se trata solo de proveer energ\u00eda; se trata de devolver dignidad y reducir la dependencia de sistemas costosos o inaccesibles.<\/p>\n<\/blockquote>\n\n\n\n<p>Uneco naci\u00f3 en el programa Mujeres 360 de la Embajada de Estados Unidos y obtuvo un premio semilla en las Olimpiadas del Conocimiento de la Fundaci\u00f3n Coca-Cola en 2022. Con ese capital y con las m\u00e1quinas del Fab Lab, Valeria construy\u00f3 el primer prototipo a escala, hoy exhibido en el laboratorio como herramienta educativa. Actualmente ya existe un biodigestor en funcionamiento en la comunidad de Saavedra, un avance que valida la propuesta y abre camino a nuevas instalaciones.<\/p>\n\n\n\n<p>En su discurso emerge una constante: la b\u00fasqueda de igualdad de oportunidades. \u201cPara tener igualdad de oportunidades, debemos empezar brindando servicios dignos a la poblaci\u00f3n\u201d, dice con firmeza. Su mensaje, lejos de promover metas grandilocuentes, invita a reconocer el poder de lo peque\u00f1o, de lo cotidiano, de lo posible. Su propia historia es prueba de ello: una ni\u00f1a que aprendi\u00f3 a leer la realidad desde la vulnerabilidad, una joven que encontr\u00f3 en la ingenier\u00eda una herramienta de cambio, una voluntaria que vio nacer un laboratorio desde cero y una profesional que hoy impulsa soluciones dise\u00f1adas para quienes m\u00e1s las necesitan.<\/p>\n\n\n\n<p>Valeria Rivero est\u00e1 construyendo un camino donde tecnolog\u00eda, comunidad y memoria se encuentran. Un camino que empez\u00f3 con el agua que inund\u00f3 su casa y hoy fluye hacia proyectos que buscan transformar vidas, una comunidad a la vez.<\/p>\n\n\n\n<p>Rivero ser\u00e1 speaker del TEDx Unifranz 2025, una iniciativa de la Universidad Franz Tamayo (Unifranz).&nbsp;<\/p>\n\n\n\n<p>La universidad explica que el TEDx no es solo una sucesi\u00f3n de charlas, sino un laboratorio de ideas vivas, un punto de encuentro entre quienes buscan comprender y transformar su entorno. La expectativa no surge del espect\u00e1culo, sino de la sensaci\u00f3n de que, por unos minutos, es posible mirar el mundo desde un \u00e1ngulo completamente distinto.<\/p>\n\n\n\n<p>En Cochabamba, Bolivia, se aproxima la quinta versi\u00f3n del formato. El 10 de diciembre se volver\u00e1n a escuchar voces diversas que se atreven a narrar, explicar, desafiar y proponer.&nbsp;<\/p>","protected":false},"excerpt":{"rendered":"<p>Una historia de resiliencia e innovaci\u00f3n: Valeria Rivero y su proyecto Uneco-Energy transforman realidades desde la ingenier\u00eda y el prop\u00f3sito.<\/p>","protected":false},"author":49,"featured_media":710057,"comment_status":"open","ping_status":"open","sticky":false,"template":"","format":"standard","meta":{"_acf_changed":false,"footnotes":""},"categories":[60],"tags":[11647,5456,1422,11648,248,1796,11616,8452,10903,242],"class_list":["post-710055","post","type-post","status-publish","format-standard","has-post-thumbnail","hentry","category-blog","tag-biodigestores","tag-fab-lab","tag-innovacion-en-educacion","tag-inspiracion","tag-internacionalizacion","tag-tedxunifranz","tag-tedxunifranz2025","tag-transformando-vidas","tag-uneco-energy","tag-unifranz"],"acf":[],"_links":{"self":[{"href":"https:\/\/unifranz.edu.bo\/pt\/wp-json\/wp\/v2\/posts\/710055","targetHints":{"allow":["GET"]}}],"collection":[{"href":"https:\/\/unifranz.edu.bo\/pt\/wp-json\/wp\/v2\/posts"}],"about":[{"href":"https:\/\/unifranz.edu.bo\/pt\/wp-json\/wp\/v2\/types\/post"}],"author":[{"embeddable":true,"href":"https:\/\/unifranz.edu.bo\/pt\/wp-json\/wp\/v2\/users\/49"}],"replies":[{"embeddable":true,"href":"https:\/\/unifranz.edu.bo\/pt\/wp-json\/wp\/v2\/comments?post=710055"}],"version-history":[{"count":1,"href":"https:\/\/unifranz.edu.bo\/pt\/wp-json\/wp\/v2\/posts\/710055\/revisions"}],"predecessor-version":[{"id":710058,"href":"https:\/\/unifranz.edu.bo\/pt\/wp-json\/wp\/v2\/posts\/710055\/revisions\/710058"}],"wp:featuredmedia":[{"embeddable":true,"href":"https:\/\/unifranz.edu.bo\/pt\/wp-json\/wp\/v2\/media\/710057"}],"wp:attachment":[{"href":"https:\/\/unifranz.edu.bo\/pt\/wp-json\/wp\/v2\/media?parent=710055"}],"wp:term":[{"taxonomy":"category","embeddable":true,"href":"https:\/\/unifranz.edu.bo\/pt\/wp-json\/wp\/v2\/categories?post=710055"},{"taxonomy":"post_tag","embeddable":true,"href":"https:\/\/unifranz.edu.bo\/pt\/wp-json\/wp\/v2\/tags?post=710055"}],"curies":[{"name":"wp","href":"https:\/\/api.w.org\/{rel}","templated":true}]}}