{"id":710031,"date":"2025-11-27T09:36:37","date_gmt":"2025-11-27T13:36:37","guid":{"rendered":"https:\/\/unifranz.edu.bo\/?p=710031"},"modified":"2026-01-07T16:40:43","modified_gmt":"2026-01-07T20:40:43","slug":"todos-somos-bolivia-el-dialogo-plural-que-realizara-unifranz-con-autoridades-nacionales-y-especialistas","status":"publish","type":"post","link":"https:\/\/unifranz.edu.bo\/pt\/blog\/todos-somos-bolivia-el-dialogo-plural-que-realizara-unifranz-con-autoridades-nacionales-y-especialistas\/","title":{"rendered":"Todos somos Bolivia, el di\u00e1logo plural que realizar\u00e1 Unifranz con autoridades nacionales y especialistas"},"content":{"rendered":"<p>Se trata de un foro internacional en el que se hablar\u00e1 de los temas m\u00e1s importantes de este momento en Bolivia. Econom\u00eda, salud, justicia, desarrollo institucional, juventud, ciudadan\u00eda y participaci\u00f3n pol\u00edtica. Legisladores, autoridades nacionales y especialistas compartir\u00e1n su mirada en un aporte real para el pa\u00eds.<\/p>\n\n\n\n<p>Bolivia atraviesa un periodo marcado por transformaciones y desaf\u00edos sociales que exigen espacios de an\u00e1lisis plurales y constructivos. Comprender este momento hist\u00f3rico, sus causas y sus posibles caminos es una tarea fundamental para la academia, la sociedad civil y la institucionalidad democr\u00e1tica.<\/p>\n\n\n\n<p>Bajo esta premisa, la Universidad Franz Tamayo, Unifranz, impulsa un espacio destinado a revisar, cuestionar y proyectar el futuro del pa\u00eds desde m\u00faltiples perspectivas: el Primer Foro Internacional \u201cVisi\u00f3n Bolivia: Todos Somos Bolivia\u201d. Por la relevancia del tema y del momento, Unifranz ha invitado al presidente, Rodrigo Paz Pereira y aguarda su confirmaci\u00f3n en las pr\u00f3ximas horas.<\/p>\n\n\n\n<blockquote class=\"wp-block-quote is-layout-flow wp-block-quote-is-layout-flow\">\n<p>\u201cEste foro nace con el prop\u00f3sito de pensar Bolivia desde la profundidad y la pluralidad que la \u00e9poca exige. Necesitamos abrir espacios donde el conocimiento, la reflexi\u00f3n y el di\u00e1logo riguroso sean pilares para construir respuestas colectivas\u201d, afirm\u00f3 Luis Enrique P\u00e1ez, decano de la Facultad de Ciencias Jur\u00eddicas y Sociales de Unifranz.<\/p>\n<\/blockquote>\n\n\n\n<figure class=\"wp-block-embed is-type-video is-provider-youtube wp-block-embed-youtube wp-embed-aspect-16-9 wp-has-aspect-ratio\"><div class=\"wp-block-embed__wrapper\">\n<iframe loading=\"lazy\" title=\"Carlos Valverde en la red\/4 - FORO INTERNACIONAL BOLIVIA UNIFRANZ. PARTE 2 - 27 noviembre 2025\" width=\"500\" height=\"281\" src=\"https:\/\/www.youtube.com\/embed\/LUe-NVSuuuI?feature=oembed\" frameborder=\"0\" allow=\"accelerometer; autoplay; clipboard-write; encrypted-media; gyroscope; picture-in-picture; web-share\" referrerpolicy=\"strict-origin-when-cross-origin\" allowfullscreen><\/iframe>\n<\/div><\/figure>\n\n\n\n<p>El objetivo central del foro es comprender las realidades del pa\u00eds, cuestionar sus l\u00edmites y plantear rutas posibles hacia un futuro social, institucional y democr\u00e1tico m\u00e1s justo, estable y pr\u00f3spero. Para ello, el evento abordar\u00e1 seis l\u00edneas tem\u00e1ticas:<\/p>\n\n\n\n<p>&#8211; Desarrollo institucional y gobernanza<\/p>\n\n\n\n<p>&#8211; Educaci\u00f3n y transformaci\u00f3n social<\/p>\n\n\n\n<p>&#8211; Justicia, democracia y derechos humanos<\/p>\n\n\n\n<p>&#8211; Econom\u00eda, productividad y sostenibilidad<\/p>\n\n\n\n<p>&#8211; Juventud, ciudadan\u00eda y participaci\u00f3n pol\u00edtica<\/p>\n\n\n\n<p>&#8211; Visi\u00f3n estrat\u00e9gica del pa\u00eds en el siglo XXI<\/p>\n\n\n\n<figure class=\"wp-block-image size-large\"><img loading=\"lazy\" decoding=\"async\" width=\"1024\" height=\"576\" src=\"https:\/\/unifranz.edu.bo\/wp-content\/uploads\/2025\/11\/WhatsApp-Image-2025-11-27-at-092727-1024x576.jpeg\" alt=\"\" class=\"wp-image-710033\" srcset=\"https:\/\/unifranz.edu.bo\/wp-content\/uploads\/2025\/11\/WhatsApp-Image-2025-11-27-at-092727-1024x576.jpeg 1024w, https:\/\/unifranz.edu.bo\/wp-content\/uploads\/2025\/11\/WhatsApp-Image-2025-11-27-at-092727-300x169.jpeg 300w, https:\/\/unifranz.edu.bo\/wp-content\/uploads\/2025\/11\/WhatsApp-Image-2025-11-27-at-092727-768x432.jpeg 768w, https:\/\/unifranz.edu.bo\/wp-content\/uploads\/2025\/11\/WhatsApp-Image-2025-11-27-at-092727-1536x864.jpeg 1536w, https:\/\/unifranz.edu.bo\/wp-content\/uploads\/2025\/11\/WhatsApp-Image-2025-11-27-at-092727-18x10.jpeg 18w, https:\/\/unifranz.edu.bo\/wp-content\/uploads\/2025\/11\/WhatsApp-Image-2025-11-27-at-092727.jpeg 1600w\" sizes=\"auto, (max-width: 1024px) 100vw, 1024px\" \/><figcaption class=\"wp-element-caption\">Primer Foro Internacional Visi\u00f3n Bolivia<\/figcaption><\/figure>\n\n\n\n<p><strong>Sobre los panelistas:<\/strong><\/p>\n\n\n\n<p>En el evento disertar\u00e1n connotadas personalidades a escala nacional e internacional. La senadora Tomasa Yarhui, abogada y jefa de bancada de la alianza Libre, premiada en Washington por el Departamento de Estado de Estados Unidos por su defensa de los pueblos ind\u00edgenas y su lucha contra el racismo, disertar\u00e1 sobre \u201cLos Pueblos Ind\u00edgenas, Originarios y Campesinos, hora de realidades\u201d.<\/p>\n\n\n\n<p>El economista, analista financiero y pol\u00edtico, Jaime Dunn de \u00c1vila, expondr\u00e1 su visi\u00f3n acerca de \u201cBolivia una apuesta al desarrollo econ\u00f3mico\u201d.<\/p>\n\n\n\n<p>John Campos Benavides, abogado e investigador chileno, doctor en Derecho y autor de diversas investigaciones en derecho p\u00fablico, historia y cooperaci\u00f3n internacional, llega para disertar sobre&nbsp; \u201cBolivia y Chile: Los desaf\u00edos del Presente y Futuro\u201d.<\/p>\n\n\n\n<p>Mar\u00eda Irene Squillaci Sandoval, abogada, te\u00f3loga, escritora y conferencista internacional, reconocida por su labor de consultor\u00eda a l\u00edderes gubernamentales, empresarios y educadores en m\u00e1s de 22 pa\u00edses, tendr\u00e1 a su cargo la exposici\u00f3n sobre: \u201cPolarizaci\u00f3n Geopol\u00edtica: Como terminar con la Divisi\u00f3n y la Lucha de Clases\u201d.<\/p>\n\n\n\n<p>Finalmente, el foro contar\u00e1 tambi\u00e9n con la participaci\u00f3n del acad\u00e9mico Luis Enrique P\u00e1ez Andrade, decano de Unifranz Santa Cruz, abogado, empresario e investigador con experiencia en derecho inform\u00e1tico, legislaci\u00f3n tecnol\u00f3gica y an\u00e1lisis jur\u00eddico contempor\u00e1neo. El acad\u00e9mico disertar\u00e1 sobre \u201cSeguridad Jur\u00eddica en Bolivia: El Sue\u00f1o Pendiente de un Pa\u00eds que Busca Certezas\u201d.<\/p>\n\n\n\n<p>El evento se celebrar\u00e1 el viernes 28 de noviembre a las 19:00 horas, en el auditorio principal de Unifranz Santa Cruz: Av. Busch, esquina Segundo Anillo. El ingreso es libre.<\/p>\n\n\n\n<p>Con esta iniciativa, Unifranz reafirma su compromiso de promover el pensamiento cr\u00edtico, fortalecer el debate democr\u00e1tico y generar espacios de di\u00e1logo que contribuyan a la construcci\u00f3n de una Bolivia m\u00e1s plural, estable y pr\u00f3spera.<\/p>","protected":false},"excerpt":{"rendered":"<p>Se trata de un foro internacional en el que se hablar\u00e1 de los temas m\u00e1s importantes de este momento en Bolivia. Econom\u00eda, salud, justicia, desarrollo institucional, juventud, ciudadan\u00eda y participaci\u00f3n pol\u00edtica. Legisladores, autoridades nacionales y especialistas compartir\u00e1n su mirada en un aporte real para el pa\u00eds. Bolivia atraviesa un periodo marcado por transformaciones y desaf\u00edos &hellip; <a href=\"https:\/\/unifranz.edu.bo\/pt\/blog\/todos-somos-bolivia-el-dialogo-plural-que-realizara-unifranz-con-autoridades-nacionales-y-especialistas\/\">Continued<\/a><\/p>","protected":false},"author":33,"featured_media":710032,"comment_status":"open","ping_status":"open","sticky":false,"template":"","format":"standard","meta":{"_acf_changed":false,"footnotes":""},"categories":[2576,60],"tags":[266,1422,10393,11640,11642,11639,11641,242,3624,11638],"class_list":["post-710031","post","type-post","status-publish","format-standard","has-post-thumbnail","hentry","category-unifranz-santa-cruz","category-blog","tag-bolivia","tag-innovacion-en-educacion","tag-jaime-dunn","tag-john-campos-benavides","tag-luis-enrique-paez","tag-maria-irene-squillaci-sandoval","tag-tomasa-yarhui","tag-unifranz","tag-unifranz-santa-cruz","tag-vision-bolivia"],"acf":[],"_links":{"self":[{"href":"https:\/\/unifranz.edu.bo\/pt\/wp-json\/wp\/v2\/posts\/710031","targetHints":{"allow":["GET"]}}],"collection":[{"href":"https:\/\/unifranz.edu.bo\/pt\/wp-json\/wp\/v2\/posts"}],"about":[{"href":"https:\/\/unifranz.edu.bo\/pt\/wp-json\/wp\/v2\/types\/post"}],"author":[{"embeddable":true,"href":"https:\/\/unifranz.edu.bo\/pt\/wp-json\/wp\/v2\/users\/33"}],"replies":[{"embeddable":true,"href":"https:\/\/unifranz.edu.bo\/pt\/wp-json\/wp\/v2\/comments?post=710031"}],"version-history":[{"count":2,"href":"https:\/\/unifranz.edu.bo\/pt\/wp-json\/wp\/v2\/posts\/710031\/revisions"}],"predecessor-version":[{"id":710976,"href":"https:\/\/unifranz.edu.bo\/pt\/wp-json\/wp\/v2\/posts\/710031\/revisions\/710976"}],"wp:featuredmedia":[{"embeddable":true,"href":"https:\/\/unifranz.edu.bo\/pt\/wp-json\/wp\/v2\/media\/710032"}],"wp:attachment":[{"href":"https:\/\/unifranz.edu.bo\/pt\/wp-json\/wp\/v2\/media?parent=710031"}],"wp:term":[{"taxonomy":"category","embeddable":true,"href":"https:\/\/unifranz.edu.bo\/pt\/wp-json\/wp\/v2\/categories?post=710031"},{"taxonomy":"post_tag","embeddable":true,"href":"https:\/\/unifranz.edu.bo\/pt\/wp-json\/wp\/v2\/tags?post=710031"}],"curies":[{"name":"wp","href":"https:\/\/api.w.org\/{rel}","templated":true}]}}