{"id":709968,"date":"2025-11-25T17:49:25","date_gmt":"2025-11-25T21:49:25","guid":{"rendered":"https:\/\/unifranz.edu.bo\/?p=709968"},"modified":"2025-11-26T11:40:55","modified_gmt":"2025-11-26T15:40:55","slug":"hack-the-city-el-fab-lab-de-unifranz-impulsa-un-hackathon-para-reinventar-la-ciudad-desde-la-creatividad-ciudadana","status":"publish","type":"post","link":"https:\/\/unifranz.edu.bo\/pt\/blog\/hack-the-city-el-fab-lab-de-unifranz-impulsa-un-hackathon-para-reinventar-la-ciudad-desde-la-creatividad-ciudadana\/","title":{"rendered":"Hack The City: el Fab Lab de Unifranz impulsa un hackathon para reinventar la ciudad desde la creatividad ciudadana"},"content":{"rendered":"<p>Santa Cruz, La Paz, Cochabamba y todas las ciudades de Bolivia enfrentan desaf\u00edos urbanos que requieren nuevas formas de pensar, crear y actuar. Bajo esa premisa, nace <em>Hack The City<\/em>, un hackathon que busca reunir a j\u00f3venes, profesionales y estudiantes de diversas disciplinas para proponer soluciones creativas y tecnol\u00f3gicas capaces de mejorar la vida en la ciudad. Se trata de un encuentro de tres d\u00edas, donde equipos multidisciplinarios trabajar\u00e1n en prototipos reales para responder a problemas concretos del entorno urbano.<\/p>\n\n\n\n<blockquote class=\"wp-block-quote is-layout-flow wp-block-quote-is-layout-flow\">\n<p>\u201cBuscamos Identificar y abordar problemas urbanos de manera creativa y colaborativa, empoderando a los ciudadanos para que se conviertan en agentes de cambio y generen mejoras tangibles en el entorno urbano\u201d, explica George Pazos, director del Fab Lab Santa Cruz de la Universidad Franz Tamayo (Unifranz).<\/p>\n<\/blockquote>\n\n\n\n<p>Pazos indica que el hackathon pretende activar una sensibilidad distinta sobre el rol que cada persona puede asumir en la construcci\u00f3n de ciudades m\u00e1s humanas, sostenibles y modernas. En un contexto donde los problemas urbanos crecen m\u00e1s r\u00e1pido que las soluciones institucionales, <em>Hack The City<\/em> aparece como un puente entre la creatividad ciudadana y la acci\u00f3n concreta.<\/p>\n\n\n\n<p>La experiencia previa del Fab Lab ha sido un punto clave en esta nueva convocatoria. El a\u00f1o pasado, el laboratorio organiz\u00f3 el Hackathon Women, un encuentro dedicado exclusivamente a mujeres y centrado en la creaci\u00f3n de soluciones tecnol\u00f3gicas desde una perspectiva femenina.&nbsp;<\/p>\n\n\n\n<blockquote class=\"wp-block-quote is-layout-flow wp-block-quote-is-layout-flow\">\n<p>\u201cTuvimos muy buena respuesta por parte de la comunidad femenina. Este a\u00f1o extendemos el hackathon a toda la comunidad, esperando obtener una mayor participaci\u00f3n y mayor compromiso por parte de todos\u201d, detalla Pazos.<\/p>\n<\/blockquote>\n\n\n\n<p>La ampliaci\u00f3n responde al inter\u00e9s de sumar m\u00e1s voces, talentos y puntos de vista al proceso creativo, entendiendo que los desaf\u00edos urbanos requieren miradas diversas y colaborativas.<\/p>\n\n\n\n<p>Esa diversidad es, precisamente, uno de los pilares del evento. Las bases de la convocatoria establecen que pueden participar estudiantes de colegio, universitarios, profesionales y entusiastas de cualquier \u00e1mbito, desde la ingenier\u00eda y las ciencias de datos hasta la comunicaci\u00f3n, el dise\u00f1o, la psicolog\u00eda o el derecho.&nbsp;<\/p>\n\n\n\n<p>Pazos enfatiza que no existen perfiles obligatorios ni conocimientos exclusivos para ser parte. \u201cCualquier persona est\u00e1 invitada a participar y aportar enfoques y experiencias \u00fanicas que enriquecen la identificaci\u00f3n del problema y la creaci\u00f3n de soluciones\u201d, sostiene el director. La l\u00f3gica es sencilla: cuantos m\u00e1s mundos se encuentren, m\u00e1s posibilidades habr\u00e1 de crear ideas innovadoras con impacto real.<\/p>\n\n\n\n<p><strong>Desaf\u00edos actuales<\/strong><\/p>\n\n\n\n<p>Los desaf\u00edos que deber\u00e1n enfrentar los equipos tambi\u00e9n reflejan el alcance actual de las tecnolog\u00edas aplicadas a la ciudad. Entre las tem\u00e1ticas se incluyen gobernanza urbana con inteligencia artificial generativa, digital twins para resiliencia clim\u00e1tica, rob\u00f3tica para mantenimiento urbano, edge computing y 5G para IoT, plataformas de participaci\u00f3n ciudadana, movilidad limpia y sistemas de seguridad con enfoque \u00e9tico. Cada equipo deber\u00e1 elegir un reto, entenderlo a profundidad y desarrollar un prototipo funcional en solo 48 horas. Todo el proceso ser\u00e1 acompa\u00f1ado por mentores especializados y culminar\u00e1 con un Demo Day en el que los participantes presentar\u00e1n sus soluciones ante un jurado.<\/p>\n\n\n\n<p>M\u00e1s all\u00e1 del ejercicio creativo y t\u00e9cnico, el Fab Lab sostiene que <em>Hack The City<\/em> tiene un prop\u00f3sito de impacto social.&nbsp;<\/p>\n\n\n\n<blockquote class=\"wp-block-quote is-layout-flow wp-block-quote-is-layout-flow\">\n<p>\u201cEstas iniciativas permiten sensibilizar a las autoridades y fomentar el desarrollo de soluciones que muchas veces quedan fuera de la agenda oficial, aprovechando el conocimiento, la curiosidad y la creatividad colectiva para reinterpretar la ciudad y sus infraestructuras\u201d, explica Pazos.&nbsp;<\/p>\n<\/blockquote>\n\n\n\n<p>As\u00ed, el evento no se limita a producir prototipos, sino que impulsa un cambio en la forma de comprender la ciudad: como un espacio vivo que puede ser redise\u00f1ado desde la ciudadan\u00eda.<\/p>\n\n\n\n<p>Con este hackaton, el Fab Lab de Unifranz reafirma su compromiso con la innovaci\u00f3n abierta, la educaci\u00f3n tecnol\u00f3gica y la construcci\u00f3n de comunidades creativas. <em>Hack The City<\/em> se proyecta como un laboratorio urbano donde la colaboraci\u00f3n reemplaza a la queja, la tecnolog\u00eda se convierte en herramienta de transformaci\u00f3n y la ciudad, en un territorio de posibilidades. Para Santa Cruz, representa una oportunidad de escuchar nuevas voces y explorar soluciones frescas; para los participantes, un espacio para aprender, crear y convertirse en protagonistas del cambio.<\/p>\n\n\n\n<p>Para mayor informaci\u00f3n visitar <a href=\"https:\/\/fablabscz.org\/\" target=\"_blank\" rel=\"noopener\">https:\/\/fablabscz.org\/<\/a><\/p>","protected":false},"excerpt":{"rendered":"<p>Unifranz lanza Hack The City, un hackathon abierto que impulsa ideas ciudadanas para resolver desaf\u00edos urbanos con IA, rob\u00f3tica, IoT y m\u00e1s.<\/p>","protected":false},"author":49,"featured_media":710003,"comment_status":"open","ping_status":"open","sticky":false,"template":"","format":"standard","meta":{"_acf_changed":false,"footnotes":""},"categories":[60],"tags":[53,6170,11624,11623,1422,9422,2004,426,218,242],"class_list":["post-709968","post","type-post","status-publish","format-standard","has-post-thumbnail","hentry","category-blog","tag-educacion","tag-fab-lab-santa-cruz","tag-hack-the-city","tag-hackaton","tag-innovacion-en-educacion","tag-inteligencia-artificial-generativa","tag-ods","tag-robotica","tag-tecnologia","tag-unifranz"],"acf":[],"_links":{"self":[{"href":"https:\/\/unifranz.edu.bo\/pt\/wp-json\/wp\/v2\/posts\/709968","targetHints":{"allow":["GET"]}}],"collection":[{"href":"https:\/\/unifranz.edu.bo\/pt\/wp-json\/wp\/v2\/posts"}],"about":[{"href":"https:\/\/unifranz.edu.bo\/pt\/wp-json\/wp\/v2\/types\/post"}],"author":[{"embeddable":true,"href":"https:\/\/unifranz.edu.bo\/pt\/wp-json\/wp\/v2\/users\/49"}],"replies":[{"embeddable":true,"href":"https:\/\/unifranz.edu.bo\/pt\/wp-json\/wp\/v2\/comments?post=709968"}],"version-history":[{"count":1,"href":"https:\/\/unifranz.edu.bo\/pt\/wp-json\/wp\/v2\/posts\/709968\/revisions"}],"predecessor-version":[{"id":709972,"href":"https:\/\/unifranz.edu.bo\/pt\/wp-json\/wp\/v2\/posts\/709968\/revisions\/709972"}],"wp:featuredmedia":[{"embeddable":true,"href":"https:\/\/unifranz.edu.bo\/pt\/wp-json\/wp\/v2\/media\/710003"}],"wp:attachment":[{"href":"https:\/\/unifranz.edu.bo\/pt\/wp-json\/wp\/v2\/media?parent=709968"}],"wp:term":[{"taxonomy":"category","embeddable":true,"href":"https:\/\/unifranz.edu.bo\/pt\/wp-json\/wp\/v2\/categories?post=709968"},{"taxonomy":"post_tag","embeddable":true,"href":"https:\/\/unifranz.edu.bo\/pt\/wp-json\/wp\/v2\/tags?post=709968"}],"curies":[{"name":"wp","href":"https:\/\/api.w.org\/{rel}","templated":true}]}}