{"id":709959,"date":"2025-11-25T14:56:28","date_gmt":"2025-11-25T18:56:28","guid":{"rendered":"https:\/\/unifranz.edu.bo\/?p=709959"},"modified":"2025-12-03T09:22:13","modified_gmt":"2025-12-03T13:22:13","slug":"no-estas-sola-el-alto-derechos-mujer","status":"publish","type":"post","link":"https:\/\/unifranz.edu.bo\/pt\/blog\/no-estas-sola-el-alto-derechos-mujer\/","title":{"rendered":"No est\u00e1s sola\/o, la plataforma gratuita que acompa\u00f1a a v\u00edctimas de violencia"},"content":{"rendered":"<p>Hoy, 25 de noviembre, en el <a href=\"https:\/\/www.un.org\/es\/observances\/ending-violence-against-women-day\" target=\"_blank\" rel=\"noopener\">D\u00eda Internacional de la Eliminaci\u00f3n de la Violencia contra la Mujer<\/a>, el pa\u00eds vuelve a despertar con historias que se repiten: mujeres que buscan ayuda sin saber a d\u00f3nde acudir, madres que intentan denunciar sin comprender los procedimientos y j\u00f3venes que enfrentan violencia sin apoyo cercano.&nbsp;<\/p>\n\n\n\n<p>Frente a esa realidad, Miriam Mamani y Fabiana Zambrana, estudiantes de Derecho de la <a href=\"https:\/\/unifranz.edu.bo\/\">Universidad Franz Tamayo<\/a>, Unifranz El Alto, decidieron crear \u201cNo est\u00e1s sola\/o\u201d, una plataforma gratuita de orientaci\u00f3n legal para v\u00edctimas de violencia. Con informaci\u00f3n clara y accesible, el sitio da una gu\u00eda confiable para iniciar una denuncia de forma segura.<\/p>\n\n\n\n<p>A nivel global, la ONU estima que una de cada tres mujeres sufre violencia f\u00edsica o sexual en alg\u00fan momento de su vida. Muchos casos no se denuncian por miedo, desinformaci\u00f3n o falta de acompa\u00f1amiento. Seg\u00fan <a href=\"http:\/\/unwomen.org\/es\" target=\"_blank\" rel=\"noopener\">ONU Mujeres<\/a>, la violencia basada en g\u00e9nero sigue siendo una de las violaciones a los derechos humanos m\u00e1s extendidas y menos visibilizadas en el mundo.<\/p>\n\n\n\n<p>En Am\u00e9rica Latina y el Caribe, los desaf\u00edos son a\u00fan m\u00e1s graves, una de cada cuatro mujeres de entre 15 y 49 a\u00f1os ha sufrido violencia por parte de su pareja. La regi\u00f3n registra una tasa de feminicidios m\u00e1s del doble del promedio global. Adem\u00e1s, el 62% y 82% de las v\u00edctimas de trata en Sudam\u00e9rica y el Caribe son mujeres y ni\u00f1as, y siete de cada 10 mujeres reportan violencia digital.<\/p>\n\n\n\n<p><strong>Bolivia: una realidad que exige respuestas<\/strong><\/p>\n\n\n\n<p>Bolivia se mantiene entre los pa\u00edses con mayores \u00edndices de violencia hacia las mujeres en Sudam\u00e9rica. Cada a\u00f1o ingresan miles de denuncias por violencia f\u00edsica, psicol\u00f3gica, sexual o econ\u00f3mica, siendo la violencia dom\u00e9stica una de las m\u00e1s frecuentes. Los feminicidios se registran cada mes, afectando sobre todo a mujeres j\u00f3venes.<\/p>\n\n\n\n<p>Aunque la Ley 348 &#8211; Ley Integral para Garantizar a las Mujeres una Vida Libre de Violencia &#8211; representa un avance normativo importante, las respuestas institucionales siguen siendo insuficientes. Las demoras, la falta de coordinaci\u00f3n y la saturaci\u00f3n de los servicios hacen que muchas v\u00edctimas no reciban apoyo oportuno, lo que refuerza la necesidad de iniciativas complementarias desde la sociedad y la academia.<\/p>\n\n\n\n<p><strong>Una plataforma que orienta y acompa\u00f1a<\/strong><\/p>\n\n\n\n<p>La plataforma combina el enfoque jur\u00eddico de sus creadoras con una sensibilidad social profunda. De ingreso gratuito a trav\u00e9s de <a href=\"https:\/\/noestasola.netlify.app\/\" target=\"_blank\" rel=\"noopener\">https:\/\/noestasola.netlify.app\/<\/a> , brinda informaci\u00f3n clave sobre el proceso legal, pero tambi\u00e9n remite a espacios de contenci\u00f3n emocional y acompa\u00f1amiento psicol\u00f3gico, articul\u00e1ndose con organizaciones aliadas. Incluso, ofrece asesor\u00eda legal gratuita por parte de las estudiantes, bajo supervisi\u00f3n docente.<\/p>\n\n\n\n<p>La p\u00e1gina busca cerrar una brecha fundamental: la falta de informaci\u00f3n clara y accesible para quienes enfrentan situaciones de violencia. Ofrece contenido legal simplificado, rutas de denuncia, contactos institucionales y gu\u00edas pr\u00e1cticas para iniciar un proceso de forma segura.<\/p>\n\n\n\n<p>\u201cQueremos que cualquier mujer, desde su celular, pueda encontrar respuestas inmediatas: d\u00f3nde denunciar, qu\u00e9 documentos llevar y c\u00f3mo ejercer sus derechos\u201d, explica Miriam. La propuesta utiliza la tecnolog\u00eda como un puente para reducir la desorientaci\u00f3n inicial y empoderar a las v\u00edctimas.<\/p>\n\n\n\n<p>Para Fabiana, conocer historias de mujeres que abandonan procesos por miedo o desconocimiento fue el motor del proyecto. \u201cNecesit\u00e1bamos crear un espacio que acompa\u00f1e desde el primer paso, con informaci\u00f3n clara y confiable\u201d, afirma.<\/p>\n\n\n\n<p><strong>Aprender haciendo con proyectos de impacto real<\/strong><\/p>\n\n\n\n<p>La iniciativa refleja el modelo educativo de Unifranz, basado en proyectos y en la resoluci\u00f3n de problemas reales. En la carrera de Derecho, este enfoque permite que los estudiantes apliquen conocimientos jur\u00eddicos en propuestas con impacto directo en su comunidad.<\/p>\n\n\n\n<p>Los contenidos de derecho penal, constitucional, familiar, derechos humanos y pol\u00edticas p\u00fablicas se integraron con herramientas tecnol\u00f3gicas y un enfoque humanitario. As\u00ed, el aprendizaje trasciende el aula y se transforma en servicio, protecci\u00f3n y compromiso social.<\/p>\n\n\n\n<p>Este 25 de noviembre recuerda que la violencia contra la mujer es un problema estructural y cotidiano que requiere soluciones integrales: institucionales, legales, comunitarias, educativas y tecnol\u00f3gicas.<\/p>\n\n\n\n<p>La plataforma creada por las estudiantes de Derecho de Unifranz demuestra que cuando la formaci\u00f3n acad\u00e9mica se une con la empat\u00eda y la innovaci\u00f3n, es posible aportar caminos reales hacia una sociedad m\u00e1s justa, segura y digna para todas.<\/p>\n\n\n\n<figure class=\"wp-block-image size-large\"><img loading=\"lazy\" decoding=\"async\" width=\"1024\" height=\"205\" src=\"https:\/\/unifranz.edu.bo\/wp-content\/uploads\/2025\/11\/NO-ESTAS-SOLA-1-1024x205.jpg\" alt=\"\" class=\"wp-image-710164\" srcset=\"https:\/\/unifranz.edu.bo\/wp-content\/uploads\/2025\/11\/NO-ESTAS-SOLA-1-1024x205.jpg 1024w, https:\/\/unifranz.edu.bo\/wp-content\/uploads\/2025\/11\/NO-ESTAS-SOLA-1-300x60.jpg 300w, https:\/\/unifranz.edu.bo\/wp-content\/uploads\/2025\/11\/NO-ESTAS-SOLA-1-768x154.jpg 768w, https:\/\/unifranz.edu.bo\/wp-content\/uploads\/2025\/11\/NO-ESTAS-SOLA-1-1536x307.jpg 1536w, https:\/\/unifranz.edu.bo\/wp-content\/uploads\/2025\/11\/NO-ESTAS-SOLA-1-2048x410.jpg 2048w, https:\/\/unifranz.edu.bo\/wp-content\/uploads\/2025\/11\/NO-ESTAS-SOLA-1-18x4.jpg 18w\" sizes=\"auto, (max-width: 1024px) 100vw, 1024px\" \/><figcaption class=\"wp-element-caption\">#image_title<\/figcaption><\/figure>","protected":false},"excerpt":{"rendered":"<p>\u201cNo est\u00e1s sola\/o\u201d ofrece gu\u00eda legal accesible para v\u00edctimas de violencia; una iniciativa estudiantil de Unifranz en el D\u00eda contra la Violencia a la Mujer.<\/p>","protected":false},"author":25,"featured_media":709963,"comment_status":"open","ping_status":"open","sticky":false,"template":"","format":"standard","meta":{"_acf_changed":false,"footnotes":""},"categories":[11083,60,1886,1004,1636,6523,10371,11026,2938,1866,1686,1782,10374,3836],"tags":[39,53,386,1422,11618,218,242],"class_list":["post-709959","post","type-post","status-publish","format-standard","has-post-thumbnail","hentry","category-unifranzelalto","category-blog","category-derecho","category-estudiantes","category-investigacion","category-mujeres","category-prevencion-de-violencia","category-proyectos-de-impacto","category-proyectos-integradores","category-tecnologia-es","category-tecnologia","category-unifranz","category-unifranz-el-alto","category-violencia","tag-derecho","tag-educacion","tag-estudiantes","tag-innovacion-en-educacion","tag-lucha-contra-la-violencia","tag-tecnologia","tag-unifranz"],"acf":[],"_links":{"self":[{"href":"https:\/\/unifranz.edu.bo\/pt\/wp-json\/wp\/v2\/posts\/709959","targetHints":{"allow":["GET"]}}],"collection":[{"href":"https:\/\/unifranz.edu.bo\/pt\/wp-json\/wp\/v2\/posts"}],"about":[{"href":"https:\/\/unifranz.edu.bo\/pt\/wp-json\/wp\/v2\/types\/post"}],"author":[{"embeddable":true,"href":"https:\/\/unifranz.edu.bo\/pt\/wp-json\/wp\/v2\/users\/25"}],"replies":[{"embeddable":true,"href":"https:\/\/unifranz.edu.bo\/pt\/wp-json\/wp\/v2\/comments?post=709959"}],"version-history":[{"count":5,"href":"https:\/\/unifranz.edu.bo\/pt\/wp-json\/wp\/v2\/posts\/709959\/revisions"}],"predecessor-version":[{"id":712716,"href":"https:\/\/unifranz.edu.bo\/pt\/wp-json\/wp\/v2\/posts\/709959\/revisions\/712716"}],"wp:featuredmedia":[{"embeddable":true,"href":"https:\/\/unifranz.edu.bo\/pt\/wp-json\/wp\/v2\/media\/709963"}],"wp:attachment":[{"href":"https:\/\/unifranz.edu.bo\/pt\/wp-json\/wp\/v2\/media?parent=709959"}],"wp:term":[{"taxonomy":"category","embeddable":true,"href":"https:\/\/unifranz.edu.bo\/pt\/wp-json\/wp\/v2\/categories?post=709959"},{"taxonomy":"post_tag","embeddable":true,"href":"https:\/\/unifranz.edu.bo\/pt\/wp-json\/wp\/v2\/tags?post=709959"}],"curies":[{"name":"wp","href":"https:\/\/api.w.org\/{rel}","templated":true}]}}