{"id":709949,"date":"2025-11-24T17:56:09","date_gmt":"2025-11-24T21:56:09","guid":{"rendered":"https:\/\/unifranz.edu.bo\/?p=709949"},"modified":"2025-12-01T10:03:26","modified_gmt":"2025-12-01T14:03:26","slug":"prevenir-hoy-para-proteger-siempre-a-las-mujeres","status":"publish","type":"post","link":"https:\/\/unifranz.edu.bo\/pt\/blog\/prevenir-hoy-para-proteger-siempre-a-las-mujeres\/","title":{"rendered":"Prevenir hoy para proteger siempre a las mujeres"},"content":{"rendered":"<p>Jorge L\u00f3pez<\/p>\n\n\n\n<p>La prevenci\u00f3n de la violencia contra la mujer empieza antes de que la agresi\u00f3n sea visible. Por ello, reconocer se\u00f1ales tempranas, fomentar relaciones saludables y conocer las herramientas legales disponibles se vuelve crucial. Anticiparse no solo salva vidas, tambi\u00e9n evita da\u00f1os irreversibles que, una vez ocurren, ya no pueden deshacerse.<\/p>\n\n\n\n<blockquote class=\"wp-block-quote is-layout-flow wp-block-quote-is-layout-flow\">\n<p>\u201cComienza en el aula (la prevenci\u00f3n), pero no solo desde los contenidos, sino desde la forma en que ense\u00f1amos a convivir. Cuando las ni\u00f1as y los ni\u00f1os aprenden a nombrar sus emociones, a reconocer l\u00edmites y a identificar comportamientos que vulneran su bienestar, est\u00e1n desarrollando una br\u00fajula interna que les permite reconocer situaciones de riesgo\u201d, explica Mario Ariel Quispe Orellana, responsable de la Jefatura de Ense\u00f1anza Aprendizaje (JEA) de la Universidad Franz Tamayo (Unifranz).<\/p>\n<\/blockquote>\n\n\n\n<p>Cada 25 de noviembre, el mundo recuerda que la violencia contra la mujer no se elimina \u00fanicamente con castigos posteriores, sino con acciones preventivas que transforman comportamientos cotidianos. Esta fecha conmemora el brutal asesinato de las hermanas Mirabal (Patria, Minerva y Mar\u00eda Teresa) el 25 de noviembre de 1960, quienes fueron opositoras a la dictadura en Rep\u00fablica Dominicana.<\/p>\n\n\n\n<p>El D\u00eda Internacional de la Eliminaci\u00f3n de la Violencia contra la Mujer permite denunciar la violencia que sufren las mujeres en todo el mundo y exigir pol\u00edticas para erradicarla. Asimismo, impulsa a reflexionar sobre la necesidad de cuestionar pr\u00e1cticas normalizadas y de asumir un compromiso colectivo para detectar se\u00f1ales de riesgo en los entornos familiares, educativos y comunitarios.<\/p>\n\n\n\n<p>Datos del Observatorio de Seguridad Ciudadana dan cuenta que durante el primer semestre de 2025 se incrementaron las denuncias por homicidio y violencia f\u00edsica en m\u00e1s del 3 % alcanzando un registro de 11.918 denuncias.&nbsp;<\/p>\n\n\n\n<blockquote class=\"wp-block-quote is-layout-flow wp-block-quote-is-layout-flow\">\n<p>\u201cLa violencia de g\u00e9nero en Bolivia sigue siendo un problema extendido a pesar de la vigencia de leyes como la 348, que busca erradicarla. El acceso a la justicia enfrenta barreras como la burocracia, la corrupci\u00f3n y la falta de sensibilizaci\u00f3n en las instituciones\u201d, explica Magaly Mariaca Garr\u00f3n, docente de la carrera de Derecho en Unifranz.<\/p>\n<\/blockquote>\n\n\n\n<p><strong>Educar para frenar la violencia de g\u00e9nero<\/strong><\/p>\n\n\n\n<p>La educaci\u00f3n es un eje fundamental para frenar la violencia desde sus ra\u00edces. Ense\u00f1ar respeto, igualdad, autonom\u00eda y manejo emocional permite reconocer din\u00e1micas peligrosas antes de que evolucionen.&nbsp;<\/p>\n\n\n\n<p>Cuando ni\u00f1as, adolescentes y mujeres aprenden a identificar conductas de control, aislamiento o presi\u00f3n emocional, pueden actuar con mayor seguridad. Y cuando ni\u00f1os y j\u00f3venes comprenden l\u00edmites claros, se reduce la reproducci\u00f3n de conductas violentas.<\/p>\n\n\n\n<p>Una de las mayores dificultades es que la violencia emocional se normaliza desde edades muy tempranas. \u201cPor eso insistimos en formar docentes capaces de observar cambios conductuales, variaciones en el \u00e1nimo o se\u00f1ales de retraimiento\u201d, agrega Mariaca.&nbsp;<\/p>\n\n\n\n<p>La escuela es un espacio privilegiado para detectar estos indicadores. Un docente que sabe escuchar y observar detenidamente puede marcar la diferencia entre un caso que escala y uno que se detiene a tiempo\u201d, destaca Quispe.<\/p>\n\n\n\n<p>La violencia rara vez inicia con un hecho extremo; suele comenzar con gestos sutiles como cr\u00edticas constantes, restricciones bajo la apariencia de protecci\u00f3n o decisiones impuestas. La prevenci\u00f3n depende de la capacidad de identificar estas se\u00f1ales y abordarlas antes de que escalen. Por ello, fortalecer habilidades socioemocionales, promover la comunicaci\u00f3n abierta y cuestionar el control disfrazado de afecto se vuelve una tarea urgente.<\/p>\n\n\n\n<blockquote class=\"wp-block-quote is-layout-flow wp-block-quote-is-layout-flow\">\n<p>\u201cEl trabajo educativo no se limita a transmitir informaci\u00f3n: busca transformar actitudes. Cuando promovemos la empat\u00eda, el pensamiento cr\u00edtico y la capacidad de cuestionar patrones culturales, reducimos significativamente la posibilidad de que la violencia se naturalice. La formaci\u00f3n integral ense\u00f1a a reconocer cu\u00e1ndo un v\u00ednculo se vuelve da\u00f1ino y a tener la valent\u00eda emocional de tomar distancia a tiempo\u201d, afirma Quispe.<\/p>\n<\/blockquote>\n\n\n\n<p><strong>Las mujeres tienen que conocer sus derechos<\/strong><\/p>\n\n\n\n<p>El conocimiento jur\u00eddico tambi\u00e9n es una herramienta de prevenci\u00f3n. Muchas mujeres desconocen que no es necesario llegar a una agresi\u00f3n f\u00edsica para buscar orientaci\u00f3n o denunciar. La violencia emocional, digital, econ\u00f3mica o simb\u00f3lica tambi\u00e9n est\u00e1 reconocida por la ley. Comprender los derechos, las rutas de atenci\u00f3n y los mecanismos de protecci\u00f3n permite actuar desde las primeras se\u00f1ales y no cuando el da\u00f1o ya es irreversible.<\/p>\n\n\n\n<blockquote class=\"wp-block-quote is-layout-flow wp-block-quote-is-layout-flow\">\n<p>\u201cUna prevenci\u00f3n efectiva se logra cuando la escuela, la familia y las instituciones trabajan juntas. Si estos tres espacios est\u00e1n alineados, las mujeres pueden recibir acompa\u00f1amiento oportuno antes de que el da\u00f1o se profundice. La articulaci\u00f3n interinstitucional es clave porque permite actuar sin dilaciones y evita que las se\u00f1ales tempranas pasen inadvertidas\u201d, concluye Quispe.<\/p>\n<\/blockquote>\n\n\n\n<p>La prevenci\u00f3n legal implica reconocer que la documentaci\u00f3n temprana, el acompa\u00f1amiento institucional y la b\u00fasqueda de apoyo pueden detener ciclos peligrosos. La informaci\u00f3n adecuada evita que las mujeres enfrenten solas situaciones que parecen peque\u00f1as pero que representan riesgos crecientes. Acceder a orientaci\u00f3n temprana no solo brinda protecci\u00f3n, sino que ayuda a anticipar escenarios donde la violencia podr\u00eda agudizarse.<\/p>\n\n\n\n<blockquote class=\"wp-block-quote is-layout-flow wp-block-quote-is-layout-flow\">\n<p>\u201cA pesar de denunciar, muchas mujeres en Bolivia ven c\u00f3mo sus casos quedan atrapados en una burocracia que, en lugar de protegerlas, prolonga su sufrimiento y deja impunes a los agresores\u201d, a\u00f1ade Garr\u00f3n.<\/p>\n<\/blockquote>\n\n\n\n<p>Prevenir tambi\u00e9n significa escuchar sin juzgar, creer en quienes expresan incomodidad o miedo y generar redes que permitan actuar a tiempo. La violencia se debilita cuando las mujeres cuentan con entornos que no minimizan sus preocupaciones.&nbsp;<\/p>\n\n\n\n<p>Finalmente, la sociedad tiene un rol decisivo en desmontar ideas que normalizan el control o justifican conductas agresivas, reconociendo que los primeros s\u00edntomas merecen atenci\u00f3n inmediata.<\/p>","protected":false},"excerpt":{"rendered":"<p>Cuando la prevenci\u00f3n se vuelve urgente: lo que la escuela, la familia y la sociedad deben hacer ahora<\/p>","protected":false},"author":49,"featured_media":709952,"comment_status":"open","ping_status":"open","sticky":false,"template":"","format":"standard","meta":{"_acf_changed":false,"footnotes":""},"categories":[60],"tags":[11615,39,9194,11614,386,1422,10372,4906,240,242],"class_list":["post-709949","post","type-post","status-publish","format-standard","has-post-thumbnail","hentry","category-blog","tag-denuncia","tag-derecho","tag-derechos-de-la-mujer","tag-dia-internacional-de-la-eliminacion-de-la-violencia-contra-la-mujer","tag-estudiantes","tag-innovacion-en-educacion","tag-prevencion-de-la-violencia","tag-proteccion","tag-psicologia","tag-unifranz"],"acf":[],"_links":{"self":[{"href":"https:\/\/unifranz.edu.bo\/pt\/wp-json\/wp\/v2\/posts\/709949","targetHints":{"allow":["GET"]}}],"collection":[{"href":"https:\/\/unifranz.edu.bo\/pt\/wp-json\/wp\/v2\/posts"}],"about":[{"href":"https:\/\/unifranz.edu.bo\/pt\/wp-json\/wp\/v2\/types\/post"}],"author":[{"embeddable":true,"href":"https:\/\/unifranz.edu.bo\/pt\/wp-json\/wp\/v2\/users\/49"}],"replies":[{"embeddable":true,"href":"https:\/\/unifranz.edu.bo\/pt\/wp-json\/wp\/v2\/comments?post=709949"}],"version-history":[{"count":2,"href":"https:\/\/unifranz.edu.bo\/pt\/wp-json\/wp\/v2\/posts\/709949\/revisions"}],"predecessor-version":[{"id":710116,"href":"https:\/\/unifranz.edu.bo\/pt\/wp-json\/wp\/v2\/posts\/709949\/revisions\/710116"}],"wp:featuredmedia":[{"embeddable":true,"href":"https:\/\/unifranz.edu.bo\/pt\/wp-json\/wp\/v2\/media\/709952"}],"wp:attachment":[{"href":"https:\/\/unifranz.edu.bo\/pt\/wp-json\/wp\/v2\/media?parent=709949"}],"wp:term":[{"taxonomy":"category","embeddable":true,"href":"https:\/\/unifranz.edu.bo\/pt\/wp-json\/wp\/v2\/categories?post=709949"},{"taxonomy":"post_tag","embeddable":true,"href":"https:\/\/unifranz.edu.bo\/pt\/wp-json\/wp\/v2\/tags?post=709949"}],"curies":[{"name":"wp","href":"https:\/\/api.w.org\/{rel}","templated":true}]}}