{"id":709916,"date":"2025-11-24T11:00:50","date_gmt":"2025-11-24T15:00:50","guid":{"rendered":"https:\/\/unifranz.edu.bo\/?p=709916"},"modified":"2025-11-24T11:00:53","modified_gmt":"2025-11-24T15:00:53","slug":"actividades-que-estimulan-liderazgo-y-responsabilidad-en-jovenes-y-adolescentes","status":"publish","type":"post","link":"https:\/\/unifranz.edu.bo\/pt\/blog\/actividades-que-estimulan-liderazgo-y-responsabilidad-en-jovenes-y-adolescentes\/","title":{"rendered":"Actividades que estimulan liderazgo y responsabilidad en j\u00f3venes y adolescentes"},"content":{"rendered":"<p>Fomentar el liderazgo responsable en j\u00f3venes es una tarea clave para construir comunidades m\u00e1s justas, colaborativas y capaces de enfrentar los retos sociales actuales. Aunque el liderazgo suele asociarse con habilidades como tomar decisiones, hablar en p\u00fablico o coordinar grupos, hoy se reconoce que un l\u00edder verdaderamente valioso debe tambi\u00e9n ser emp\u00e1tico, \u00e9tico y consciente del impacto de sus acciones. Por ello, diversas actividades pueden ayudar a que los j\u00f3venes desarrollen una visi\u00f3n m\u00e1s integral y comprometida del liderazgo.<\/p>\n\n\n\n<p>Alejandro Zegarra, coach y vicerrector adjunto de la Universidad Franz Tamayo (Unifranz) destaca que antes de liderar cada persona debe conocer qu\u00e9 capacidades tiene.<\/p>\n\n\n\n<blockquote class=\"wp-block-quote is-layout-flow wp-block-quote-is-layout-flow\">\n<p>\u201cEl liderazgo es un factor que debemos afianzar en nuestros j\u00f3venes, porque antes de liderar a otros, debemos conocer las capacidades que tenemos nosotros mismos. Encontrar su prop\u00f3sito de vida les ayudar\u00e1 a encaminarse hacia una direcci\u00f3n que les permitir\u00e1 ayudar a los dem\u00e1s a trav\u00e9s de su profesi\u00f3n\u201d, destaca Zegarra.<\/p>\n<\/blockquote>\n\n\n\n<p>Una de las actividades m\u00e1s efectivas para conocer las capacidades son los proyectos de impacto comunitario, donde los j\u00f3venes identifican una problem\u00e1tica local \u2014como limpieza de espacios p\u00fablicos, apoyo a adultos mayores, resguardo de animales o campa\u00f1as de reciclaje\u2014 y dise\u00f1an soluciones con recursos limitados. Este tipo de actividades les permite comprender la importancia de planificar, coordinar tareas, trabajar con otros y asumir responsabilidades reales frente a su entorno.<\/p>\n\n\n\n<p>Otra estrategia es el trabajo colaborativo basado en retos, como hackatones sociales o din\u00e1micas de pensamiento creativo. Estos ejercicios no solo estimulan la innovaci\u00f3n, sino que fortalecen la capacidad de di\u00e1logo, la resoluci\u00f3n de conflictos y la toma de decisiones bajo presi\u00f3n. Adem\u00e1s, fomentan el respeto por la diversidad de ideas y el valor del consenso como herramienta de construcci\u00f3n colectiva.<\/p>\n\n\n\n<p>Tatiana Montoya, docente de la carrera de Psicolog\u00eda en Unifranz, sostiene que el proceso de formaci\u00f3n en liderazgo inicia con reconocer las fortalezas propias de cada estudiante a trav\u00e9s de las actividades.&nbsp;<\/p>\n\n\n\n<blockquote class=\"wp-block-quote is-layout-flow wp-block-quote-is-layout-flow\">\n<p>\u201cEvaluamos qu\u00e9 habilidades, qu\u00e9 capacidades ellos ya tienen y qu\u00e9 les conviene desarrollar para ser l\u00edderes. Todos podemos ser l\u00edderes y tendr\u00edamos que tener un gu\u00eda para que podamos desarrollar esta habilidad de liderazgo\u201d, destaca Montoya.<\/p>\n<\/blockquote>\n\n\n\n<p>Los programas de mentor\u00eda entre pares tambi\u00e9n juegan un rol determinante. Cuando los j\u00f3venes reciben o brindan acompa\u00f1amiento acad\u00e9mico, emocional o deportivo a otros, experimentan de primera mano el impacto positivo que puede generar una gu\u00eda responsable. Ser mentor implica escuchar, orientar sin imponer, confiar y aprender de la otra persona, lo que ayuda a formar l\u00edderes m\u00e1s sensibles y solidarios.<\/p>\n\n\n\n<p>El liderazgo responsable en j\u00f3venes no surge de manera espont\u00e1nea; se construye a partir de experiencias que les permiten comprender la importancia de la colaboraci\u00f3n, la empat\u00eda y la toma de decisiones conscientes.&nbsp;<\/p>\n\n\n\n<p>Por ello, las actividades pr\u00e1cticas y el compromiso social se han convertido en herramientas clave para impulsar un liderazgo aut\u00e9ntico y orientado al bien com\u00fan. Algunas din\u00e1micas y espacios adicionales que favorecen este crecimiento son:<\/p>\n\n\n\n<ul class=\"wp-block-list\">\n<li>Voluntariado: Participar en organizaciones ben\u00e9ficas o causas sociales desarrolla la empat\u00eda, la organizaci\u00f3n y el compromiso.<\/li>\n\n\n\n<li>Deportes en equipo: Fomentan el trabajo en equipo, la comunicaci\u00f3n, la disciplina y la gesti\u00f3n de conflictos y victorias.<\/li>\n\n\n\n<li>Clubes y comit\u00e9s estudiantiles: Ser parte de un comit\u00e9 estudiantil, el anuario, o un peri\u00f3dico estudiantil ense\u00f1a a los j\u00f3venes a trabajar en grupo, a establecer metas y a ser responsables de sus acciones.<\/li>\n\n\n\n<li>Proyectos grupales: Iniciar o liderar proyectos como la organizaci\u00f3n de un evento, la recaudaci\u00f3n de fondos para una causa o la creaci\u00f3n de un anuario o un club de programaci\u00f3n permite a los j\u00f3venes desarrollar habilidades de planificaci\u00f3n, gesti\u00f3n y liderazgo.<\/li>\n<\/ul>\n\n\n\n<p>Asimismo, las actividades art\u00edsticas y expresivas, como el teatro, la m\u00fasica o la poes\u00eda, proporcionan espacios seguros para explorar emociones, fortalecer la autoestima y desarrollar la habilidad de comunicar mensajes con prop\u00f3sito. En especial, el teatro aplicado permite trabajar la empat\u00eda al ponerse en el lugar de otros y comprender distintas realidades.<\/p>\n\n\n\n<p>Un ejemplo de ello es el Futures Week 2025, un espacio clave para proyectar escenarios de futuro y activar procesos de transformaci\u00f3n desde la academia, donde los j\u00f3venes universitarios y de colegio pueden poner a prueba su liderazgo, aprender y proponer ideas que impacten en la sociedad. Como Camila Crespo, estudiante de la carrera de Publicidad y Marketing de Unifranz, expres\u00f3 el entusiasmo de los j\u00f3venes de participar en este tipo de actividades.\u00a0<\/p>\n\n\n\n<blockquote class=\"wp-block-quote is-layout-flow wp-block-quote-is-layout-flow\">\n<p>\u201cEl Futures Week es un laboratorio repleto de ideas. Es el escenario perfecto donde los j\u00f3venes dejamos de imaginar el futuro para empezar a construirlo\u201d, sostuvo Crespo.<\/p>\n<\/blockquote>\n\n\n\n<p>Todas estas actividades, en conjunto, contribuyen a que los j\u00f3venes no solo desarrollen habilidades t\u00e9cnicas, sino tambi\u00e9n un profundo sentido de responsabilidad social. Formar l\u00edderes responsables no significa moldear figuras de autoridad r\u00edgidas, sino acompa\u00f1ar a las nuevas generaciones para que se conviertan en agentes de cambio conscientes, capaces de inspirar, colaborar y transformar positivamente su entorno.<\/p>","protected":false},"excerpt":{"rendered":"<p>Fomentar liderazgo y responsabilidad en j\u00f3venes requiere actividades como proyectos sociales, trabajo colaborativo, mentor\u00eda y espacios creativos. Estas din\u00e1micas fortalecen empat\u00eda, toma de decisiones y compromiso con el entorno, formando l\u00edderes conscientes.<\/p>","protected":false},"author":51,"featured_media":709917,"comment_status":"open","ping_status":"open","sticky":false,"template":"","format":"standard","meta":{"_acf_changed":false,"footnotes":""},"categories":[60],"tags":[266,494,53,5828,386,1422,1316,9558,240,104,242],"class_list":["post-709916","post","type-post","status-publish","format-standard","has-post-thumbnail","hentry","category-blog","tag-bolivia","tag-coaching","tag-educacion","tag-empoderar-a-los-jovenes","tag-estudiantes","tag-innovacion-en-educacion","tag-liderazgo","tag-liderazgo-juvenil","tag-psicologia","tag-publicidad-y-marketing","tag-unifranz"],"acf":[],"_links":{"self":[{"href":"https:\/\/unifranz.edu.bo\/pt\/wp-json\/wp\/v2\/posts\/709916","targetHints":{"allow":["GET"]}}],"collection":[{"href":"https:\/\/unifranz.edu.bo\/pt\/wp-json\/wp\/v2\/posts"}],"about":[{"href":"https:\/\/unifranz.edu.bo\/pt\/wp-json\/wp\/v2\/types\/post"}],"author":[{"embeddable":true,"href":"https:\/\/unifranz.edu.bo\/pt\/wp-json\/wp\/v2\/users\/51"}],"replies":[{"embeddable":true,"href":"https:\/\/unifranz.edu.bo\/pt\/wp-json\/wp\/v2\/comments?post=709916"}],"version-history":[{"count":1,"href":"https:\/\/unifranz.edu.bo\/pt\/wp-json\/wp\/v2\/posts\/709916\/revisions"}],"predecessor-version":[{"id":709918,"href":"https:\/\/unifranz.edu.bo\/pt\/wp-json\/wp\/v2\/posts\/709916\/revisions\/709918"}],"wp:featuredmedia":[{"embeddable":true,"href":"https:\/\/unifranz.edu.bo\/pt\/wp-json\/wp\/v2\/media\/709917"}],"wp:attachment":[{"href":"https:\/\/unifranz.edu.bo\/pt\/wp-json\/wp\/v2\/media?parent=709916"}],"wp:term":[{"taxonomy":"category","embeddable":true,"href":"https:\/\/unifranz.edu.bo\/pt\/wp-json\/wp\/v2\/categories?post=709916"},{"taxonomy":"post_tag","embeddable":true,"href":"https:\/\/unifranz.edu.bo\/pt\/wp-json\/wp\/v2\/tags?post=709916"}],"curies":[{"name":"wp","href":"https:\/\/api.w.org\/{rel}","templated":true}]}}