{"id":709874,"date":"2025-11-21T16:40:29","date_gmt":"2025-11-21T20:40:29","guid":{"rendered":"https:\/\/unifranz.edu.bo\/?p=709874"},"modified":"2025-11-27T16:33:18","modified_gmt":"2025-11-27T20:33:18","slug":"el-turismo-boliviano-puede-ser-motor-de-desarrollo-si-se-gestiona-con-identidad-y-sostenibilidad","status":"publish","type":"post","link":"https:\/\/unifranz.edu.bo\/pt\/blog\/el-turismo-boliviano-puede-ser-motor-de-desarrollo-si-se-gestiona-con-identidad-y-sostenibilidad\/","title":{"rendered":"Unifranz impulsa el turismo boliviano como motor de desarrollo con identidad y sostenibilidad"},"content":{"rendered":"<p>El turismo boliviano enfrenta el reto de consolidarse como un sector estrat\u00e9gico para el desarrollo del pa\u00eds, porque tiene una enorme riqueza natural y cultural. As\u00ed lo se\u00f1al\u00f3 Javier Rivera, director de la carrera de Administraci\u00f3n de Hoteler\u00eda y Turismo de la Universidad Franz Tamayo, Unifranz, durante una master class desarrollada en la Universidad de S\u00e3o Paulo, Brasil, como parte del programa de movilidad internacional de Unifranz.<\/p>\n\n\n\n<p>Instituciones dedicadas al desarrollo tur\u00edstico en el pa\u00eds, como el Centro para la Participaci\u00f3n y Desarrollo Humano Sostenible (Cepad) estiman que el turismo puede generar 3.000 millones de d\u00f3lares a la econom\u00eda del pa\u00eds; sin embargo, ahora no se logra ni un tercio de esa cifra.<\/p>\n\n\n\n<p>\u201cUno de los principales desaf\u00edos que enfrenta el sector tur\u00edstico en Bolivia es la ausencia de una apuesta estrat\u00e9gica y sostenida por parte de los distintos niveles de gobierno. La falta de una institucionalidad claramente definida limita la planificaci\u00f3n, coordinaci\u00f3n y continuidad de acciones en el sector\u201d, explic\u00f3 Rivera.<\/p>\n\n\n\n<p>A estos factores se suma la incidencia de conflictos sociales y bloqueos que afectan directamente la imagen del pa\u00eds como destino, generando incertidumbre y desconfianza entre los visitantes. Rivera considera que fortalecer la gobernanza tur\u00edstica y la articulaci\u00f3n p\u00fablico-privada es clave para revertir este escenario y sentar bases s\u00f3lidas hacia una gesti\u00f3n m\u00e1s eficiente y sostenible.<\/p>\n\n\n\n<blockquote class=\"wp-block-quote is-layout-flow wp-block-quote-is-layout-flow\">\n<p>\u201cDesde territorios amaz\u00f3nicos hasta altipl\u00e1nicos, el pa\u00eds tiene la capacidad de ofrecer experiencias \u00fanicas en turismo de aventura, ecoturismo, etnoturismo, turismo religioso o gastron\u00f3mico. Si estos recursos se gestionan de manera planificada y sostenible, se puede construir una oferta aut\u00e9ntica y diferenciada\u201d, afirm\u00f3 el acad\u00e9mico.<\/p>\n<\/blockquote>\n\n\n\n<p>Las nuevas tendencias del turismo global apuntan hacia experiencias sostenibles, regenerativas y transformadoras, en las que el visitante busca conexi\u00f3n, sentido y aprendizaje. En ese marco, Bolivia puede posicionarse como un referente del turismo de naturaleza, comunitario y cultural, siempre que se articulen esfuerzos entre comunidades, operadores, Estado y academia.<\/p>\n\n\n\n<figure class=\"wp-block-embed is-type-video is-provider-youtube wp-block-embed-youtube wp-embed-aspect-16-9 wp-has-aspect-ratio\"><div class=\"wp-block-embed__wrapper\">\n<iframe loading=\"lazy\" title=\"Javier Rivera da una masterclass en Brasil sobre turismo boliviano\" width=\"500\" height=\"281\" src=\"https:\/\/www.youtube.com\/embed\/XC_n5ZgnQZQ?feature=oembed\" frameborder=\"0\" allow=\"accelerometer; autoplay; clipboard-write; encrypted-media; gyroscope; picture-in-picture; web-share\" referrerpolicy=\"strict-origin-when-cross-origin\" allowfullscreen><\/iframe>\n<\/div><\/figure>\n\n\n\n<p>Rivera advirti\u00f3 que la informalidad y la falta de pol\u00edticas p\u00fablicas de largo plazo siguen siendo obst\u00e1culos para alcanzar ese objetivo. \u201cSin una visi\u00f3n de pa\u00eds que proyecte el turismo estrat\u00e9gicamente, las acciones tienden a ser coyunturales y de corto alcance. Se requiere institucionalizar la planificaci\u00f3n participativa, fomentar la formalizaci\u00f3n y promover la coordinaci\u00f3n multinivel\u201d, sostuvo.<\/p>\n\n\n\n<blockquote class=\"wp-block-quote is-layout-flow wp-block-quote-is-layout-flow\">\n<p>Desde la academia, Unifranz trabaja en la formaci\u00f3n de una nueva generaci\u00f3n de profesionales capaces de transformar el sector. \u201cEn la carrera de Administraci\u00f3n de Hoteler\u00eda y Turismo formamos profesionales con competencias \u00e9ticas, capacidad de gesti\u00f3n, innovaci\u00f3n y compromiso con el desarrollo sostenible. Buscamos que nuestros estudiantes sean agentes de cambio, que dise\u00f1en experiencias con identidad y visi\u00f3n de futuro\u201d.<\/p>\n<\/blockquote>\n\n\n\n<p>El modelo educativo innovador de Unifranz promueve una formaci\u00f3n integral orientada a la acci\u00f3n, el liderazgo y la sostenibilidad. A trav\u00e9s de proyectos, pr\u00e1cticas y alianzas con instituciones p\u00fablicas y privadas, los estudiantes aprenden a vincular la teor\u00eda con la realidad del sector, desarrollando propuestas tur\u00edsticas con impacto positivo en sus comunidades.<\/p>\n\n\n\n<p>El turismo del futuro debe integrar crecimiento econ\u00f3mico, preservaci\u00f3n ambiental y bienestar comunitario. No se trata solo de atraer visitantes, sino de generar desarrollo con identidad y respeto por los territorios. En esa l\u00ednea, Rivera considera que la participaci\u00f3n activa de todos los actores, comunidades locales, sector privado, Estado y universidades, es fundamental para consolidar un modelo tur\u00edstico sostenible y equitativo.<\/p>\n\n\n\n<p>La participaci\u00f3n de Rivera en la Universidad de S\u00e3o Paulo reafirma el compromiso de Unifranz con la internacionalizaci\u00f3n del conocimiento y la promoci\u00f3n del turismo sostenible. A trav\u00e9s de su programa de movilidad acad\u00e9mica, la universidad impulsa el intercambio de experiencias y saberes que fortalecen la formaci\u00f3n de profesionales capaces de proyectar a Bolivia como un destino competitivo, aut\u00e9ntico y consciente ante los desaf\u00edos del turismo global.<\/p>","protected":false},"excerpt":{"rendered":"<p>El turismo boliviano enfrenta el reto de consolidarse como un sector estrat\u00e9gico para el desarrollo del pa\u00eds, porque tiene una enorme riqueza natural y cultural. As\u00ed lo se\u00f1al\u00f3 Javier Rivera, director de la carrera de Administraci\u00f3n de Hoteler\u00eda y Turismo de la Universidad Franz Tamayo, Unifranz, durante una master class desarrollada en la Universidad de &hellip; <a href=\"https:\/\/unifranz.edu.bo\/pt\/blog\/el-turismo-boliviano-puede-ser-motor-de-desarrollo-si-se-gestiona-con-identidad-y-sostenibilidad\/\">Continued<\/a><\/p>","protected":false},"author":33,"featured_media":709875,"comment_status":"open","ping_status":"open","sticky":false,"template":"","format":"standard","meta":{"_acf_changed":false,"footnotes":""},"categories":[2576,60],"tags":[11569,242],"class_list":["post-709874","post","type-post","status-publish","format-standard","has-post-thumbnail","hentry","category-unifranz-santa-cruz","category-blog","tag-calidad-academica-2","tag-unifranz"],"acf":[],"_links":{"self":[{"href":"https:\/\/unifranz.edu.bo\/pt\/wp-json\/wp\/v2\/posts\/709874","targetHints":{"allow":["GET"]}}],"collection":[{"href":"https:\/\/unifranz.edu.bo\/pt\/wp-json\/wp\/v2\/posts"}],"about":[{"href":"https:\/\/unifranz.edu.bo\/pt\/wp-json\/wp\/v2\/types\/post"}],"author":[{"embeddable":true,"href":"https:\/\/unifranz.edu.bo\/pt\/wp-json\/wp\/v2\/users\/33"}],"replies":[{"embeddable":true,"href":"https:\/\/unifranz.edu.bo\/pt\/wp-json\/wp\/v2\/comments?post=709874"}],"version-history":[{"count":2,"href":"https:\/\/unifranz.edu.bo\/pt\/wp-json\/wp\/v2\/posts\/709874\/revisions"}],"predecessor-version":[{"id":710050,"href":"https:\/\/unifranz.edu.bo\/pt\/wp-json\/wp\/v2\/posts\/709874\/revisions\/710050"}],"wp:featuredmedia":[{"embeddable":true,"href":"https:\/\/unifranz.edu.bo\/pt\/wp-json\/wp\/v2\/media\/709875"}],"wp:attachment":[{"href":"https:\/\/unifranz.edu.bo\/pt\/wp-json\/wp\/v2\/media?parent=709874"}],"wp:term":[{"taxonomy":"category","embeddable":true,"href":"https:\/\/unifranz.edu.bo\/pt\/wp-json\/wp\/v2\/categories?post=709874"},{"taxonomy":"post_tag","embeddable":true,"href":"https:\/\/unifranz.edu.bo\/pt\/wp-json\/wp\/v2\/tags?post=709874"}],"curies":[{"name":"wp","href":"https:\/\/api.w.org\/{rel}","templated":true}]}}