{"id":709871,"date":"2025-11-21T18:33:16","date_gmt":"2025-11-21T22:33:16","guid":{"rendered":"https:\/\/unifranz.edu.bo\/?p=709871"},"modified":"2025-12-03T10:25:17","modified_gmt":"2025-12-03T14:25:17","slug":"el-alto-ciudades-verdes","status":"publish","type":"post","link":"https:\/\/unifranz.edu.bo\/pt\/blog\/el-alto-ciudades-verdes\/","title":{"rendered":"Unifranz impulsa la transformaci\u00f3n ambiental de El Alto con el proyecto \u201cCiudades Verdes\u201d"},"content":{"rendered":"<p>Con la participaci\u00f3n de estudiantes, voluntarios, instituciones p\u00fablicas, organizaciones sociales e influyentes digitales, concluyeron las dos primeras jornadas de plantaci\u00f3n del proyecto <a href=\"https:\/\/unifranz.edu.bo\/ciudades-verdes\/\">Ciudades Verdes<\/a>. La iniciativa liderada por la Universidad Franz Tamayo, Unifranz, busca promover la arborizaci\u00f3n urbana como herramienta de bienestar, sostenibilidad y desarrollo comunitario.<\/p>\n\n\n\n<p>Las actividades se desarrollaron en la avenida Julio C\u00e9sar Valdez, entre la Plaza del C\u00f3ndor y la Plaza de la Cruz, en Villa Adela, donde m\u00e1s de 200 voluntarios iniciaron el primer tramo de intervenci\u00f3n ambiental con un aproximado de 500 plantines sembrados. El objetivo inmediato del proyecto es plantar 1.200 \u00e1rboles, aunque la meta final apunta a extender la arborizaci\u00f3n a nuevas zonas de la ciudad.<\/p>\n\n\n\n<p>Con la meta de plantar 5.000 \u00e1rboles entre Santa Cruz, Cochabamba, La Paz y El Alto, Ciudades Verdes busca construir un movimiento ciudadano sostenible que contribuya a la salud del ambiente y de las comunidades. A trav\u00e9s de este proyecto, Unifranz reafirma su compromiso con la innovaci\u00f3n, la sostenibilidad y la responsabilidad social, consolidando un modelo educativo que vincula a los estudiantes con los grandes retos ambientales de su tiempo.<\/p>\n\n\n\n<p><strong>Arborizaci\u00f3n para transformar la ciudad<\/strong><\/p>\n\n\n\n<p>La siembra de \u00e1rboles es una acci\u00f3n directa para mejorar la calidad del aire, reducir la temperatura urbana, mitigar los efectos del cambio clim\u00e1tico y promover espacios m\u00e1s saludables. Para Unifranz, la iniciativa refuerza su compromiso con los <a href=\"https:\/\/www.un.org\/sustainabledevelopment\/es\/objetivos-de-desarrollo-sostenible\/\" target=\"_blank\" rel=\"noopener\">Objetivos de Desarrollo Sostenible (ODS)<\/a>, especialmente los vinculados a ciudades sostenibles, acci\u00f3n por el clima y alianzas estrat\u00e9gicas.<\/p>\n\n\n\n<p>\u201cEste proyecto no solo transforma nuestro entorno, sino que une a la comunidad en un mismo prop\u00f3sito, promoviendo el bienestar y el compromiso con la naturaleza\u201d, afirm\u00f3 Eve G\u00f3mez, vicerrectora de Unifranz El Alto, quien destac\u00f3 que la universidad asume un rol activo en la construcci\u00f3n de ciudades m\u00e1s verdes y resilientes.&nbsp;<\/p>\n\n\n\n<p><strong>Aliados que suman al desarrollo de El Alto<\/strong><\/p>\n\n\n\n<p>Las jornadas contaron con el apoyo del <a href=\"https:\/\/www.elalto.gob.bo\/\" target=\"_blank\" rel=\"noopener\">Gobierno Aut\u00f3nomo Municipal de El Alto<\/a>, la <a href=\"https:\/\/www.facebook.com\/p\/Sub-Alcald%C3%ADa-Distrito-3-El-Alto-61557357088014\/?locale=es_LA\" target=\"_blank\" rel=\"noopener\">Subalcald\u00eda del Distrito 3<\/a>, la <a href=\"https:\/\/www.policia.bo\/\" target=\"_blank\" rel=\"noopener\">Polic\u00eda Boliviana<\/a>, la Direcci\u00f3n Regional de <a href=\"https:\/\/www.facebook.com\/p\/Direcci%C3%B3n-Nacional-de-Pofoma-100093385309753\/\" target=\"_blank\" rel=\"noopener\">POFOMA<\/a>, <a href=\"https:\/\/red-habitat.org\/\" target=\"_blank\" rel=\"noopener\">Red H\u00e1bitat<\/a>, unidades educativas como la U.E. Real del Sur, T\u00e9cnico Human\u00edstico Ayacucho, T\u00e9cnico Human\u00edstico La Paz, el Centro Educativo Cristiano Bethel, estudiantes de Unifranz El Alto, adem\u00e1s de creadores de contenido comprometidos con la sostenibilidad.<\/p>\n\n\n\n<p>\u201cLa arborizaci\u00f3n no solo mejora el entorno, tambi\u00e9n fortalece el sentido de pertenencia y seguridad en los barrios. Un \u00e1rbol es vida, es sombra y es futuro\u201d, destac\u00f3 Pedro Roberto Medina M\u00e1rquez, jefe de seguridad de la EPI Alto Chijini.<\/p>\n\n\n\n<p>Por su parte, desde la Direcci\u00f3n Regional de POFOMA, Guido Macilla remarc\u00f3 el impacto ecol\u00f3gico que se construye desde lo cotidiano. \u201cCada \u00e1rbol plantado es una inversi\u00f3n para las pr\u00f3ximas generaciones. Ver a j\u00f3venes participar con entusiasmo demuestra que todav\u00eda podemos revertir el deterioro ambiental si trabajamos juntos\u201d.<\/p>\n\n\n\n<p><strong>Voluntariado joven: motor del cambio<\/strong><\/p>\n\n\n\n<p>Decenas de estudiantes de Unifranz y de distintas unidades educativas participaron como Guardianes Verdes, comprometidos con el cuidado y seguimiento de los \u00e1rboles plantados. Para muchos, fue su primera experiencia de acci\u00f3n ambiental directa.<\/p>\n\n\n\n<p>\u201cSer parte de esto te hace ver que s\u00ed podemos cambiar nuestra ciudad. No es solo plantar un \u00e1rbol, es plantar esperanza\u201d, se\u00f1al\u00f3 Sheyla Quisbert, voluntaria de la carrera de Ingenier\u00eda Comercial de Unifranz El Alto.<\/p>\n\n\n\n<p>Para su docente, Franco Orosco la participaci\u00f3n de estudiantes de distintas carreras refuerza el valor institucional de la sostenibilidad en Unifranz. Estas experiencias no solo aportan al medio ambiente, sino que forman profesionales conscientes y comprometidos con el impacto social de sus acciones.<\/p>\n\n\n\n<p>Su testimonio refleja el esp\u00edritu del proyecto, una iniciativa que combina educaci\u00f3n, sostenibilidad y participaci\u00f3n ciudadana para construir una ciudad m\u00e1s amable y habitable.<\/p>\n\n\n\n<p><strong>Un compromiso que contin\u00faa<\/strong><\/p>\n\n\n\n<p>Tras el \u00e9xito de las primeras jornadas, Unifranz y sus aliados prev\u00e9n continuar con las plantaciones en nuevos tramos de la ciudad. El objetivo mayor de la campa\u00f1a es generar un movimiento de largo plazo que inspire a instituciones, comunidades y familias a sumarse.<\/p>\n\n\n\n<p>\u201cCon esta entrega simb\u00f3lica a las juntas vecinales, renovamos nuestro compromiso de seguir trabajando juntos por un futuro m\u00e1s verde y saludable. Invito a todos a cuidar estos \u00e1rboles, que son s\u00edmbolo de vida y esperanza para nuestra ciudad\u201d, finaliz\u00f3 la vicerrectora Eve G\u00f3mez.<\/p>\n\n\n\n<figure class=\"wp-block-embed is-type-video is-provider-youtube wp-block-embed-youtube wp-embed-aspect-16-9 wp-has-aspect-ratio\"><div class=\"wp-block-embed__wrapper\">\n<iframe loading=\"lazy\" title=\"CIUDADES VERDES\" width=\"500\" height=\"281\" src=\"https:\/\/www.youtube.com\/embed\/v-xV-WBOKXY?feature=oembed\" frameborder=\"0\" allow=\"accelerometer; autoplay; clipboard-write; encrypted-media; gyroscope; picture-in-picture; web-share\" referrerpolicy=\"strict-origin-when-cross-origin\" allowfullscreen><\/iframe>\n<\/div><\/figure>","protected":false},"excerpt":{"rendered":"<p>El proyecto Ciudades Verdes de Unifranz avanza en El Alto con plantaci\u00f3n de \u00e1rboles, educaci\u00f3n ambiental y alianzas para la sostenibilidad.<\/p>","protected":false},"author":25,"featured_media":709912,"comment_status":"open","ping_status":"open","sticky":false,"template":"","format":"standard","meta":{"_acf_changed":false,"footnotes":""},"categories":[11083,1998,60,11489,4452,6096],"tags":[53,47,386,242],"class_list":["post-709871","post","type-post","status-publish","format-standard","has-post-thumbnail","hentry","category-unifranzelalto","category-arborizacion","category-blog","category-ciudades-verdes","category-responsabilidad-social","category-sostenibilidad","tag-educacion","tag-el-alto","tag-estudiantes","tag-unifranz"],"acf":[],"_links":{"self":[{"href":"https:\/\/unifranz.edu.bo\/pt\/wp-json\/wp\/v2\/posts\/709871","targetHints":{"allow":["GET"]}}],"collection":[{"href":"https:\/\/unifranz.edu.bo\/pt\/wp-json\/wp\/v2\/posts"}],"about":[{"href":"https:\/\/unifranz.edu.bo\/pt\/wp-json\/wp\/v2\/types\/post"}],"author":[{"embeddable":true,"href":"https:\/\/unifranz.edu.bo\/pt\/wp-json\/wp\/v2\/users\/25"}],"replies":[{"embeddable":true,"href":"https:\/\/unifranz.edu.bo\/pt\/wp-json\/wp\/v2\/comments?post=709871"}],"version-history":[{"count":2,"href":"https:\/\/unifranz.edu.bo\/pt\/wp-json\/wp\/v2\/posts\/709871\/revisions"}],"predecessor-version":[{"id":710166,"href":"https:\/\/unifranz.edu.bo\/pt\/wp-json\/wp\/v2\/posts\/709871\/revisions\/710166"}],"wp:featuredmedia":[{"embeddable":true,"href":"https:\/\/unifranz.edu.bo\/pt\/wp-json\/wp\/v2\/media\/709912"}],"wp:attachment":[{"href":"https:\/\/unifranz.edu.bo\/pt\/wp-json\/wp\/v2\/media?parent=709871"}],"wp:term":[{"taxonomy":"category","embeddable":true,"href":"https:\/\/unifranz.edu.bo\/pt\/wp-json\/wp\/v2\/categories?post=709871"},{"taxonomy":"post_tag","embeddable":true,"href":"https:\/\/unifranz.edu.bo\/pt\/wp-json\/wp\/v2\/tags?post=709871"}],"curies":[{"name":"wp","href":"https:\/\/api.w.org\/{rel}","templated":true}]}}