{"id":709869,"date":"2025-11-21T18:00:46","date_gmt":"2025-11-21T22:00:46","guid":{"rendered":"https:\/\/unifranz.edu.bo\/?p=709869"},"modified":"2025-11-21T18:04:26","modified_gmt":"2025-11-21T22:04:26","slug":"empresarios-de-la-paz-distinguen-a-unifranz-por-su-vision-de-futuro-y-calidad-academica","status":"publish","type":"post","link":"https:\/\/unifranz.edu.bo\/pt\/blog\/empresarios-de-la-paz-distinguen-a-unifranz-por-su-vision-de-futuro-y-calidad-academica\/","title":{"rendered":"Empresarios de La Paz distinguen a Unifranz por su visi\u00f3n de futuro y calidad acad\u00e9mica"},"content":{"rendered":"<p>Esta Casa de Estudios Superiores fue una de las instituciones reconocidas en el acto de Distinci\u00f3n Empresarial Pace\u00f1a 2025, organizado por la FEPLP, en una ceremonia que reuni\u00f3 a l\u00edderes del sector para rendir homenaje a 31 empresas destacadas por su trayectoria, liderazgo y excelencia a nivel departamental.<\/p>\n\n\n\n<p>Ver\u00f3nica \u00c1greda de Pazos, rectora de Unifranz, agradeci\u00f3 la distinci\u00f3n y resalt\u00f3 el trabajo colectivo que mantiene la calidad acad\u00e9mica y el trabajo en el sector educativo.<\/p>\n\n\n\n<blockquote class=\"wp-block-quote is-layout-flow wp-block-quote-is-layout-flow\">\n<p>\u201cEstamos muy felices de recibir este reconocimiento al gran trabajo de todo el equipo de la naci\u00f3n Unifranz. Todos velamos por la calidad acad\u00e9mica, por formar profesionales relevantes, pertinentes y preparados internacionalmente para el mercado laboral y las exigencias actuales. Nuestro compromiso es seguir aportando al desarrollo sostenible de la regi\u00f3n y del pa\u00eds\u201d, afirm\u00f3.<\/p>\n<\/blockquote>\n\n\n\n<p>Desde la  FEPLP: \u201cHemos reconocido a 31 empresas muy importantes de todos los sectores. Entre ellas, instituciones que representan el futuro, la ense\u00f1anza y la educaci\u00f3n. Creemos que la educaci\u00f3n nos permite generar un futuro importante. Felicidades a Unifranz por estar con nosotros y por su visi\u00f3n del futuro del pa\u00eds\u201d, destac\u00f3 el presidente de la Federaci\u00f3n de Empresarios Privados, Rolando Kempff.<\/p>\n\n\n\n<figure class=\"wp-block-embed is-type-video is-provider-youtube wp-block-embed-youtube wp-embed-aspect-16-9 wp-has-aspect-ratio\"><div class=\"wp-block-embed__wrapper\">\n<iframe loading=\"lazy\" title=\"Empresarios de La Paz distinguen a Unifranz por su visi\u00f3n de futuro y calidad acad\u00e9mica\" width=\"500\" height=\"281\" src=\"https:\/\/www.youtube.com\/embed\/YzJ_w_ptSdE?feature=oembed\" frameborder=\"0\" allow=\"accelerometer; autoplay; clipboard-write; encrypted-media; gyroscope; picture-in-picture; web-share\" referrerpolicy=\"strict-origin-when-cross-origin\" allowfullscreen><\/iframe>\n<\/div><\/figure>\n\n\n\n<p>De la misma manera, durante el evento, Kempff ofreci\u00f3 un mensaje dirigido a todas las empresas galardonadas, en el que destac\u00f3 el valor del esfuerzo, la visi\u00f3n y el compromiso del sector productivo pace\u00f1o como motores del desarrollo econ\u00f3mico y social de Bolivia.&nbsp;<\/p>\n\n\n\n<blockquote class=\"wp-block-quote is-layout-flow wp-block-quote-is-layout-flow\">\n<p>\u201cRendimos homenaje a quienes, con su esfuerzo, su visi\u00f3n y su compromiso contribuyen al desarrollo econ\u00f3mico y social de La Paz y de Bolivia. Este acto no es solo una ceremonia, es un espacio de encuentro y gratitud\u201d, afirm\u00f3.<\/p>\n<\/blockquote>\n\n\n\n<p>La primera parte del acto estuvo dedicada a la entrega de la Medalla de Honor al M\u00e9rito Empresarial, m\u00e1xima distinci\u00f3n otorgada por la FEPLP a ocho personalidades que han contribuido tambi\u00e9n al desarrollo empresarial pace\u00f1o. En la segunda parte se reconoci\u00f3 a 31 empresas e instituciones, entre ellas Unifranz.<\/p>\n\n\n\n<p><strong>Compromiso con la excelencia y la formaci\u00f3n profesional<\/strong><\/p>\n\n\n\n<p>La distinci\u00f3n a Unifranz, es el reconocimiento a su aporte sostenido en la formaci\u00f3n de profesionales competentes, el liderazgo acad\u00e9mico y la innovaci\u00f3n educativa, aspectos que la consolidan como una instituci\u00f3n comprometida con el progreso del pa\u00eds.&nbsp;<\/p>\n\n\n\n<blockquote class=\"wp-block-quote is-layout-flow wp-block-quote-is-layout-flow\">\n<p>\u201cSabemos que estamos contribuyendo efectivamente al desarrollo del pa\u00eds y seguiremos avanzando con responsabilidad y visi\u00f3n de futuro\u201d, a\u00f1adi\u00f3 \u00c1greda.<\/p>\n<\/blockquote>\n\n\n\n<p>El reconocimiento refuerza el rol de actor estrat\u00e9gico en la construcci\u00f3n de talento, investigaci\u00f3n y nuevas econom\u00edas basadas en la tecnolog\u00eda, la creatividad y la sostenibilidad.<\/p>\n\n\n\n<p>As\u00ed tambi\u00e9n, se reafirma el liderazgo acad\u00e9mico, el compromiso con la formaci\u00f3n de profesionales altamente calificados y el aporte continuo al desarrollo social y econ\u00f3mico de La Paz.&nbsp;<\/p>\n\n\n\n<blockquote class=\"wp-block-quote is-layout-flow wp-block-quote-is-layout-flow\">\n<p>\u00c1greda destac\u00f3 que, pese a los desaf\u00edos que atraviesan los distintos sectores, la universidad mantiene una visi\u00f3n optimista basada en la generaci\u00f3n de impacto positivo en la sociedad. \u201cHacia adelante se vienen grandes desaf\u00edos, en tiempos en los que tenemos que salir de m\u00faltiples crisis, pero con much\u00edsimo optimismo\u201d.<\/p>\n<\/blockquote>\n\n\n\n<p>La instituci\u00f3n asume este reconocimiento como una motivaci\u00f3n para seguir innovando, fortaleciendo la calidad educativa y promoviendo una visi\u00f3n internacional que contribuya al crecimiento sostenible del pa\u00eds.<\/p>\n\n\n\n<p>El acto, congreg\u00f3 a representantes de c\u00e1maras sectoriales, c\u00e1maras binacionales, autoridades nacionales y municipales, cuerpo diplom\u00e1tico, universidades, entidades financieras y medios de comunicaci\u00f3n, en un ambiente de celebraci\u00f3n al aporte empresarial en el desarrollo econ\u00f3mico y social de La Paz. El evento fue llevado a cabo en el sal\u00f3n Germania del Hotel Europa la noche del 20 de noviembre.&nbsp;&nbsp;<\/p>\n\n\n\n<p>Durante la ceremonia se resalt\u00f3 el rol de la FEPLP como la instituci\u00f3n que articula a diez c\u00e1maras departamentales de diferentes sectores como: industria, comercio y servicios, construcci\u00f3n, exportadores y log\u00edstica, hoteler\u00eda, transportes, educaci\u00f3n, aduana, surtidores y mujeres empresarias, adem\u00e1s de empresas honor\u00edficas que fortalecen la actividad econ\u00f3mica del departamento.<\/p>\n\n\n\n<blockquote class=\"wp-block-quote is-layout-flow wp-block-quote-is-layout-flow\">\n<p>Al final, el acto concluy\u00f3 con un llamado a la unidad y al trabajo conjunto por un futuro m\u00e1s s\u00f3lido para el departamento. \u201cSigamos trabajando juntos por una La Paz fuerte y unida. El departamento tiene un gran futuro y todos queremos trabajar por \u00e9l. \u00a1Viva La Paz!\u201d, expres\u00f3 Kempff.<\/p>\n<\/blockquote>","protected":false},"excerpt":{"rendered":"<p>La Federaci\u00f3n de Empresarios Privados de La Paz (FEPLP) entreg\u00f3 una distinci\u00f3n a la Universidad Franz Tamayo (Unifranz) por su liderazgo educativo y su compromiso con  el desarrollo de La Paz.<\/p>","protected":false},"author":51,"featured_media":709896,"comment_status":"open","ping_status":"open","sticky":false,"template":"","format":"standard","meta":{"_acf_changed":false,"footnotes":""},"categories":[60],"tags":[2606,11613,53,10489,1422,6883,218,242],"class_list":["post-709869","post","type-post","status-publish","format-standard","has-post-thumbnail","hentry","category-blog","tag-liderazgogerencial","tag-distincion-empresarial-pacena-2025","tag-educacion","tag-federacion-de-empresarios-privados-de-la-paz","tag-innovacion-en-educacion","tag-profesionales-de-excelencia","tag-tecnologia","tag-unifranz"],"acf":[],"_links":{"self":[{"href":"https:\/\/unifranz.edu.bo\/pt\/wp-json\/wp\/v2\/posts\/709869","targetHints":{"allow":["GET"]}}],"collection":[{"href":"https:\/\/unifranz.edu.bo\/pt\/wp-json\/wp\/v2\/posts"}],"about":[{"href":"https:\/\/unifranz.edu.bo\/pt\/wp-json\/wp\/v2\/types\/post"}],"author":[{"embeddable":true,"href":"https:\/\/unifranz.edu.bo\/pt\/wp-json\/wp\/v2\/users\/51"}],"replies":[{"embeddable":true,"href":"https:\/\/unifranz.edu.bo\/pt\/wp-json\/wp\/v2\/comments?post=709869"}],"version-history":[{"count":3,"href":"https:\/\/unifranz.edu.bo\/pt\/wp-json\/wp\/v2\/posts\/709869\/revisions"}],"predecessor-version":[{"id":709906,"href":"https:\/\/unifranz.edu.bo\/pt\/wp-json\/wp\/v2\/posts\/709869\/revisions\/709906"}],"wp:featuredmedia":[{"embeddable":true,"href":"https:\/\/unifranz.edu.bo\/pt\/wp-json\/wp\/v2\/media\/709896"}],"wp:attachment":[{"href":"https:\/\/unifranz.edu.bo\/pt\/wp-json\/wp\/v2\/media?parent=709869"}],"wp:term":[{"taxonomy":"category","embeddable":true,"href":"https:\/\/unifranz.edu.bo\/pt\/wp-json\/wp\/v2\/categories?post=709869"},{"taxonomy":"post_tag","embeddable":true,"href":"https:\/\/unifranz.edu.bo\/pt\/wp-json\/wp\/v2\/tags?post=709869"}],"curies":[{"name":"wp","href":"https:\/\/api.w.org\/{rel}","templated":true}]}}