{"id":709851,"date":"2025-11-20T18:58:21","date_gmt":"2025-11-20T22:58:21","guid":{"rendered":"https:\/\/unifranz.edu.bo\/?p=709851"},"modified":"2025-11-20T18:58:29","modified_gmt":"2025-11-20T22:58:29","slug":"unifranz-el-alto-sella-su-calidad-mercosur-con-un-congreso-de-odontologia-de-vanguardia","status":"publish","type":"post","link":"https:\/\/unifranz.edu.bo\/pt\/blog\/unifranz-el-alto-sella-su-calidad-mercosur-con-un-congreso-de-odontologia-de-vanguardia\/","title":{"rendered":"Unifranz El Alto sella su calidad MERCOSUR con un Congreso de Odontolog\u00eda de vanguardia"},"content":{"rendered":"<p>El r\u00e1pido avance de la ciencia y la tecnolog\u00eda est\u00e1 redefiniendo los est\u00e1ndares en el sector salud, y la Odontolog\u00eda no es la excepci\u00f3n. En este contexto, y respaldada por la reciente reacreditaci\u00f3n <a href=\"https:\/\/www.mercosur.int\/\" target=\"_blank\" rel=\"noopener\">MERCOSUR <\/a>que certifica la calidad de su formaci\u00f3n, la <a href=\"https:\/\/unifranz.edu.bo\/\">Universidad Franz Tamayo<\/a>, <a href=\"https:\/\/unifranz.edu.bo\/sedes\/el-alto\/\">Unifranz El Alto<\/a>, reafirm\u00f3 su compromiso con la excelencia al organizar el Congreso de Odontolog\u00eda del Bicentenario, un evento que reuni\u00f3 a expertos para abordar las \u00faltimas innovaciones en salud oral.<\/p>\n\n\n\n<p>El congreso se llev\u00f3 a cabo entre el 17 y 18 de noviembre en Unifranz El Alto y cont\u00f3 con la participaci\u00f3n de seis destacados profesionales en odontolog\u00eda, quienes compartieron sus conocimientos y experiencias con cientos de estudiantes de la carrera de Odontolog\u00eda, con el prop\u00f3sito de afianzar los conocimientos de los participantes e impulsar los avances odontol\u00f3gicos en diversas especialidades, cuya aplicaci\u00f3n puede impactar positivamente en la calidad de atenci\u00f3n a la poblaci\u00f3n.&nbsp;<\/p>\n\n\n\n<p>La transformaci\u00f3n de la pr\u00e1ctica cl\u00ednica es innegable. La planificaci\u00f3n digital, los materiales de nueva generaci\u00f3n y las t\u00e9cnicas implantol\u00f3gicas avanzadas demandan de los profesionales una actualizaci\u00f3n permanente que trascienda la formaci\u00f3n inicial. Mantener la calidad en un campo tan din\u00e1mico se ha vuelto una necesidad imperiosa.<\/p>\n\n\n\n<p>El congreso se realiz\u00f3 en un contexto relevante para la carrera: la reciente reacreditaci\u00f3n internacional MERCOSUR, que reconoce la calidad educativa del programa y su compromiso con la actualizaci\u00f3n permanente del perfil profesional. Para el director de la carrera de Odontolog\u00eda, Alvaro Iba\u00f1ez, este tipo de espacios refuerza precisamente los est\u00e1ndares que permiten sostener dicha certificaci\u00f3n, al promover el aprendizaje continuo, la formaci\u00f3n basada en evidencia y la comprensi\u00f3n de nuevas tendencias que transforman la pr\u00e1ctica odontol\u00f3gica.<\/p>\n\n\n\n<p>\u201cLa reacreditaci\u00f3n no es un punto de llegada. Exige sostener un nivel acad\u00e9mico vivo, donde la ciencia dialogue permanentemente con la formaci\u00f3n\u201d, dijo Iba\u00f1ez.<\/p>\n\n\n\n<h2 class=\"wp-block-heading\"><strong>Ciencia que avanza, formaci\u00f3n que acompa\u00f1a<\/strong><\/h2>\n\n\n\n<p>Los especialistas invitados coincidieron en un aspecto central: el ejercicio odontol\u00f3gico exige hoy una comprensi\u00f3n m\u00e1s profunda de la evidencia cient\u00edfica y, sobre todo, la capacidad de adaptarse a las nuevas demandas de la poblaci\u00f3n.<\/p>\n\n\n\n<p>El Dr. Claudio Murillo, referente en implantolog\u00eda contempor\u00e1nea, subray\u00f3 que \u201cla base para una buena experiencia profesional es la actualizaci\u00f3n constante para trabajar por todos nuestros pacientes, para que ellos reciban la satisfacci\u00f3n de haber tenido un buen trabajo por un buen profesional\u201d.&nbsp;<\/p>\n\n\n\n<p>Por su parte, el Dr. Fabricio Armijo, docente de la carrera y expositor en el Congreso, destac\u00f3 la iniciativa por constituirse en \u201cun espacio que permite a los estudiantes aprender con docentes nacionales e internacionales, refrescar conceptos y revisar temas de actualidad\u201d, afirm\u00f3.<\/p>\n\n\n\n<h2 class=\"wp-block-heading\"><strong>Formaci\u00f3n que impacta en la calidad de vida<\/strong><\/h2>\n\n\n\n<p>Las especialistas Patricia Huanca y Carla Larrea abordaron la importancia de la morfolog\u00eda, el dise\u00f1o dental y la odontopediatr\u00eda en la prevenci\u00f3n y el bienestar general de la poblaci\u00f3n. Para Huanca, \u201cactualizarse es tambi\u00e9n una forma de humanizar la pr\u00e1ctica. Cuando el profesional entiende mejor la estructura, forma y funci\u00f3n, las rehabilitaciones no solo son m\u00e1s est\u00e9ticas, sino m\u00e1s saludables y duraderas\u201d.<\/p>\n\n\n\n<p>Larrea, enfocada en la atenci\u00f3n infantil, destac\u00f3 que la formaci\u00f3n continua impacta en la salud oral de toda una vida. \u201cSu perspectiva evidencia que la actualizaci\u00f3n no solo beneficia a los profesionales, sino que puede transformar la trayectoria de salud de generaciones enteras a trav\u00e9s de una buena pr\u00e1ctica preventiva\u201d, dijo.<\/p>\n\n\n\n<p>El Congreso de Odontolog\u00eda del Bicentenario se consolid\u00f3 as\u00ed, como un punto de encuentro entre estudiantes, docentes y especialistas, reafirmando que la calidad educativa es el resultado de un esfuerzo continuo. Y que la odontolog\u00eda del futuro \u2014m\u00e1s precisa, m\u00e1s humana y m\u00e1s tecnol\u00f3gica\u2014 exige profesionales preparados para evolucionar al mismo ritmo que la ciencia.<\/p>\n\n\n\n<p><\/p>","protected":false},"excerpt":{"rendered":"<p>El Congreso de Odontolog\u00eda del Bicentenario impulsa avances cl\u00ednicos y formaci\u00f3n basada en evidencia en Unifranz El Alto, reacreditada por MERCOSUR.<\/p>","protected":false},"author":25,"featured_media":709853,"comment_status":"open","ping_status":"open","sticky":false,"template":"","format":"standard","meta":{"_acf_changed":false,"footnotes":""},"categories":[11083,6158,60,2040,302,1004,1900,2980,2022,1782,10374],"tags":[47,386,1422,242],"class_list":["post-709851","post","type-post","status-publish","format-standard","has-post-thumbnail","hentry","category-unifranzelalto","category-acreditacion-mercosur","category-blog","category-congreso-de-odontologia","category-el-alto","category-estudiantes","category-mercosur","category-odontologia-es-2","category-odontologia","category-unifranz","category-unifranz-el-alto","tag-el-alto","tag-estudiantes","tag-innovacion-en-educacion","tag-unifranz"],"acf":[],"_links":{"self":[{"href":"https:\/\/unifranz.edu.bo\/pt\/wp-json\/wp\/v2\/posts\/709851","targetHints":{"allow":["GET"]}}],"collection":[{"href":"https:\/\/unifranz.edu.bo\/pt\/wp-json\/wp\/v2\/posts"}],"about":[{"href":"https:\/\/unifranz.edu.bo\/pt\/wp-json\/wp\/v2\/types\/post"}],"author":[{"embeddable":true,"href":"https:\/\/unifranz.edu.bo\/pt\/wp-json\/wp\/v2\/users\/25"}],"replies":[{"embeddable":true,"href":"https:\/\/unifranz.edu.bo\/pt\/wp-json\/wp\/v2\/comments?post=709851"}],"version-history":[{"count":1,"href":"https:\/\/unifranz.edu.bo\/pt\/wp-json\/wp\/v2\/posts\/709851\/revisions"}],"predecessor-version":[{"id":709854,"href":"https:\/\/unifranz.edu.bo\/pt\/wp-json\/wp\/v2\/posts\/709851\/revisions\/709854"}],"wp:featuredmedia":[{"embeddable":true,"href":"https:\/\/unifranz.edu.bo\/pt\/wp-json\/wp\/v2\/media\/709853"}],"wp:attachment":[{"href":"https:\/\/unifranz.edu.bo\/pt\/wp-json\/wp\/v2\/media?parent=709851"}],"wp:term":[{"taxonomy":"category","embeddable":true,"href":"https:\/\/unifranz.edu.bo\/pt\/wp-json\/wp\/v2\/categories?post=709851"},{"taxonomy":"post_tag","embeddable":true,"href":"https:\/\/unifranz.edu.bo\/pt\/wp-json\/wp\/v2\/tags?post=709851"}],"curies":[{"name":"wp","href":"https:\/\/api.w.org\/{rel}","templated":true}]}}