{"id":709796,"date":"2025-11-19T15:09:57","date_gmt":"2025-11-19T19:09:57","guid":{"rendered":"https:\/\/unifranz.edu.bo\/?p=709796"},"modified":"2025-11-19T15:45:53","modified_gmt":"2025-11-19T19:45:53","slug":"competencias-digitales-y-socioemocionales-son-clave-en-la-educacion-moderna","status":"publish","type":"post","link":"https:\/\/unifranz.edu.bo\/pt\/blog\/competencias-digitales-y-socioemocionales-son-clave-en-la-educacion-moderna\/","title":{"rendered":"Competencias digitales y socioemocionales son clave en la educaci\u00f3n moderna"},"content":{"rendered":"<p>Para entender la educaci\u00f3n moderna, que antes se conceb\u00eda como un proceso centrado en memorizar contenidos, hoy se ha transformado en un ecosistema din\u00e1mico que acompa\u00f1a a los j\u00f3venes a descubrir, fortalecer y proyectar sus habilidades en un mundo profundamente interconectado. La formaci\u00f3n actual apunta a cultivar mentes capaces de analizar, crear, resolver y adaptarse con rapidez a contextos que cambian a gran velocidad.<\/p>\n\n\n\n<p>Mario Fernando Llano, integrante de la Jefatura de Ense\u00f1anza y Aprendizaje (JEA) de la Universidad Franz Tamayo (Unifranz), remarca que aprender ya no se limita a incorporar informaci\u00f3n: tambi\u00e9n supone desaprender, actualizarse y explorar nuevas formas de comprender el entorno.&nbsp;<\/p>\n\n\n\n<blockquote class=\"wp-block-quote is-layout-flow wp-block-quote-is-layout-flow\">\n<p>\u201cEl aprendizaje nos desarrolla en lo personal y lo intelectual. Hoy m\u00e1s que nunca se impulsa ese crecimiento, porque quien no fortalece conocimientos b\u00e1sicos y especializados tendr\u00e1 dificultades para desplegar plenamente sus habilidades\u201d, subraya el acad\u00e9mico.<\/p>\n<\/blockquote>\n\n\n\n<p>Organismos internacionales respaldan esta tendencia. Un informe de la Unesco, Reimagining Our Futures Together, se\u00f1ala que las habilidades del siglo XXI \u2014pensamiento cr\u00edtico, resoluci\u00f3n de problemas, trabajo cooperativo y competencias digitales\u2014 son prioritarias para la educaci\u00f3n superior de este a\u00f1o. Asimismo, muchas instituciones avanzan hacia modelos basados en competencias, donde los estudiantes progresan seg\u00fan su dominio y no \u00fanicamente por el tiempo que pasan en el aula.<\/p>\n\n\n\n<p>Las transformaciones educativas de esta d\u00e9cada han dado lugar a competencias que antes no figuraban en los programas tradicionales. Junto a las disciplinas de siempre, ahora destacan la alfabetizaci\u00f3n digital, la sostenibilidad, el pensamiento computacional, la gesti\u00f3n emocional y la comprensi\u00f3n \u00e9tica del uso de la tecnolog\u00eda. Estas \u00e1reas responden a los desaf\u00edos de una sociedad que exige miradas cr\u00edticas, flexibles y creativas.<\/p>\n\n\n\n<p>Uno de los cambios m\u00e1s relevantes es la incorporaci\u00f3n de metodolog\u00edas activas que ponen al estudiante en el centro. Gracias a la inteligencia artificial, el aprendizaje personalizado se ha convertido en una realidad cotidiana: los docentes pueden adaptar los contenidos seg\u00fan el ritmo, los intereses y las fortalezas de cada joven.&nbsp;<\/p>\n\n\n\n<blockquote class=\"wp-block-quote is-layout-flow wp-block-quote-is-layout-flow\">\n<p>Este enfoque no solo mejora la comprensi\u00f3n, sino que ayuda a que cada estudiante desarrolle su propio potencial, como se\u00f1ala Llano: \u201cTodos tenemos competencias, pero necesitamos m\u00e9todos que nos permitan canalizarlas para convertirlas en habilidades que el mercado y la sociedad valoren\u201d.<\/p>\n<\/blockquote>\n\n\n\n<p><strong>Competencias clave<\/strong><\/p>\n\n\n\n<p>Las competencias digitales, por un lado, se han vuelto esenciales en la educaci\u00f3n moderna, ya que permiten a los estudiantes desenvolverse con soltura en entornos tecnol\u00f3gicos cada vez m\u00e1s complejos.&nbsp;<\/p>\n\n\n\n<p>Entre ellas destacan la alfabetizaci\u00f3n informacional, que implica buscar y evaluar datos de manera cr\u00edtica; la comunicaci\u00f3n y colaboraci\u00f3n digital, necesaria para trabajar con otros mediante herramientas en l\u00ednea; y la creaci\u00f3n de contenido digital, que comprende la producci\u00f3n y edici\u00f3n de textos, im\u00e1genes o videos respetando derechos de autor.&nbsp;<\/p>\n\n\n\n<p>A esto se suma la seguridad digital, fundamental para proteger la informaci\u00f3n personal y evitar riesgos, as\u00ed como la capacidad de resolver problemas tecnol\u00f3gicos de forma aut\u00f3noma.<\/p>\n\n\n\n<p>Junto a estas habilidades, las competencias socioemocionales ocupan un lugar central en la formaci\u00f3n integral del estudiante. Comprender y gestionar las propias emociones, desarrollar empat\u00eda y fortalecer las relaciones interpersonales son elementos clave para desenvolverse de manera saludable.&nbsp;<\/p>\n\n\n\n<p>Adem\u00e1s, la responsabilidad en la toma de decisiones, la capacidad para resolver conflictos y el trabajo colaborativo (tanto en entornos presenciales como digitales) permiten afrontar desaf\u00edos con madurez y contribuir positivamente a la comunidad. Ambas dimensiones, la digital y la socioemocional, se complementan para preparar a los estudiantes ante las demandas del mundo actual.<\/p>\n\n\n\n<p>Ya no basta con estudiar desde un libro; ahora los estudiantes trabajan en retos vinculados a su comunidad, lo que fortalece la comunicaci\u00f3n, la colaboraci\u00f3n, la planificaci\u00f3n y la capacidad de innovaci\u00f3n. Es importante fomentar con fuerza esta pr\u00e1ctica, reconociendo que el conocimiento adquiere sentido cuando se aplica para generar soluciones reales.<\/p>\n\n\n\n<p>El Future of Jobs Report 2025 del World Economic Forum destaca que \u00e1reas como an\u00e1lisis de datos, inteligencia artificial, sostenibilidad y adaptabilidad se encuentran entre las habilidades m\u00e1s solicitadas por las empresas. Ante ello, las universidades est\u00e1n ajustando sus planes de estudio, incorporando materias relacionadas con ciencia de datos, \u00e9tica digital y gesti\u00f3n ambiental para responder a esta creciente demanda.<\/p>\n\n\n\n<p>El impacto de esta transformaci\u00f3n ya es visible. Un estudio de McKinsey muestra que los j\u00f3venes con habilidades h\u00edbridas \u2014que combinan capacidades t\u00e9cnicas con competencias blandas\u2014 tienen un 20% m\u00e1s de probabilidades de ingresar a sectores emergentes vinculados a la tecnolog\u00eda y la sostenibilidad.<\/p>\n\n\n\n<blockquote class=\"wp-block-quote is-layout-flow wp-block-quote-is-layout-flow\">\n<p>Adem\u00e1s, plataformas digitales de aprendizaje permiten a los estudiantes perfeccionar sus debilidades y avanzar a su propio ritmo, fortaleciendo su autonom\u00eda y confianza. \u201cEl cerebro reaprende todos los d\u00edas; al incorporar nuevos conocimientos, resignificamos lo que antes no entend\u00edamos\u201d, explica Llano.<\/p>\n<\/blockquote>\n\n\n\n<p>Si bien a\u00fan persisten desaf\u00edos, como la brecha digital, la educaci\u00f3n en 2025 se reafirma como una herramienta clave para ampliar oportunidades y promover la inclusi\u00f3n. Hoy, m\u00e1s que nunca, potenciar las habilidades de los j\u00f3venes significa prepararlos para liderar transformaciones y contribuir a un futuro m\u00e1s equitativo y sostenible.<\/p>","protected":false},"excerpt":{"rendered":"<p>La educaci\u00f3n moderna evoluciona hacia un aprendizaje basado en competencias, pensamiento cr\u00edtico y habilidades digitales. Con IA y metodolog\u00edas activas, los estudiantes desarrollan capacidades t\u00e9cnicas y socioemocionales claves para un mundo cambiante y sostenible.<\/p>","protected":false},"author":51,"featured_media":709797,"comment_status":"open","ping_status":"open","sticky":false,"template":"","format":"standard","meta":{"_acf_changed":false,"footnotes":""},"categories":[60],"tags":[266,4030,10298,1422,218,242],"class_list":["post-709796","post","type-post","status-publish","format-standard","has-post-thumbnail","hentry","category-blog","tag-bolivia","tag-habilidades","tag-habilidades-digitales","tag-innovacion-en-educacion","tag-tecnologia","tag-unifranz"],"acf":[],"_links":{"self":[{"href":"https:\/\/unifranz.edu.bo\/pt\/wp-json\/wp\/v2\/posts\/709796","targetHints":{"allow":["GET"]}}],"collection":[{"href":"https:\/\/unifranz.edu.bo\/pt\/wp-json\/wp\/v2\/posts"}],"about":[{"href":"https:\/\/unifranz.edu.bo\/pt\/wp-json\/wp\/v2\/types\/post"}],"author":[{"embeddable":true,"href":"https:\/\/unifranz.edu.bo\/pt\/wp-json\/wp\/v2\/users\/51"}],"replies":[{"embeddable":true,"href":"https:\/\/unifranz.edu.bo\/pt\/wp-json\/wp\/v2\/comments?post=709796"}],"version-history":[{"count":1,"href":"https:\/\/unifranz.edu.bo\/pt\/wp-json\/wp\/v2\/posts\/709796\/revisions"}],"predecessor-version":[{"id":709798,"href":"https:\/\/unifranz.edu.bo\/pt\/wp-json\/wp\/v2\/posts\/709796\/revisions\/709798"}],"wp:featuredmedia":[{"embeddable":true,"href":"https:\/\/unifranz.edu.bo\/pt\/wp-json\/wp\/v2\/media\/709797"}],"wp:attachment":[{"href":"https:\/\/unifranz.edu.bo\/pt\/wp-json\/wp\/v2\/media?parent=709796"}],"wp:term":[{"taxonomy":"category","embeddable":true,"href":"https:\/\/unifranz.edu.bo\/pt\/wp-json\/wp\/v2\/categories?post=709796"},{"taxonomy":"post_tag","embeddable":true,"href":"https:\/\/unifranz.edu.bo\/pt\/wp-json\/wp\/v2\/tags?post=709796"}],"curies":[{"name":"wp","href":"https:\/\/api.w.org\/{rel}","templated":true}]}}