{"id":709776,"date":"2025-11-18T17:40:31","date_gmt":"2025-11-18T21:40:31","guid":{"rendered":"https:\/\/unifranz.edu.bo\/?p=709776"},"modified":"2025-11-18T17:40:34","modified_gmt":"2025-11-18T21:40:34","slug":"como-lograr-espacios-urbanos-sostenibles-ocho-dimensiones-estan-redefiniendo-las-ciudades-del-futuro","status":"publish","type":"post","link":"https:\/\/unifranz.edu.bo\/pt\/blog\/como-lograr-espacios-urbanos-sostenibles-ocho-dimensiones-estan-redefiniendo-las-ciudades-del-futuro\/","title":{"rendered":"\u00bfC\u00f3mo lograr espacios urbanos sostenibles? Ocho dimensiones est\u00e1n redefiniendo las ciudades del futuro"},"content":{"rendered":"<p>Hacer sostenibles los espacios urbanos implica repensar la forma en que las ciudades consumen recursos, gestionan sus sistemas y se preparan para un futuro marcado por desaf\u00edos ambientales, sociales y tecnol\u00f3gicos. La sostenibilidad urbana, entendida desde un modelo integral de ocho dimensiones, propone que las urbes deben evolucionar hacia estructuras m\u00e1s eficientes, inclusivas, inteligentes y solidarias.\u00a0<\/p>\n\n\n\n<p>Esto exige manejar los contaminantes con criterios cient\u00edficos, promover econom\u00edas descarbonizadas, dise\u00f1ar espacios p\u00fablicos amigables y fortalecer procesos de gobernanza participativa que permitan anticipar riesgos y orientar decisiones de largo plazo.<\/p>\n\n\n\n<blockquote class=\"wp-block-quote is-layout-flow wp-block-quote-is-layout-flow\">\n<p>\u201cCada uno de nosotros somos enormes consumidores de recursos\u201d, advierte Guillermo G\u00e1ndara, director ejecutivo de la Red Iberoamericana de Prospectiva (RIBER), al explicar que la sostenibilidad depende de c\u00f3mo se gestionan sistemas urbanos como la movilidad, la energ\u00eda, la vivienda o la seguridad, as\u00ed como del ciclo completo de los insumos que las ciudades producen y desechan.&nbsp;<\/p>\n<\/blockquote>\n\n\n\n<p>\u201cDe all\u00ed la importancia de observar la urbe desde todas sus dimensiones: ambiental, econ\u00f3mica, sociocultural, educativa, pol\u00edtico-normativa, cient\u00edfico-tecnol\u00f3gica, de participaci\u00f3n de actores y los principios que sostienen la sostenibilidad\u201d.<\/p>\n\n\n\n<p>Esta visi\u00f3n fue expuesta durante la ponencia presentada en el marco del Futures Week 2025 de Unifranz, donde el especialista describi\u00f3 la evoluci\u00f3n hist\u00f3rica del concepto de sostenibilidad y detall\u00f3 c\u00f3mo pas\u00f3 de un modelo b\u00e1sico de tres dimensiones a un sistema m\u00e1s complejo de ocho.&nbsp;<\/p>\n\n\n\n<p>En su intervenci\u00f3n, ilustr\u00f3 este proceso mediante la met\u00e1fora de un concepto \u201cnacido\u201d en 1987 que, con el tiempo, se volvi\u00f3 m\u00e1s exigente y multidimensional, afirmando que \u201cllegamos al a\u00f1o 2000 y con 13 a\u00f1os se convirti\u00f3 en un adolescente rebelde, que no cab\u00eda ya en un modelo de tres dimensiones\u201d.<\/p>\n\n\n\n<p>G\u00e1ndara explic\u00f3 que la <strong>sostenibilidad ambiental<\/strong> exige comprender la biodiversidad, gestionar contaminantes con inteligencia y usar de manera eficiente los recursos. En lo <strong>econ\u00f3mico,<\/strong> implica valorar las externalidades, promover la descarbonizaci\u00f3n y fomentar un consumo responsable.&nbsp;<\/p>\n\n\n\n<p>En lo <strong>social y cultural<\/strong>, demanda tolerancia a la diversidad, fortalecimiento de la cultura de paz y dise\u00f1o de espacios p\u00fablicos que garanticen el ocio, el deporte, la recreaci\u00f3n y la convivencia. Una ciudad \u201camigable\u201d, destac\u00f3, reorganiza sus estructuras y servicios para ofrecer calidad, seguridad y confort a todas las personas, sin importar sus capacidades.<\/p>\n\n\n\n<p>En la <strong>dimensi\u00f3n educativa<\/strong>, la sostenibilidad requiere pensamiento cr\u00edtico, creatividad, visi\u00f3n sist\u00e9mica y educaci\u00f3n para la convergencia. La dimensi\u00f3n <strong>pol\u00edtico-normativa<\/strong>, por su parte, pide gobiernos abiertos y participativos, planificaci\u00f3n a largo plazo, transparencia, recaudaci\u00f3n eficiente y mecanismos de evaluaci\u00f3n constantes.&nbsp;<\/p>\n\n\n\n<p>Tambi\u00e9n subray\u00f3 la necesidad de construir una <strong>ciudad inclusiva<\/strong>, aquella en la que todos los habitantes \u201cse encuentran habilitados (\u2026) para aprovechar plenamente las oportunidades sociales, econ\u00f3micas y pol\u00edticas\u201d que ofrece la urbe, seg\u00fan expuso.<\/p>\n\n\n\n<p>El especialista describi\u00f3 la dimensi\u00f3n <strong>cient\u00edfico-tecnol\u00f3gica<\/strong> como el espacio donde confluyen humanismo y tecnolog\u00eda, orientado al uso de energ\u00edas renovables, la rematerializaci\u00f3n y el control inteligente de contaminantes. La participaci\u00f3n de actores, en tanto, se fundamenta en modelos de gobernanza colaborativa, resoluci\u00f3n de conflictos y an\u00e1lisis de indicadores urbanos, adem\u00e1s de atender problemas globales desde la escala local.&nbsp;<\/p>\n\n\n\n<p>Finalmente, los <strong>principios de sostenibilidad <\/strong>requieren precauci\u00f3n, prevenci\u00f3n, durabilidad, justicia intergeneracional y dise\u00f1os urbanos capaces de reducir riesgos, como la prevenci\u00f3n del crimen mediante el dise\u00f1o.<\/p>\n\n\n\n<p>Al proyectar estas ocho dimensiones hacia 2050, el ponente insisti\u00f3 en que todas deben tener la misma importancia para enfrentar las transformaciones que ya experimentan las ciudades. Afirm\u00f3 que el futuro urbano exige urbes incluyentes, inteligentes, eficientes y solidarias.&nbsp;<\/p>\n\n\n\n<blockquote class=\"wp-block-quote is-layout-flow wp-block-quote-is-layout-flow\">\n<p>\u201cUna ciudad, en definitiva, debe de ser (\u2026) solidaria con todos nosotros, pero tambi\u00e9n con el resto de los seres que habitan tambi\u00e9n en la urbe\u201d , afirma G\u00e1ndara, reforzando la idea de coexistencia entre lo humano, lo natural y lo tecnol\u00f3gico.<\/p>\n<\/blockquote>\n\n\n\n<p>G\u00e1ndara concluy\u00f3 su participaci\u00f3n en el Main Event del Futures Week con un llamado a pensar las ciudades como organismos vivos, con arterias y din\u00e1micas propias, capaces de adaptarse y responder a nuevos retos.&nbsp;<\/p>\n\n\n\n<p>Hacer sostenibles los espacios urbanos, seg\u00fan el modelo presentado, no es solo resolver problemas actuales, sino anticipar escenarios futuros y construir un marco de convivencia que beneficie a generaciones presentes y futuras.<\/p>","protected":false},"excerpt":{"rendered":"<p>\u00bfC\u00f3mo hacer sostenibles las ciudades? Ocho dimensiones clave gu\u00edan la planificaci\u00f3n urbana hacia modelos inteligentes, inclusivos y de bajo impacto.<\/p>","protected":false},"author":49,"featured_media":709777,"comment_status":"open","ping_status":"open","sticky":false,"template":"","format":"standard","meta":{"_acf_changed":false,"footnotes":""},"categories":[60],"tags":[591,4106,11492,11493,1422,10229,9030,2004,338,242],"class_list":["post-709776","post","type-post","status-publish","format-standard","has-post-thumbnail","hentry","category-blog","tag-2030-contruyendo-futuros","tag-agenda-2030","tag-futures-week-2025","tag-futures-week-bolivia","tag-innovacion-en-educacion","tag-main-event","tag-nodo-bolivia-millennium-project","tag-ods","tag-riber","tag-unifranz"],"acf":[],"_links":{"self":[{"href":"https:\/\/unifranz.edu.bo\/pt\/wp-json\/wp\/v2\/posts\/709776","targetHints":{"allow":["GET"]}}],"collection":[{"href":"https:\/\/unifranz.edu.bo\/pt\/wp-json\/wp\/v2\/posts"}],"about":[{"href":"https:\/\/unifranz.edu.bo\/pt\/wp-json\/wp\/v2\/types\/post"}],"author":[{"embeddable":true,"href":"https:\/\/unifranz.edu.bo\/pt\/wp-json\/wp\/v2\/users\/49"}],"replies":[{"embeddable":true,"href":"https:\/\/unifranz.edu.bo\/pt\/wp-json\/wp\/v2\/comments?post=709776"}],"version-history":[{"count":1,"href":"https:\/\/unifranz.edu.bo\/pt\/wp-json\/wp\/v2\/posts\/709776\/revisions"}],"predecessor-version":[{"id":709778,"href":"https:\/\/unifranz.edu.bo\/pt\/wp-json\/wp\/v2\/posts\/709776\/revisions\/709778"}],"wp:featuredmedia":[{"embeddable":true,"href":"https:\/\/unifranz.edu.bo\/pt\/wp-json\/wp\/v2\/media\/709777"}],"wp:attachment":[{"href":"https:\/\/unifranz.edu.bo\/pt\/wp-json\/wp\/v2\/media?parent=709776"}],"wp:term":[{"taxonomy":"category","embeddable":true,"href":"https:\/\/unifranz.edu.bo\/pt\/wp-json\/wp\/v2\/categories?post=709776"},{"taxonomy":"post_tag","embeddable":true,"href":"https:\/\/unifranz.edu.bo\/pt\/wp-json\/wp\/v2\/tags?post=709776"}],"curies":[{"name":"wp","href":"https:\/\/api.w.org\/{rel}","templated":true}]}}