{"id":709751,"date":"2025-11-17T23:24:31","date_gmt":"2025-11-18T03:24:31","guid":{"rendered":"https:\/\/unifranz.edu.bo\/?p=709751"},"modified":"2025-11-17T23:24:35","modified_gmt":"2025-11-18T03:24:35","slug":"la-revolucion-del-diseno-en-el-alto-cultura-inteligencia-artificial-y-diseno-etico","status":"publish","type":"post","link":"https:\/\/unifranz.edu.bo\/pt\/blog\/la-revolucion-del-diseno-en-el-alto-cultura-inteligencia-artificial-y-diseno-etico\/","title":{"rendered":"La revoluci\u00f3n del dise\u00f1o en El Alto: cultura, inteligencia artificial y dise\u00f1o \u00e9tico"},"content":{"rendered":"<p>El Alto es, desde hace a\u00f1os, sin\u00f3nimo de fuerza emprendedora y creatividad. En sus calles conviven artesanos, artistas y visionarios que han encontrado en la ciudad un espacio para transformar la cultura en motor de desarrollo. Hoy, ese esp\u00edritu llega con fuerza al \u00e1mbito del dise\u00f1o gr\u00e1fico y la producci\u00f3n crossmedia.<\/p>\n\n\n\n<blockquote class=\"wp-block-quote is-layout-flow wp-block-quote-is-layout-flow\">\n<p>\u201cVemos en el dise\u00f1o gr\u00e1fico y la producci\u00f3n crossmedia que la cultura se est\u00e1 transmutando en algo muy identitario para nosotros. Es algo que en la ciudad de El Alto valorizamos mucho\u201d, se\u00f1ala Luis Esteban Palacios Cer\u00f3n, director de la carrera de Dise\u00f1o Gr\u00e1fico y Producci\u00f3n Crossmedia de la Universidad Franz Tamayo, Unifranz El Alto.&nbsp;<\/p>\n<\/blockquote>\n\n\n\n<p>La propuesta de un dise\u00f1o que vaya de la mano con la tecnolog\u00eda y con la identidad no se limita a lo comercial, sino a dar vida a un movimiento creativo que refleja la riqueza cultural alte\u00f1a y pace\u00f1a, proyect\u00e1ndola hacia nuevos mercados nacionales e internacionales.<\/p>\n\n\n\n<h2 class=\"wp-block-heading\"><strong>Bicentenario y cultura: un catalizador creativo<\/strong><\/h2>\n\n\n\n<p>El 2025, a\u00f1o del bicentenario de Bolivia, marca un punto de inflexi\u00f3n. En este contexto hist\u00f3rico, el dise\u00f1o se convierte en herramienta de celebraci\u00f3n y proyecci\u00f3n. Palacios sostiene que \u201ceste a\u00f1o del bicentenario nos damos cuenta que el impacto cultural tiene que ser grande tanto a nivel municipal como a nivel acad\u00e9mico\u201d.<\/p>\n\n\n\n<p>Esa visi\u00f3n se traduce en acciones concretas: estudiantes y emprendedores trabajan en propuestas gr\u00e1ficas que no s\u00f3lo rescatan la identidad cultural, sino que tambi\u00e9n buscan internacionalizarla. En El Alto, explica el director, los artesanos y dise\u00f1adores encuentran un \u201cnuevo mercado que explotar\u201d, un espacio donde lo local se transforma en un producto con potencial global.<\/p>\n\n\n\n<h2 class=\"wp-block-heading\"><strong>Tecnolog\u00eda y ra\u00edces: un equilibrio necesario<\/strong><\/h2>\n\n\n\n<p>El dise\u00f1o moderno no puede desligarse de la tecnolog\u00eda. Sin embargo, Palacios subraya la importancia de mantener el equilibrio entre lo digital y lo cultural.<\/p>\n\n\n\n<blockquote class=\"wp-block-quote is-layout-flow wp-block-quote-is-layout-flow\">\n<p>\u201cEl dise\u00f1o es tecnolog\u00eda tambi\u00e9n, pero creo que si no valoramos ese aporte cultural que tenemos como pa\u00eds, como municipio, no podemos avanzar de forma conjunta con lo que queremos demostrar\u201d, asevera.<\/p>\n<\/blockquote>\n\n\n\n<p>En otras palabras, la tecnolog\u00eda es un veh\u00edculo, pero la identidad cultural es la esencia que diferencia y da valor a los proyectos de los estudiantes. Esa es la f\u00f3rmula con la que El Alto busca posicionarse en el mapa creativo internacional.<\/p>\n\n\n\n<p>La revoluci\u00f3n del dise\u00f1o en El Alto no es un fen\u00f3meno aislado. Es el reflejo de una ciudad que crece a un ritmo acelerado, que mira hacia el futuro sin olvidar sus ra\u00edces y que entiende que la cultura puede ser un motor econ\u00f3mico y creativo.&nbsp;<\/p>\n\n\n\n<h2 class=\"wp-block-heading\"><strong>Inteligencia artificial: amenaza o oportunidad<\/strong><\/h2>\n\n\n\n<p>Uno de los mayores retos de esta revoluci\u00f3n creativa es la irrupci\u00f3n de la inteligencia artificial (IA) en el mundo del dise\u00f1o. Plataformas como Canva, DALL\u00b7E o MidJourney ya generan piezas gr\u00e1ficas en segundos. Frente a este panorama, algunos ven un riesgo de reemplazo del factor humano. Pero la visi\u00f3n puede ser distinta.<\/p>\n\n\n\n<blockquote class=\"wp-block-quote is-layout-flow wp-block-quote-is-layout-flow\">\n<p>\u201cTenemos el reto de la inteligencia artificial, pero es un desaf\u00edo lindo porque el dise\u00f1ador se encuentra con la \u00e9tica tambi\u00e9n\u201d, asegura Palacios.&nbsp;<\/p>\n<\/blockquote>\n\n\n\n<p>En lugar de ver a la IA como un enemigo, la entiende como una herramienta complementaria. La clave est\u00e1 en la adaptabilidad de los futuros profesionales: aprovechar la tecnolog\u00eda como un plus y no como una amenaza.<\/p>\n\n\n\n<p>El director subraya que lo verdaderamente insustituible es la capacidad \u00e9tica y creativa de las personas. Ning\u00fan algoritmo puede replicar la sensibilidad cultural ni la responsabilidad social que un dise\u00f1ador formado integralmente aporta a sus proyectos.<\/p>\n\n\n\n<h2 class=\"wp-block-heading\"><strong>Ser, saber y hacer: un modelo educativo integral<\/strong><\/h2>\n\n\n\n<p>En medio de esta revoluci\u00f3n, la filosof\u00eda educativa de Unifranz es clara: formar profesionales completos. Palacios explica que \u201cen Unifranz formamos en tres dimensiones que son el ser, el saber y el hacer. Entonces, en el ser intentamos que los chicos adopten con responsabilidad esto y con mucha \u00e9tica tambi\u00e9n\u201d.<\/p>\n\n\n\n<p>El enfoque no se limita a dominar programas o tendencias, sino a forjar dise\u00f1adores con un sentido profundo de responsabilidad y compromiso con la sociedad. De hecho, el director enfatiza que \u201cel profesional que no es \u00e9tico no es un profesional completo\u201d.<\/p>\n\n\n\n<p><em>Fuente: Luis Esteban Palacios Cer\u00f3n, director de Dise\u00f1o Gr\u00e1fico y Producci\u00f3n Crossmedia de Unifranz El Alto.&nbsp;<\/em><\/p>","protected":false},"excerpt":{"rendered":"<p>Unifranz impulsa una educaci\u00f3n integral en dise\u00f1o, formando profesionales \u00e9ticos capaces de equilibrar tecnolog\u00eda, cultura e inteligencia artificial.<\/p>","protected":false},"author":53,"featured_media":709752,"comment_status":"open","ping_status":"open","sticky":false,"template":"","format":"standard","meta":{"_acf_changed":false,"footnotes":""},"categories":[60],"tags":[617,1042,53,47,386,11371,1422,3446,218,242],"class_list":["post-709751","post","type-post","status-publish","format-standard","has-post-thumbnail","hentry","category-blog","tag-cultura","tag-diseno-grafico-y-produccion-crossmedia","tag-educacion","tag-el-alto","tag-estudiantes","tag-foro-economia-creativa-unifranz-2025","tag-innovacion-en-educacion","tag-inteligencia-artificial","tag-tecnologia","tag-unifranz"],"acf":[],"_links":{"self":[{"href":"https:\/\/unifranz.edu.bo\/pt\/wp-json\/wp\/v2\/posts\/709751","targetHints":{"allow":["GET"]}}],"collection":[{"href":"https:\/\/unifranz.edu.bo\/pt\/wp-json\/wp\/v2\/posts"}],"about":[{"href":"https:\/\/unifranz.edu.bo\/pt\/wp-json\/wp\/v2\/types\/post"}],"author":[{"embeddable":true,"href":"https:\/\/unifranz.edu.bo\/pt\/wp-json\/wp\/v2\/users\/53"}],"replies":[{"embeddable":true,"href":"https:\/\/unifranz.edu.bo\/pt\/wp-json\/wp\/v2\/comments?post=709751"}],"version-history":[{"count":1,"href":"https:\/\/unifranz.edu.bo\/pt\/wp-json\/wp\/v2\/posts\/709751\/revisions"}],"predecessor-version":[{"id":709753,"href":"https:\/\/unifranz.edu.bo\/pt\/wp-json\/wp\/v2\/posts\/709751\/revisions\/709753"}],"wp:featuredmedia":[{"embeddable":true,"href":"https:\/\/unifranz.edu.bo\/pt\/wp-json\/wp\/v2\/media\/709752"}],"wp:attachment":[{"href":"https:\/\/unifranz.edu.bo\/pt\/wp-json\/wp\/v2\/media?parent=709751"}],"wp:term":[{"taxonomy":"category","embeddable":true,"href":"https:\/\/unifranz.edu.bo\/pt\/wp-json\/wp\/v2\/categories?post=709751"},{"taxonomy":"post_tag","embeddable":true,"href":"https:\/\/unifranz.edu.bo\/pt\/wp-json\/wp\/v2\/tags?post=709751"}],"curies":[{"name":"wp","href":"https:\/\/api.w.org\/{rel}","templated":true}]}}