{"id":709745,"date":"2025-11-17T20:52:48","date_gmt":"2025-11-18T00:52:48","guid":{"rendered":"https:\/\/unifranz.edu.bo\/?p=709745"},"modified":"2025-11-17T20:52:52","modified_gmt":"2025-11-18T00:52:52","slug":"como-disenar-el-futuro-de-las-ciudades-y-el-empleo-desde-el-estado-la-academia-y-el-sector-privado-unifranz-impulso-el-debate-en-futures-week","status":"publish","type":"post","link":"https:\/\/unifranz.edu.bo\/pt\/blog\/como-disenar-el-futuro-de-las-ciudades-y-el-empleo-desde-el-estado-la-academia-y-el-sector-privado-unifranz-impulso-el-debate-en-futures-week\/","title":{"rendered":"\u00bfC\u00f3mo dise\u00f1ar el futuro de las ciudades y el empleo desde el Estado, la academia y el sector privado? Unifranz impuls\u00f3 el debate en Futures Week\u00a0"},"content":{"rendered":"<p>El empleo, especialmente para los j\u00f3venes, el desarrollo sostenible y la salud de la ciudadan\u00eda fueron el centro del an\u00e1lisis de expertos, acad\u00e9micos, empresarios y miembros del Gobierno Municipal de La Paz en el evento llamado <em>El futuro es hoy, <\/em>desarrollado en el marco de Futures Week, que organiz\u00f3 la Universidad Franz Tamayo (Unifranz) en la sede de gobierno.<\/p>\n\n\n\n<p>El panel reuni\u00f3 a representantes del sector p\u00fablico, organismos internacionales, el empresariado y la academia para debatir los desaf\u00edos de las ciudades frente a la urbanizaci\u00f3n acelerada, la desigualdad territorial y el empleo joven. La moderaci\u00f3n estuvo a cargo de la periodista Zulema Alanes, presidenta de la Asociaci\u00f3n Nacional de Periodistas de Bolivia, quien abri\u00f3 el di\u00e1logo recordando que \u201cel futuro no es una promesa, sino una tarea colectiva que empieza por entender nuestras propias ciudades\u201d.<\/p>\n\n\n\n<blockquote class=\"wp-block-quote is-layout-flow wp-block-quote-is-layout-flow\">\n<p>Alanes plante\u00f3 el debate desde una mirada cr\u00edtica sobre el crecimiento urbano y sus desigualdades. \u201cNos estamos convirtiendo en un pa\u00eds fundamentalmente urbano\u201d, advirti\u00f3, e invit\u00f3 a los panelistas a reflexionar sobre c\u00f3mo construir \u201cuna ciudad amable, inclusiva, innovadora y sostenible\u201d.<\/p>\n<\/blockquote>\n\n\n\n<p><strong>Planificaci\u00f3n, sostenibilidad y salud: el reto de las ciudades<\/strong><\/p>\n\n\n\n<p>El secretario municipal de Planificaci\u00f3n de La Paz, Diego Ch\u00e1vez Rodr\u00edguez, puso sobre la mesa tres indicadores cr\u00edticos para alcanzar los Objetivos de Desarrollo Sostenible (ODS) en el \u00e1mbito urbano: vivienda, transporte y expansi\u00f3n territorial.&nbsp;<\/p>\n\n\n\n<p>\u201cEl 79,4% de las viviendas en La Paz no est\u00e1 concluido; el 76% de la poblaci\u00f3n usa transporte p\u00fablico y tarda en promedio 45 minutos en llegar a su trabajo\u201d, detall\u00f3. Subray\u00f3 que uno de los grandes retos es\u201cromper la idea de que los datos son solo para la administraci\u00f3n p\u00fablica\u201d y destac\u00f3 que el municipio impulsa un sistema de datos abiertos \u201cpara construir pol\u00edticas con la ciudadan\u00eda, las universidades y los j\u00f3venes\u201d.<\/p>\n\n\n\n<p>Desde la Fundaci\u00f3n Friedrich Ebert Stiftung (FES), Daniel Agramont Lech\u00edn plante\u00f3 un diagn\u00f3stico estructural del pa\u00eds: \u201cLa mayor barrera para el desarrollo en Bolivia es el extractivismo. Nuestra alta dependencia de los recursos naturales hace que la econom\u00eda sea vulnerable y que no generemos empleos sostenibles\u201d.&nbsp;<\/p>\n\n\n\n<p>Agramont propuso apostar por la digitalizaci\u00f3n y la innovaci\u00f3n como v\u00edas para diversificar la econom\u00eda: \u201cNo necesitamos f\u00e1bricas pesadas, sino inteligencia tecnol\u00f3gica y creatividad\u201d.<\/p>\n\n\n\n<p>A su vez, el economista Marcelo Arroyo, del Programa de las Naciones Unidas para el Desarrollo (PNUD), identific\u00f3 cinco aceleradores para avanzar hacia ciudades sostenibles: \u201cPlanificaci\u00f3n integral, incorporaci\u00f3n de la agenda clim\u00e1tica, gobernanza participativa, financiamiento sostenible y acciones concretas con racionalidad clim\u00e1tica\u201d.&nbsp;<\/p>\n\n\n\n<p>Seg\u00fan Arroyo, el desaf\u00edo est\u00e1 en \u201creconocer la historia de la ciudad, catalizar sus oportunidades en el presente y proyectarse hacia un futuro deseado\u201d.<\/p>\n\n\n\n<p>Por su parte, Roberto S\u00e1nchez, consultor de la Organizaci\u00f3n Panamericana de la Salud (OPS\/OMS), enfatiz\u00f3 que la salud urbana deb\u00eda estar en el centro de la planificaci\u00f3n: \u201cUna ciudad saludable es aquella que prioriza la salud f\u00edsica, mental y social. No se trata solo de curar enfermedades, sino de promover bienestar\u201d.&nbsp;<\/p>\n\n\n\n<p>Advirti\u00f3 que el sistema de salud fragmentado y la mala calidad del aire impactan directamente en la calidad de vida, y llam\u00f3 a fomentar la \u201cmovilidad sostenible, \u00e1reas verdes y participaci\u00f3n ciudadana\u201d.<\/p>\n\n\n\n<figure class=\"wp-block-embed is-type-video is-provider-youtube wp-block-embed-youtube wp-embed-aspect-16-9 wp-has-aspect-ratio\"><div class=\"wp-block-embed__wrapper\">\n<iframe loading=\"lazy\" title=\"\u00bfC\u00f3mo dise\u00f1ar el futuro? Unifranz impuls\u00f3 el debate en Futures Week\" width=\"500\" height=\"281\" src=\"https:\/\/www.youtube.com\/embed\/H4UdTzN1f9A?feature=oembed\" frameborder=\"0\" allow=\"accelerometer; autoplay; clipboard-write; encrypted-media; gyroscope; picture-in-picture; web-share\" referrerpolicy=\"strict-origin-when-cross-origin\" allowfullscreen><\/iframe>\n<\/div><\/figure>\n\n\n\n<p><strong>Juventud, empleo y alianzas para un futuro sostenible<\/strong><\/p>\n\n\n\n<p>La mirada sobre el empleo y la inclusi\u00f3n laboral ocup\u00f3 un lugar central en el panel. Cynthia Aramayo, vicepresidenta de la Federaci\u00f3n de Empresarios Privados de La Paz, expuso un panorama preocupante: \u201cSolo el 14% de la poblaci\u00f3n laboral tiene trabajo estable; el resto vive del empleo informal\u201d. Consider\u00f3 que el sector privado deb\u00eda generar incentivos para emplear j\u00f3venes y apostar por la sostenibilidad: \u201cSi el Estado otorga beneficios fiscales a las empresas que contraten j\u00f3venes en sectores verdes o de innovaci\u00f3n podremos generar empleo digno y transformador\u201d.<\/p>\n\n\n\n<p>En la misma l\u00ednea, Rafael Vidaurre, coordinador del Observatorio Nacional del Trabajo (ONT) de Unifranz, advirti\u00f3 que \u201cel empleo joven sigue siendo precario, con bajos salarios y sin acceso a seguridad social\u201d. Plante\u00f3 que la econom\u00eda verde, la econom\u00eda creativa y la digitalizaci\u00f3n pod\u00edan convertirse en motores de desarrollo: \u201cNecesitamos incubadoras, formaci\u00f3n digital y una normativa laboral moderna que incentive el trabajo por horas y el teletrabajo\u201d.<\/p>\n\n\n\n<p>El rol de los j\u00f3venes tambi\u00e9n fue subrayado por Marcelo Arroyo, quien sostuvo que \u201clos j\u00f3venes buscan oportunidades, y esas oportunidades deben traducirse en acciones reales\u201d. Propuso crear fondos de capital de riesgo y mecanismos de financiamiento para emprendimientos juveniles: \u201cSon ellos quienes pueden co-crear pol\u00edticas p\u00fablicas urbanas y ser actores del desarrollo\u201d.<\/p>\n\n\n\n<p>Desde la mirada social, Agramont agreg\u00f3 que \u201cla sostenibilidad no se lograr\u00e1 sin justicia social y participaci\u00f3n ciudadana activa\u201d. Se\u00f1al\u00f3 que Bolivia deb\u00eda superar la dependencia de los recursos primarios y apostar por \u201ceconom\u00edas digitales, circulares y creativas\u201d.<\/p>\n\n\n\n<p>Aramayo, al retomar la palabra, resalt\u00f3 el poder de las alianzas p\u00fablico-privadas: \u201cLa academia debe formar el talento que las empresas necesitan, los empleadores deben comprometerse a generar oportunidades, y el Estado tiene que ofrecer condiciones e incentivos. Solo juntos podremos construir una ciudad innovadora y competitiva\u201d.<\/p>\n\n\n\n<p>Vidaurre complement\u00f3 que \u201cel Estado no debe ser el principal empleador, sino el normador que facilite el desarrollo de fuentes de trabajo sostenibles\u201d. Propuso fortalecer la formaci\u00f3n en oficios, el empleo remoto y la econom\u00eda del cuidado, en especial para mujeres.<\/p>\n\n\n\n<p>S\u00e1nchez, desde la perspectiva sanitaria, record\u00f3 que \u201cla salud mental es igual de importante que la f\u00edsica\u201d y destac\u00f3 la necesidad de planificar ciudades resilientes. Mencion\u00f3 ejemplos internacionales como Uruguay y Singapur, donde peque\u00f1as acciones \u2014desde el uso responsable de la sal de mesa hasta las ciclov\u00edas inteligentes\u2014 generan grandes impactos en el bienestar urbano.<\/p>\n\n\n\n<p><strong>Una ciudad co-creada<\/strong><\/p>\n\n\n\n<p>Al cierre, Zulema Alanes destac\u00f3 que las reflexiones del panel \u201cratifican que el futuro es hoy\u201d. Seg\u00fan la periodista, el reto est\u00e1 en convertir las ideas en acciones concretas que mejoren la vida urbana y promuevan la inclusi\u00f3n: \u201cHay ideas innovadoras y apertura para aprender de otras realidades. Eso ya es un paso hacia el cambio\u201d.<\/p>\n\n\n\n<blockquote class=\"wp-block-quote is-layout-flow wp-block-quote-is-layout-flow\">\n<p>Finalmente, la rectora nacional de Unifranz, Ver\u00f3nica \u00c1greda, celebr\u00f3 el esp\u00edritu colaborativo del evento y resumi\u00f3 su esencia al afirmar que \u201cnada de esto ser\u00eda posible si no entendemos la importancia de trabajar juntos, d\u00eda a d\u00eda, con un prop\u00f3sito com\u00fan\u201d.<\/p>\n<\/blockquote>\n\n\n\n<p>El panel concluy\u00f3 con un mensaje compartido: el futuro de las ciudades no se esperaba, se constru\u00eda colectivamente desde la planificaci\u00f3n, la empat\u00eda y la acci\u00f3n.<\/p>","protected":false},"excerpt":{"rendered":"<p>Expertos debatieron en Futures Week c\u00f3mo dise\u00f1ar ciudades sostenibles y generar empleo joven desde el Estado, la academia y el sector privado.<\/p>","protected":false},"author":49,"featured_media":709746,"comment_status":"open","ping_status":"open","sticky":false,"template":"","format":"standard","meta":{"_acf_changed":false,"footnotes":""},"categories":[60],"tags":[388,4106,11492,11493,1422,9030,2004,11597,338,242],"class_list":["post-709745","post","type-post","status-publish","format-standard","has-post-thumbnail","hentry","category-blog","tag-2030-construyendo-futuros","tag-agenda-2030","tag-futures-week-2025","tag-futures-week-bolivia","tag-innovacion-en-educacion","tag-nodo-bolivia-millennium-project","tag-ods","tag-panel-de-expertos","tag-riber","tag-unifranz"],"acf":[],"_links":{"self":[{"href":"https:\/\/unifranz.edu.bo\/pt\/wp-json\/wp\/v2\/posts\/709745","targetHints":{"allow":["GET"]}}],"collection":[{"href":"https:\/\/unifranz.edu.bo\/pt\/wp-json\/wp\/v2\/posts"}],"about":[{"href":"https:\/\/unifranz.edu.bo\/pt\/wp-json\/wp\/v2\/types\/post"}],"author":[{"embeddable":true,"href":"https:\/\/unifranz.edu.bo\/pt\/wp-json\/wp\/v2\/users\/49"}],"replies":[{"embeddable":true,"href":"https:\/\/unifranz.edu.bo\/pt\/wp-json\/wp\/v2\/comments?post=709745"}],"version-history":[{"count":2,"href":"https:\/\/unifranz.edu.bo\/pt\/wp-json\/wp\/v2\/posts\/709745\/revisions"}],"predecessor-version":[{"id":709750,"href":"https:\/\/unifranz.edu.bo\/pt\/wp-json\/wp\/v2\/posts\/709745\/revisions\/709750"}],"wp:featuredmedia":[{"embeddable":true,"href":"https:\/\/unifranz.edu.bo\/pt\/wp-json\/wp\/v2\/media\/709746"}],"wp:attachment":[{"href":"https:\/\/unifranz.edu.bo\/pt\/wp-json\/wp\/v2\/media?parent=709745"}],"wp:term":[{"taxonomy":"category","embeddable":true,"href":"https:\/\/unifranz.edu.bo\/pt\/wp-json\/wp\/v2\/categories?post=709745"},{"taxonomy":"post_tag","embeddable":true,"href":"https:\/\/unifranz.edu.bo\/pt\/wp-json\/wp\/v2\/tags?post=709745"}],"curies":[{"name":"wp","href":"https:\/\/api.w.org\/{rel}","templated":true}]}}