{"id":709709,"date":"2025-11-13T18:36:06","date_gmt":"2025-11-13T22:36:06","guid":{"rendered":"https:\/\/unifranz.edu.bo\/?p=709709"},"modified":"2025-11-13T18:36:16","modified_gmt":"2025-11-13T22:36:16","slug":"papanicolaou-el-control-puede-prevenir-el-cancer","status":"publish","type":"post","link":"https:\/\/unifranz.edu.bo\/pt\/blog\/papanicolaou-el-control-puede-prevenir-el-cancer\/","title":{"rendered":"Papanicolaou: el control al que las mujeres temen pese a que puede prevenir el c\u00e1ncer"},"content":{"rendered":"<p>En Bolivia, miles de mujeres en edad f\u00e9rtil a\u00fan no acceden a un examen sencillo que podr\u00eda salvarles la vida: el Papanicolaou. El c\u00e1ncer de cuello uterino, completamente prevenible si se detecta a tiempo las c\u00e9lulas anormales, sigue siendo una de las principales causas de muerte entre mujeres en el pa\u00eds. \u00bfPor qu\u00e9 tantas lo evitan?<\/p>\n\n\n\n<p>Seg\u00fan la <a href=\"https:\/\/www.who.int\/es\" target=\"_blank\" rel=\"noopener\">Organiza\u00e7\u00e3o Mundial da Sa\u00fade<\/a> (OMS), cada a\u00f1o m\u00e1s de 350.000 mujeres mueren en el mundo por c\u00e1ncer cervicouterino, y casi el 90 % de los casos ocurren en pa\u00edses de ingresos medios y bajos, donde el acceso al examen es limitado. En Bolivia, tambi\u00e9n seg\u00fan la OMS, cada d\u00eda, entre cuatro a cinco mujeres mueren por C\u00e1ncer de Cuello Uterino, una de las tasas m\u00e1s altas de incidencia y mortalidad a nivel mundial y la m\u00e1s alta de Am\u00e9rica Latina.<\/p>\n\n\n\n<p>El examen de Papanicolaou (Pap) \u2014que permite detectar lesiones antes de que se transformen en c\u00e1ncer\u2014 deber\u00eda realizarse cada uno o tres a\u00f1os, dependiendo de la edad y antecedentes m\u00e9dicos. Sin embargo, las cifras muestran que s\u00f3lo alrededor del 14 % de las mujeres bolivianas accede regularmente a esta prueba, una de las coberturas m\u00e1s bajas de la regi\u00f3n, seg\u00fan la <a href=\"https:\/\/www.paho.org\/es\" target=\"_blank\" rel=\"noopener\">Organizaci\u00f3n Panamericana de la Salud<\/a> (OPS).<\/p>\n\n\n\n<h2 class=\"wp-block-heading\"><strong><strong>El Alto: una ciudad joven con grandes desaf\u00edos<\/strong><\/strong><\/h2>\n\n\n\n<p>En El Alto, donde la poblaci\u00f3n femenina es mayoritariamente joven y trabajadora, las condiciones sociales y culturales agravan esta realidad. La ciudad tiene largas distancias entre zonas, horarios de trabajo extensos y servicios de salud con recursos limitados.<\/p>\n\n\n\n<p>En ese contexto, un grupo de estudiantes de octavo semestre de la carrera de Enfermer\u00eda de la <a href=\"https:\/\/unifranz.edu.bo\/\">Universidad Franz Tamayo<\/a>, <a href=\"https:\/\/www.ux.unifranz.edu.bo\/tour\/eat\/index.htm\">Unifranz El Alto<\/a>, desarroll\u00f3 una investigaci\u00f3n sobre los <em>\u201cFactores que influyen en la poca afluencia al examen de Papanicolaou de mujeres de 20 a 45 a\u00f1os en el consultorio vecinal Elizardo P\u00e9rez del distrito 2\u201d<\/em>; El trabajo fue premiado entre los mejores de las V Jornadas de Investigaci\u00f3n Unifranz.<\/p>\n\n\n\n<p>Su estudio, basado en encuestas aplicadas a 40 mujeres, revela una realidad que va m\u00e1s all\u00e1 de los n\u00fameros: el miedo, la verg\u00fcenza y la falta de informaci\u00f3n siguen siendo las principales barreras para la prevenci\u00f3n.<\/p>\n\n\n\n<h2 class=\"wp-block-heading\"><strong>Lo que encontraron las futuras enfermeras<\/strong><\/h2>\n\n\n\n<p>Los resultados muestran que, aunque el 77,5 % de las mujeres entrevistadas dijo haberse realizado alguna vez el examen, muchas no lo hacen con la frecuencia recomendada o lo postergan durante a\u00f1os. El 22,5 % nunca se lo realiz\u00f3.<\/p>\n\n\n\n<p>\u201cUna de las causas principales es el desconocimiento: muchas mujeres no saben exactamente qui\u00e9nes deben hacerse la prueba ni entienden su importancia\u201d, explica Wendy Riveros, una de las investigadoras, quien trabaj\u00f3 de la mano de sus compa\u00f1eras Dina Sonco, Yhoselin Marca, Evelin Mamani, Eliana Vargas y Laura Quispe para lograr los resultados.<\/p>\n\n\n\n<p>El estudio tambi\u00e9n identific\u00f3 miedos y prejuicios que influyen directamente: \u201cHay verg\u00fcenza al momento del examen, miedo al resultado y desconfianza cuando el personal de salud es masculino (\u2026) incluso encontramos que, en algunos casos, la pareja desaprueba que la mujer se realice el examen, lo que se convierte en una barrera adicional\u201d, dice Dina.<\/p>\n\n\n\n<h2 class=\"wp-block-heading\"><strong>Entre la rutina, la cultura y la falta de apoyo<\/strong><\/h2>\n\n\n\n<p>Seg\u00fan el estudio, muchas mujeres trabajan largas jornadas, tienen responsabilidades dom\u00e9sticas y no pueden acudir al centro de salud durante el horario habitual. A ello se suma la influencia cultural y social, donde hablar de salud \u00edntima todav\u00eda genera tab\u00fa.<\/p>\n\n\n\n<p>\u201cEl tiempo, la carga familiar y el poco apoyo de la pareja o del entorno son determinantes\u201d, indican las investigadoras. No obstante, aclaran que el problema no radica en la infraestructura o el horario del centro, sino en la informaci\u00f3n, confianza y educaci\u00f3n comunitaria.<\/p>\n\n\n\n<h2 class=\"wp-block-heading\"><strong>Educaci\u00f3n y empat\u00eda: claves para revertir la tendencia<\/strong><\/h2>\n\n\n\n<p>Las autoras proponen acciones concretas para aumentar la participaci\u00f3n de las mujeres en los controles preventivos:<\/p>\n\n\n\n<ul class=\"wp-block-list\">\n<li>Campa\u00f1as educativas y comunitarias, con lenguaje accesible y apoyo de l\u00edderes barriales y medios locales.<\/li>\n<\/ul>\n\n\n\n<ul class=\"wp-block-list\">\n<li>Capacitaci\u00f3n al personal de salud, fomentando la empat\u00eda y el respeto a la privacidad, y priorizando la atenci\u00f3n por personal femenino cuando sea posible.<\/li>\n<\/ul>\n\n\n\n<ul class=\"wp-block-list\">\n<li>Involucrar a los hombres y las familias, para que comprendan la importancia del examen y se eliminen los prejuicios que lo rodean.<\/li>\n<\/ul>\n\n\n\n<ul class=\"wp-block-list\">\n<li>Facilitar el acceso, con jornadas de salud m\u00f3viles, horarios extendidos y espacios seguros donde las mujeres puedan acudir sin miedo ni verg\u00fcenza.<\/li>\n<\/ul>\n\n\n\n<h2 class=\"wp-block-heading\"><strong>Un llamado a la prevenci\u00f3n con enfoque humano<\/strong><\/h2>\n\n\n\n<p>El examen de Papanicolaou es una herramienta que puede salvar vidas con un simple control peri\u00f3dico. Pero para que eso ocurra, es necesario romper el silencio, hablar de salud femenina sin tab\u00faes y llevar la informaci\u00f3n donde m\u00e1s se necesita.<\/p>\n\n\n\n<p>\u201cQueremos que las mujeres entiendan que hacerse el Papanicolaou no es motivo de verg\u00fcenza, sino un acto de amor propio\u201d, concluyen las estudiantes de Enfermer\u00eda.<\/p>\n\n\n\n<p><\/p>","protected":false},"excerpt":{"rendered":"<p>Solo 14\u202f% de mujeres bolivianas accede al Papanicolaou, vital para prevenir el mortal c\u00e1ncer de cuello uterino.<\/p>","protected":false},"author":25,"featured_media":709719,"comment_status":"open","ping_status":"open","sticky":false,"template":"","format":"standard","meta":{"_acf_changed":false,"footnotes":""},"categories":[60,302,4148,1708,2858,1636,2402,10374],"tags":[11593,53,47,268,11592,124,242],"class_list":["post-709709","post","type-post","status-publish","format-standard","has-post-thumbnail","hentry","category-blog","category-el-alto","category-enfermeria","category-innovacion","category-innovacion-en-educacion","category-investigacion","category-jornadas-unifranz-de-investigacion","category-unifranz-el-alto","tag-cancer-de-cuello-uterino-2","tag-educacion","tag-el-alto","tag-investigacion","tag-papanicolau","tag-salud","tag-unifranz"],"acf":[],"_links":{"self":[{"href":"https:\/\/unifranz.edu.bo\/pt\/wp-json\/wp\/v2\/posts\/709709","targetHints":{"allow":["GET"]}}],"collection":[{"href":"https:\/\/unifranz.edu.bo\/pt\/wp-json\/wp\/v2\/posts"}],"about":[{"href":"https:\/\/unifranz.edu.bo\/pt\/wp-json\/wp\/v2\/types\/post"}],"author":[{"embeddable":true,"href":"https:\/\/unifranz.edu.bo\/pt\/wp-json\/wp\/v2\/users\/25"}],"replies":[{"embeddable":true,"href":"https:\/\/unifranz.edu.bo\/pt\/wp-json\/wp\/v2\/comments?post=709709"}],"version-history":[{"count":2,"href":"https:\/\/unifranz.edu.bo\/pt\/wp-json\/wp\/v2\/posts\/709709\/revisions"}],"predecessor-version":[{"id":712717,"href":"https:\/\/unifranz.edu.bo\/pt\/wp-json\/wp\/v2\/posts\/709709\/revisions\/712717"}],"wp:featuredmedia":[{"embeddable":true,"href":"https:\/\/unifranz.edu.bo\/pt\/wp-json\/wp\/v2\/media\/709719"}],"wp:attachment":[{"href":"https:\/\/unifranz.edu.bo\/pt\/wp-json\/wp\/v2\/media?parent=709709"}],"wp:term":[{"taxonomy":"category","embeddable":true,"href":"https:\/\/unifranz.edu.bo\/pt\/wp-json\/wp\/v2\/categories?post=709709"},{"taxonomy":"post_tag","embeddable":true,"href":"https:\/\/unifranz.edu.bo\/pt\/wp-json\/wp\/v2\/tags?post=709709"}],"curies":[{"name":"wp","href":"https:\/\/api.w.org\/{rel}","templated":true}]}}