{"id":709708,"date":"2025-11-13T17:47:24","date_gmt":"2025-11-13T21:47:24","guid":{"rendered":"https:\/\/unifranz.edu.bo\/?p=709708"},"modified":"2025-11-13T17:47:27","modified_gmt":"2025-11-13T21:47:27","slug":"futures-week-2025-propone-construir-ciudades-sostenibles-desde-la-educacion-y-la-innovacion","status":"publish","type":"post","link":"https:\/\/unifranz.edu.bo\/pt\/blog\/futures-week-2025-propone-construir-ciudades-sostenibles-desde-la-educacion-y-la-innovacion\/","title":{"rendered":"Futures Week 2025 propone construir ciudades sostenibles desde la educaci\u00f3n y la innovaci\u00f3n"},"content":{"rendered":"<p>Inspirado en el lema \u201cEl futuro es hoy\u201d, el Futures Week 2025 de la Universidad Franz Tamayo (Unifranz) se convirti\u00f3 en un espacio de encuentro donde sostenibilidad, educaci\u00f3n transformadora y saberes ancestrales dialogaron con la tecnolog\u00eda. Expertos internacionales, acad\u00e9micos, l\u00edderes locales y j\u00f3venes disruptivos compartieron ideas y propuestas para dar forma a ciudades sostenibles, econom\u00edas inclusivas y ecosistemas de innovaci\u00f3n que anticipen los retos del siglo XXI.<\/p>\n\n\n\n<blockquote class=\"wp-block-quote is-layout-flow wp-block-quote-is-layout-flow\">\n<p>La rectora nacional de Unifranz y presidenta del nodo Bolivia de The Millennium Project, Ver\u00f3nica \u00c1greda, destac\u00f3 durante el cierre de la velada que el prop\u00f3sito del Futures Week es \u201cmirar el futuro con responsabilidad y esperanza, reconociendo que los grandes cambios se construyen desde hoy\u201d.&nbsp;<\/p>\n<\/blockquote>\n\n\n\n<p>\u00c1greda enfatiz\u00f3 que la universidad asumi\u00f3 el compromiso de preparar a las nuevas generaciones para anticipar transformaciones y liderar desde la creatividad y la empat\u00eda. \u201cEl futuro no se adivina ni se espera, se dise\u00f1a y se construye con conocimiento, colaboraci\u00f3n y prop\u00f3sito\u201d, afirm\u00f3.<\/p>\n\n\n\n<p>Por octava vez desde 2018, el Futures Week se consolid\u00f3 como un espacio de encuentro donde confluyen la ciencia, la tecnolog\u00eda, la educaci\u00f3n y la sostenibilidad. La jornada combin\u00f3 exposiciones inspiradoras con un panel de an\u00e1lisis sobre los retos urbanos, sociales y econ\u00f3micos que enfrentan las ciudades bolivianas y latinoamericanas en su transici\u00f3n hacia un desarrollo sostenible.<\/p>\n\n\n\n<p>Las ponencias de esta edici\u00f3n del main event del Futures Week 2025 abordaron desde distintas perspectivas el papel de la innovaci\u00f3n en la regeneraci\u00f3n social y ambiental.<\/p>\n\n\n\n<p>La investigadora Delia Barriga, directora ejecutiva de Fab Lab Per\u00fa, expuso la experiencia de ForestLab, un laboratorio amaz\u00f3nico que combina tecnolog\u00eda y saberes ancestrales para impulsar la reforestaci\u00f3n y el desarrollo sostenible en comunidades ind\u00edgenas. Barriga relat\u00f3 c\u00f3mo, mediante laboratorios locales de biofabricaci\u00f3n y biotecnolog\u00eda, j\u00f3venes y mujeres nativas aprenden a producir bioproductos y a revalorizar su cultura desde la ciencia. Su exposici\u00f3n enfatiz\u00f3 la importancia de \u201caprender haciendo\u201d y de reconocer que existen \u201cotras inteligencias\u201d en los territorios originarios, capaces de aportar soluciones innovadoras al mundo contempor\u00e1neo.<\/p>\n\n\n\n<p>Por su parte, Santi Fuentemilla, investigador del Institute for Advanced Architecture of Catalonia, reflexion\u00f3 sobre el valor del prototipado como estrategia de innovaci\u00f3n. A trav\u00e9s de ejemplos de estudiantes europeos, mostr\u00f3&nbsp; c\u00f3mo la experimentaci\u00f3n, el error y la colaboraci\u00f3n multidisciplinaria pueden generar soluciones sostenibles y socialmente significativas. El experto reivindic\u00f3 el \u201cderecho a prototipar\u201d como una forma de democratizar la tecnolog\u00eda y de vincular la innovaci\u00f3n con el contexto local.<\/p>\n\n\n\n<p>Por su parte, Yesenia Gonz\u00e1lez, especialista del Instituto para el Futuro de la Educaci\u00f3n del Tecnol\u00f3gico de Monterrey, invit\u00f3 a repensar la educaci\u00f3n como un proceso permanente, emocional y humano. Sostuvo que el reto del aprendizaje contempor\u00e1neo es \u201crecuperar el genuino deseo de saber\u201d y formar personas capaces de transformarse y transformar su entorno. Gonz\u00e1lez propuso el concepto de \u201cciudades que aprenden\u201d, donde el conocimiento circula m\u00e1s all\u00e1 de las aulas y se integra en la vida cotidiana de las comunidades.<\/p>\n\n\n\n<p>Las tres exposiciones reflejaron la diversidad de miradas que caracterizan al Futures Week 2025: una red de pensamiento y acci\u00f3n que conecta a Bolivia con el mundo en torno a la sostenibilidad, la tecnolog\u00eda inclusiva y la educaci\u00f3n del futuro.<\/p>\n\n\n\n<blockquote class=\"wp-block-quote is-layout-flow wp-block-quote-is-layout-flow\">\n<p>\u00c1greda se\u00f1al\u00f3 que este tipo de iniciativas \u201cponen en evidencia que el conocimiento solo tiene sentido cuando se comparte, cuando genera bienestar y cuando inspira a imaginar mejores futuros\u201d. Subray\u00f3 que Unifranz busca ser \u201cuna universidad que anticipa el porvenir desde la innovaci\u00f3n y la empat\u00eda social\u201d.<\/p>\n<\/blockquote>\n\n\n\n<figure class=\"wp-block-embed is-type-video is-provider-youtube wp-block-embed-youtube wp-embed-aspect-16-9 wp-has-aspect-ratio\"><div class=\"wp-block-embed__wrapper\">\n<iframe loading=\"lazy\" title=\"Futures Week 2025 propone construir ciudades sostenibles desde la educaci\u00f3n y la innovaci\u00f3n\" width=\"500\" height=\"281\" src=\"https:\/\/www.youtube.com\/embed\/ujdPZT-d17o?feature=oembed\" frameborder=\"0\" allow=\"accelerometer; autoplay; clipboard-write; encrypted-media; gyroscope; picture-in-picture; web-share\" referrerpolicy=\"strict-origin-when-cross-origin\" allowfullscreen><\/iframe>\n<\/div><\/figure>\n\n\n\n<p><strong>&nbsp;\u201cEl futuro es hoy\u201d: ciudades sostenibles y juventud activa<\/strong><\/p>\n\n\n\n<p>El evento culmin\u00f3 con el panel \u201cEl futuro es hoy\u201d, moderado por la periodista Zulema Alanes, que reuni\u00f3 a representantes del sector p\u00fablico, privado y de organismos internacionales para debatir sobre los desaf\u00edos de las ciudades frente a la urbanizaci\u00f3n acelerada y la desigualdad territorial.<\/p>\n\n\n\n<p>Diego Ch\u00e1vez, secretario municipal de Planificaci\u00f3n de la Alcald\u00eda de La Paz, plante\u00f3 la necesidad de integrar los datos abiertos y la digitalizaci\u00f3n en la gesti\u00f3n urbana para mejorar el acceso a vivienda, transporte y servicios b\u00e1sicos. Destac\u00f3 que la innovaci\u00f3n p\u00fablica requiere permitir el error y aprender de \u00e9l, \u201cporque la administraci\u00f3n p\u00fablica tambi\u00e9n debe atreverse a innovar\u201d.<\/p>\n\n\n\n<p>Daniel Agramont, coordinador de la Fundaci\u00f3n Friedrich Ebert (FES), advirti\u00f3 que la dependencia extractiva sigue siendo un obst\u00e1culo estructural para el desarrollo sostenible. Propuso avanzar hacia econom\u00edas digitales y circulares que generen empleo y reduzcan la vulnerabilidad ambiental.<\/p>\n\n\n\n<p>El economista Marcelo Arroyo, del Programa de las Naciones Unidas para el Desarrollo (PNUD), identific\u00f3 cinco aceleradores para alcanzar las metas de la Agenda 2030: planificaci\u00f3n integral, financiamiento sostenible, gobernanza participativa, resiliencia clim\u00e1tica y articulaci\u00f3n p\u00fablico-privada.<\/p>\n\n\n\n<p>En la misma l\u00ednea, Roberto S\u00e1nchez, de la Organizaci\u00f3n Panamericana de la Salud (OPS\/OMS), resalt\u00f3 la urgencia de promover ciudades saludables, con aire limpio, espacios p\u00fablicos seguros y sistemas de salud inclusivos. Mientras tanto, Cynthia Aramayo, de la Federaci\u00f3n de Empresarios Privados de La Paz, enfatiz\u00f3 que el sector empresarial debe impulsar empleos verdes y j\u00f3venes a trav\u00e9s de incentivos fiscales y alianzas con universidades.<\/p>\n\n\n\n<p>Rafael Vidaurre, del Observatorio Nacional del Trabajo (ONT) de Unifranz, apunt\u00f3 que la econom\u00eda verde, la innovaci\u00f3n tecnol\u00f3gica y la formaci\u00f3n digital representan las mayores oportunidades para el empleo juvenil en Bolivia.<\/p>\n\n\n\n<p><strong>Un futuro que ya comenz\u00f3<\/strong><\/p>\n\n\n\n<p>El Futures Week 2025 reafirma el papel de Unifranz como plataforma de pensamiento prospectivo y acci\u00f3n transformadora. Con el apoyo de The Millennium Project, la Red Iberoamericana de Prospectiva (RIBER) y 2030 Construyendo Futuros, la universidad articul\u00f3 a l\u00edderes, investigadores, emprendedores y j\u00f3venes que buscan dar forma a un futuro sostenible desde la innovaci\u00f3n y la colaboraci\u00f3n.<\/p>\n\n\n\n<blockquote class=\"wp-block-quote is-layout-flow wp-block-quote-is-layout-flow\">\n<p>En un contexto global atravesado por crisis ambientales, desigualdad y cambios tecnol\u00f3gicos vertiginosos, la propuesta del evento no es imaginar futuros distantes, sino construirlos desde el presente. \u201cEl futuro es una tarea colectiva: se dise\u00f1a hoy, con conocimiento, conciencia y prop\u00f3sito\u201d, resumi\u00f3, finalmente, \u00c1greda.<\/p>\n<\/blockquote>","protected":false},"excerpt":{"rendered":"<p>Futures Week 2025 impulsa ciudades sostenibles desde la educaci\u00f3n, la innovaci\u00f3n y la tecnolog\u00eda con l\u00edderes, expertos y j\u00f3venes creativos.<\/p>","protected":false},"author":49,"featured_media":709713,"comment_status":"open","ping_status":"open","sticky":false,"template":"","format":"standard","meta":{"_acf_changed":false,"footnotes":""},"categories":[60],"tags":[591,4106,11492,11493,1422,10229,9030,2004,338,242],"class_list":["post-709708","post","type-post","status-publish","format-standard","has-post-thumbnail","hentry","category-blog","tag-2030-contruyendo-futuros","tag-agenda-2030","tag-futures-week-2025","tag-futures-week-bolivia","tag-innovacion-en-educacion","tag-main-event","tag-nodo-bolivia-millennium-project","tag-ods","tag-riber","tag-unifranz"],"acf":[],"_links":{"self":[{"href":"https:\/\/unifranz.edu.bo\/pt\/wp-json\/wp\/v2\/posts\/709708","targetHints":{"allow":["GET"]}}],"collection":[{"href":"https:\/\/unifranz.edu.bo\/pt\/wp-json\/wp\/v2\/posts"}],"about":[{"href":"https:\/\/unifranz.edu.bo\/pt\/wp-json\/wp\/v2\/types\/post"}],"author":[{"embeddable":true,"href":"https:\/\/unifranz.edu.bo\/pt\/wp-json\/wp\/v2\/users\/49"}],"replies":[{"embeddable":true,"href":"https:\/\/unifranz.edu.bo\/pt\/wp-json\/wp\/v2\/comments?post=709708"}],"version-history":[{"count":1,"href":"https:\/\/unifranz.edu.bo\/pt\/wp-json\/wp\/v2\/posts\/709708\/revisions"}],"predecessor-version":[{"id":709714,"href":"https:\/\/unifranz.edu.bo\/pt\/wp-json\/wp\/v2\/posts\/709708\/revisions\/709714"}],"wp:featuredmedia":[{"embeddable":true,"href":"https:\/\/unifranz.edu.bo\/pt\/wp-json\/wp\/v2\/media\/709713"}],"wp:attachment":[{"href":"https:\/\/unifranz.edu.bo\/pt\/wp-json\/wp\/v2\/media?parent=709708"}],"wp:term":[{"taxonomy":"category","embeddable":true,"href":"https:\/\/unifranz.edu.bo\/pt\/wp-json\/wp\/v2\/categories?post=709708"},{"taxonomy":"post_tag","embeddable":true,"href":"https:\/\/unifranz.edu.bo\/pt\/wp-json\/wp\/v2\/tags?post=709708"}],"curies":[{"name":"wp","href":"https:\/\/api.w.org\/{rel}","templated":true}]}}