{"id":709635,"date":"2025-11-11T18:09:50","date_gmt":"2025-11-11T22:09:50","guid":{"rendered":"https:\/\/unifranz.edu.bo\/?p=709635"},"modified":"2025-11-11T18:09:56","modified_gmt":"2025-11-11T22:09:56","slug":"la-revolucion-maker-en-bolivia-en-panales-pero-avanzando","status":"publish","type":"post","link":"https:\/\/unifranz.edu.bo\/pt\/blog\/la-revolucion-maker-en-bolivia-en-panales-pero-avanzando\/","title":{"rendered":"La revoluci\u00f3n maker en Bolivia: en pa\u00f1ales, pero avanzando"},"content":{"rendered":"<p>En Bolivia, la innovaci\u00f3n tecnol\u00f3gica y el aprendizaje pr\u00e1ctico comienzan a abrirse camino a trav\u00e9s de una red de espacios que buscan transformar la educaci\u00f3n y la manera de pensar los problemas cotidianos. Se trata de los Fab Labs, laboratorios de fabricaci\u00f3n digital que permiten a los estudiantes dise\u00f1ar, crear y prototipar ideas utilizando herramientas como impresoras 3D, cortadoras l\u00e1ser, fresadoras y componentes de rob\u00f3tica.&nbsp;<\/p>\n\n\n\n<p><\/p>\n\n\n\n<blockquote class=\"wp-block-quote is-layout-flow wp-block-quote-is-layout-flow\">\n<p>\u201cHemos logrado crear la primera red de Fab Labs que incluye a Tarija, Oruro, San Ignacio de Velasco, Santa Cruz, La Paz y Cochabamba. Queremos crear una comunidad de makers a nivel nacional. Lamentablemente todav\u00eda estamos en pa\u00f1ales, nos falta mucho para poder entender el concepto y que se creen m\u00e1s espacios en el pa\u00eds para dar mayor accesibilidad\u201d, se\u00f1ala Jorge Pazos, director del Fab Lab Santa Cruz.<\/p>\n<\/blockquote>\n\n\n\n<p><\/p>\n\n\n\n<p>El Fab Lab Santa Cruz&nbsp; es uno de los principales impulsores de este movimiento en el pa\u00eds. Desde la perspectiva de Pazos, Bolivia est\u00e1 dando los primeros pasos hacia una \u201crevoluci\u00f3n maker\u201d, un cambio cultural que promueve la creatividad, la colaboraci\u00f3n y la experimentaci\u00f3n tecnol\u00f3gica.<\/p>\n\n\n\n<p><\/p>\n\n\n\n<h2 class=\"wp-block-heading\"><strong>Los nuevos artesanos digitales<\/strong><\/h2>\n\n\n\n<p><\/p>\n\n\n\n<p>Los makers son los nuevos artesanos digitales, personas que combinan creatividad, conocimiento y pasi\u00f3n por la tecnolog\u00eda para dar vida a sus ideas. M\u00e1s que simples fabricantes o t\u00e9cnicos, son exploradores de la innovaci\u00f3n que utilizan herramientas como impresoras 3D, cortadoras l\u00e1ser o programas de dise\u00f1o para convertir conceptos en objetos reales.&nbsp;<\/p>\n\n\n\n<p><\/p>\n\n\n\n<p>Los Fab Lab son los laboratorios de fabricaci\u00f3n digital en la que los makers trabajan. Son&nbsp; talleres abiertos en los que se puede aprender haciendo, compartir saberes y experimentar sin miedo al error, como una oportunidad de mejora.<\/p>\n\n\n\n<p><\/p>\n\n\n\n<figure class=\"wp-block-embed is-type-video is-provider-youtube wp-block-embed-youtube wp-embed-aspect-16-9 wp-has-aspect-ratio\"><div class=\"wp-block-embed__wrapper\">\n<iframe loading=\"lazy\" title=\"Aprender haciendo: as\u00ed nace la cultura maker en Bolivia\" width=\"500\" height=\"281\" src=\"https:\/\/www.youtube.com\/embed\/CQOstt-zUtw?feature=oembed\" frameborder=\"0\" allow=\"accelerometer; autoplay; clipboard-write; encrypted-media; gyroscope; picture-in-picture; web-share\" referrerpolicy=\"strict-origin-when-cross-origin\" allowfullscreen><\/iframe>\n<\/div><\/figure>\n\n\n\n<p><\/p>\n\n\n\n<p>En este sentido, el Future Week 2025, que por primera vez se realiza en La Paz con acceso a espacios de prototipado, representa un hito para el movimiento. El evento busca romper la brecha entre teor\u00eda y pr\u00e1ctica, ofreciendo a j\u00f3venes de distintas carreras la oportunidad de convertir sus ideas en prototipos tangibles.<\/p>\n\n\n\n<p><\/p>\n\n\n\n<blockquote class=\"wp-block-quote is-layout-flow wp-block-quote-is-layout-flow\">\n<p>\u201cQueremos que los alumnos conozcan lo que es un espacio de creaci\u00f3n, un makerspace, y que tanto estudiantes de universidades p\u00fablicas como privadas tengan acceso a estos lugares para desarrollar proyectos que puedan resolver problemas del d\u00eda a d\u00eda\u201d, sostiene Pazos.<\/p>\n<\/blockquote>\n\n\n\n<p><\/p>\n\n\n\n<h2 class=\"wp-block-heading\"><strong>Aprender haciendo: el m\u00e9todo que transforma<\/strong><\/h2>\n\n\n\n<p><\/p>\n\n\n\n<p>Los Fab Labs no solo proporcionan tecnolog\u00eda, sino una nueva forma de aprender. En Europa, esta metodolog\u00eda \u2014conocida como STEM (Ciencia, Tecnolog\u00eda, Ingenier\u00eda y Matem\u00e1ticas)\u2014 se introduce desde los colegios. En Bolivia, reci\u00e9n empieza a implementarse a nivel universitario.<\/p>\n\n\n\n<p><\/p>\n\n\n\n<blockquote class=\"wp-block-quote is-layout-flow wp-block-quote-is-layout-flow\">\n<p>\u201cAc\u00e1 los alumnos van a poder desarrollar nuevas habilidades: definir problemas, crear soluciones y concretarlas de manera f\u00edsica mediante el prototipado r\u00e1pido. No hay fin en su imaginaci\u00f3n\u201d, destaca Pazos.<\/p>\n<\/blockquote>\n\n\n\n<p><\/p>\n\n\n\n<p>El impacto educativo de estos espacios va m\u00e1s all\u00e1 de lo t\u00e9cnico: fomentan el pensamiento cr\u00edtico, la resoluci\u00f3n creativa de problemas y la confianza en la innovaci\u00f3n propia, competencias esenciales para el siglo XXI.<\/p>\n\n\n\n<p><\/p>\n\n\n\n<h2 class=\"wp-block-heading\"><strong>La revoluci\u00f3n de creadores<\/strong><\/h2>\n\n\n\n<p><\/p>\n\n\n\n<p>Uno de los logros m\u00e1s importantes mencionados por Pazos es la creaci\u00f3n de la primera red nacional de Fab Labs con presencia en Tarija, Oruro, San Ignacio de Velasco, Santa Cruz, La Paz y Cochabamba. Esta red busca consolidar una comunidad de \u201cmakers\u201d y con ello, democratizar el acceso a la innovaci\u00f3n.<\/p>\n\n\n\n<p><\/p>\n\n\n\n<p>Pero a pesar de los avances, los desaf\u00edos son grandes. Falta infraestructura, formaci\u00f3n docente, pol\u00edticas p\u00fablicas de apoyo y, sobre todo, una comprensi\u00f3n m\u00e1s profunda del potencial de la cultura maker.<\/p>\n\n\n\n<p><\/p>\n\n\n\n<p>Para Pazos, el reto no s\u00f3lo es tecnol\u00f3gico, sino cultural. \u201cSe necesita compromiso por parte de las instituciones, tanto p\u00fablicas como privadas, para que den espacios a las personas y fomenten un esp\u00edritu cr\u00edtico, de no quedarse en el parche de una soluci\u00f3n, sino buscar la ra\u00edz de un problema para una soluci\u00f3n a largo t\u00e9rmino\u201d.<\/p>\n\n\n\n<p><\/p>\n\n\n\n<h2 class=\"wp-block-heading\"><strong>Un futuro que se dise\u00f1a hoy<\/strong><\/h2>\n\n\n\n<p><\/p>\n\n\n\n<p>La llegada del Fab Lab a La Paz, es parte del Futures Week 2025, organizado por Unifranz, en alianza con The Millennium Project, la Red Iberoamericana de Prospectiva (RIBER) y 2030 Construyendo Futuros. El evento congrega a expertos internacionales, autoridades, emprendedores y estudiantes en una semana dedicada a la reflexi\u00f3n, el di\u00e1logo y la innovaci\u00f3n colaborativa.&nbsp;<\/p>\n\n\n\n<p><\/p>\n\n\n\n<p>Bajo el lema \u201cco-crear y construir el futuro\u201d, la cita propone explorar los grandes desaf\u00edos globales -como la sostenibilidad, la inteligencia artificial, el cambio clim\u00e1tico y la educaci\u00f3n del ma\u00f1ana- desde una mirada joven y participativa.<\/p>\n\n\n\n<p><\/p>\n\n\n\n<p>En el marco de sus actividades la noche de este mi\u00e9rcoles se desarrollar\u00e1 el Main Event \u201cCiudades Inteligentes y Sostenibles\u201d. En este espacio, cuatro expertos internacionales hablar\u00e1n sobre&nbsp; \u00bfc\u00f3mo hacer sostenibles los espacios urbanos?, innovaci\u00f3n a trav\u00e9s de los centros de fabricaci\u00f3n digital, innovaci\u00f3n educativa y el futuro de la educaci\u00f3n,y la educaci\u00f3n en las comunidades ind\u00edgenas originarias.<\/p>\n\n\n\n<p><\/p>\n\n\n\n<p>Con iniciativas como esta, Bolivia est\u00e1 dando sus primeros pasos en la era de la fabricaci\u00f3n digital. Si bien el camino es largo, cada proyecto que nace en estos espacios representa un avance hacia una educaci\u00f3n m\u00e1s pr\u00e1ctica y una ciudadan\u00eda m\u00e1s innovadora.<\/p>\n\n\n\n<p>La revoluci\u00f3n maker est\u00e1 en marcha. A\u00fan en pa\u00f1ales, s\u00ed. Pero avanzando con fuerza.<\/p>","protected":false},"excerpt":{"rendered":"<p>La cultura maker llega a Bolivia: j\u00f3venes, Fab Labs y universidades impulsan la fabricaci\u00f3n digital y el aprendizaje STEM.<\/p>","protected":false},"author":53,"featured_media":709637,"comment_status":"open","ping_status":"open","sticky":false,"template":"","format":"standard","meta":{"_acf_changed":false,"footnotes":""},"categories":[60],"tags":[388,3076,53,386,5456,6170,11492,1422,41,336,9030,338,218,242],"class_list":["post-709635","post","type-post","status-publish","format-standard","has-post-thumbnail","hentry","category-blog","tag-2030-construyendo-futuros","tag-aprende-haciendo","tag-educacion","tag-estudiantes","tag-fab-lab","tag-fab-lab-santa-cruz","tag-futures-week-2025","tag-innovacion-en-educacion","tag-la-paz","tag-millennium-project","tag-nodo-bolivia-millennium-project","tag-riber","tag-tecnologia","tag-unifranz"],"acf":[],"_links":{"self":[{"href":"https:\/\/unifranz.edu.bo\/pt\/wp-json\/wp\/v2\/posts\/709635","targetHints":{"allow":["GET"]}}],"collection":[{"href":"https:\/\/unifranz.edu.bo\/pt\/wp-json\/wp\/v2\/posts"}],"about":[{"href":"https:\/\/unifranz.edu.bo\/pt\/wp-json\/wp\/v2\/types\/post"}],"author":[{"embeddable":true,"href":"https:\/\/unifranz.edu.bo\/pt\/wp-json\/wp\/v2\/users\/53"}],"replies":[{"embeddable":true,"href":"https:\/\/unifranz.edu.bo\/pt\/wp-json\/wp\/v2\/comments?post=709635"}],"version-history":[{"count":1,"href":"https:\/\/unifranz.edu.bo\/pt\/wp-json\/wp\/v2\/posts\/709635\/revisions"}],"predecessor-version":[{"id":709638,"href":"https:\/\/unifranz.edu.bo\/pt\/wp-json\/wp\/v2\/posts\/709635\/revisions\/709638"}],"wp:featuredmedia":[{"embeddable":true,"href":"https:\/\/unifranz.edu.bo\/pt\/wp-json\/wp\/v2\/media\/709637"}],"wp:attachment":[{"href":"https:\/\/unifranz.edu.bo\/pt\/wp-json\/wp\/v2\/media?parent=709635"}],"wp:term":[{"taxonomy":"category","embeddable":true,"href":"https:\/\/unifranz.edu.bo\/pt\/wp-json\/wp\/v2\/categories?post=709635"},{"taxonomy":"post_tag","embeddable":true,"href":"https:\/\/unifranz.edu.bo\/pt\/wp-json\/wp\/v2\/tags?post=709635"}],"curies":[{"name":"wp","href":"https:\/\/api.w.org\/{rel}","templated":true}]}}