{"id":709631,"date":"2025-11-11T18:25:31","date_gmt":"2025-11-11T22:25:31","guid":{"rendered":"https:\/\/unifranz.edu.bo\/?p=709631"},"modified":"2025-11-11T18:25:34","modified_gmt":"2025-11-11T22:25:34","slug":"como-imaginan-los-jovenes-que-sera-la-paz-del-futuro","status":"publish","type":"post","link":"https:\/\/unifranz.edu.bo\/pt\/blog\/como-imaginan-los-jovenes-que-sera-la-paz-del-futuro\/","title":{"rendered":"\u00bfC\u00f3mo imaginan los j\u00f3venes que ser\u00e1 La Paz del futuro?"},"content":{"rendered":"<p>La capacidad de imaginar el futuro es tambi\u00e9n una forma de dise\u00f1arlo. J\u00f3venes pace\u00f1os reflexionan hoy sobre c\u00f3mo quieren que sea su ciudad en las pr\u00f3ximas d\u00e9cadas: una urbe sostenible, tecnol\u00f3gica y consciente. El Futures Week 2025 de Unifranz les da las herramientas para convertir esas visiones en acci\u00f3n.\u00a0<\/p>\n\n\n\n<p><\/p>\n\n\n\n<blockquote class=\"wp-block-quote is-layout-flow wp-block-quote-is-layout-flow\">\n<p>\u201cYo sue\u00f1o con una La Paz con m\u00e1s visibilidad en el mundo, con ciudadanos m\u00e1s libres, con m\u00e1s fe en el futuro y sin ser conformistas\u201d, expresa Carla, estudiante del colegio Sagrados Corazones.&nbsp;<\/p>\n<\/blockquote>\n\n\n\n<p><\/p>\n\n\n\n<p>Para ella, el arte y la creatividad ser\u00e1n los motores de una econom\u00eda s\u00f3lida y sostenible. \u201cImagino una ciudad m\u00e1s tecnol\u00f3gica, con la ayuda de la inteligencia artificial y con m\u00e1s ciudadanos interesados en carreras tecnol\u00f3gicas, siendo una potencia mundial\u201d, agreg\u00f3 con convicci\u00f3n juvenil.<\/p>\n\n\n\n<p><\/p>\n\n\n\n<p>El Futures Week 2025 es una plataforma internacional impulsada por Unifranz, nodo Bolivia del Millennium Project, que promueve el pensamiento de futuros a trav\u00e9s de la reflexi\u00f3n, la creatividad y la acci\u00f3n colaborativa. Su objetivo es que los j\u00f3venes participen activamente en el dise\u00f1o de ciudades m\u00e1s humanas, sostenibles y tecnol\u00f3gicas.&nbsp;<\/p>\n\n\n\n<p><\/p>\n\n\n\n<p>Desde la Unidad Educativa Naval, Ana Carolina imagina una ciudad que respira armon\u00eda ambiental: \u201cMe imagino una La Paz m\u00e1s cuidada y limpia, con calles modernizadas y sistemas eficientes de reciclaje. Creo que habremos avanzado mucho e implementado tecnolog\u00edas que mejoren c\u00f3mo vivimos aqu\u00ed\u201d. Para ella, el transporte ser\u00e1 un s\u00edmbolo de ese progreso: \u201cNuevos veh\u00edculos m\u00e1s limpios van a circular por nuestras calles\u201d.<\/p>\n\n\n\n<p><\/p>\n\n\n\n<p>Gianmarco Fiori, director de la carrera de Administraci\u00f3n de Hoteler\u00eda y Turismo de Unifranz y coordinador del eje Ciudad Consciente indica que es importante que los j\u00f3venes imaginen y proyecten el futuro, porque ellos ser\u00e1n quienes tendr\u00e1n la misi\u00f3n de hacer realidad sus sue\u00f1os.&nbsp;<\/p>\n\n\n\n<p><\/p>\n\n\n\n<blockquote class=\"wp-block-quote is-layout-flow wp-block-quote-is-layout-flow\">\n<p>\u201cEs importante que los j\u00f3venes se imaginen el futuro de su ciudad porque de ellos dependen las decisiones que afecten ese futuro\u201d, explica. Seg\u00fan Fiori, el trabajo de los estudiantes permitir\u00e1 desarrollar campa\u00f1as y estrategias sostenibles. \u201cEllos est\u00e1n aprendiendo a tomar acci\u00f3n en temas vitales como el agua. La conciencia ambiental debe transformarse en pr\u00e1ctica cotidiana\u201d, a\u00f1adi\u00f3.<\/p>\n<\/blockquote>\n\n\n\n<p><\/p>\n\n\n\n<p>Carlos, del colegio Desmaissieres, propuso una mirada tecnol\u00f3gica aplicada a la gesti\u00f3n urbana: \u201cCreo en una La Paz del futuro con mucha tecnolog\u00eda, sobre todo en la gesti\u00f3n de residuos s\u00f3lidos y en las calles. Se podr\u00eda implementar pavimento r\u00edgido en todas las avenidas y mejorar el transporte p\u00fablico, como el Puma Katari, para beneficio de todos los pace\u00f1os\u201d.<\/p>\n\n\n\n<p><\/p>\n\n\n\n<p>Para Freddy, del colegio Miguel de Cervantes, el desaf\u00edo mayor es la convivencia urbana: \u201cImagino una ciudad sin tantos problemas pol\u00edticos, con un transporte m\u00e1s fluido, limpio, seguro y econ\u00f3mico. Una ciudad donde moverse sea f\u00e1cil y vivir sea mejor\u201d.<\/p>\n\n\n\n<p><\/p>\n\n\n\n<p>Estas voces representan el esp\u00edritu del Futures Week: una generaci\u00f3n que no solo sue\u00f1a, sino que proyecta soluciones.&nbsp;<\/p>\n\n\n\n<p><\/p>\n\n\n\n<figure class=\"wp-block-embed is-type-video is-provider-youtube wp-block-embed-youtube wp-embed-aspect-16-9 wp-has-aspect-ratio\"><div class=\"wp-block-embed__wrapper\">\n<iframe loading=\"lazy\" title=\"\u00bfC\u00f3mo imaginan los j\u00f3venes que ser\u00e1 La Paz del futuro?\" width=\"500\" height=\"281\" src=\"https:\/\/www.youtube.com\/embed\/eXW_1DKRrk4?feature=oembed\" frameborder=\"0\" allow=\"accelerometer; autoplay; clipboard-write; encrypted-media; gyroscope; picture-in-picture; web-share\" referrerpolicy=\"strict-origin-when-cross-origin\" allowfullscreen><\/iframe>\n<\/div><\/figure>\n\n\n\n<p><\/p>\n\n\n\n<p>El Futures Week 2025 aborda cinco ejes de transformaci\u00f3n: ciudades saludables, cultas, conscientes, creativas y tecnol\u00f3gicas, integrando a estudiantes, expertos y organizaciones que co-crean soluciones a los desaf\u00edos del siglo XXI.&nbsp;<\/p>\n\n\n\n<p><\/p>\n\n\n\n<blockquote class=\"wp-block-quote is-layout-flow wp-block-quote-is-layout-flow\">\n<p>\u201cLos j\u00f3venes son el epicentro de la construcci\u00f3n de futuros. El pensamiento de futuros no puede quedar encerrado en las universidades o los despachos; tiene que vivir en las calles y en las aulas\u201d, sostiene la rectora de Unifranz, Ver\u00f3nica \u00c1greda, quien agrega que el desaf\u00edo es que las ideas se transformen en acci\u00f3n. \u201cNo vamos a pedirles que piensen en cosas imposibles, sino en verdades inc\u00f3modas. El futuro se construye con valent\u00eda\u201d.<\/p>\n<\/blockquote>\n\n\n\n<p><\/p>\n\n\n\n<p><strong>Innovaci\u00f3n, creatividad y pensamiento prospectivo<\/strong><\/p>\n\n\n\n<p>El martes 11, bajo el lema \u201cRetos: impacto local, cambio global\u201d, las actividades del Futures Week se centraron en la simbiocreaci\u00f3n de soluciones sostenibles.&nbsp;<\/p>\n\n\n\n<p><\/p>\n\n\n\n<p>Por la tarde se realizaron dos master classes simult\u00e1neas: \u201cInnovaci\u00f3n educativa desde un enfoque integral, humano y de largo plazo\u201d, a cargo de Yesenia Gonz\u00e1lez del Instituto para el Futuro de la Educaci\u00f3n del Tecnol\u00f3gico de Monterrey; y \u201cCreatividad para el Desarrollo: acad\u00e9micos, ciudades y espacios de innovaci\u00f3n\u201d, dictada por V\u00edctor Gustavo Freundt, vicepresidente de la Asociaci\u00f3n Fab Lab Per\u00fa.<\/p>\n\n\n\n<p><\/p>\n\n\n\n<p>La jornada cerr\u00f3 en el Auditorio del Banco FIE con la presentaci\u00f3n del libro \u201cEstado del Futuro 20.0\u201d, presentada por Guillermo G\u00e1ndara, director de la Red Iberoamericana de Prospectiva (RIBER), y comentada por la rectora Ver\u00f3nica \u00c1greda, quien resalt\u00f3 la importancia de la educaci\u00f3n prospectiva y el pensamiento global.<\/p>\n\n\n\n<p><\/p>\n\n\n\n<p>El mi\u00e9rcoles 12, las actividades continuar\u00e1n con la din\u00e1mica de simbiocreaci\u00f3n desde las 09:30 en las aulas tem\u00e1ticas del Campus Unifranz, y con el Workshop de fabricaci\u00f3n digital en el K-Lab. Por la noche, el evento \u201cCiudades inteligentes y sostenibles\u201d reunir\u00e1 a expertos internacionales para debatir sobre innovaci\u00f3n urbana, educaci\u00f3n y tecnolog\u00eda.&nbsp;<\/p>\n\n\n\n<p><\/p>\n\n\n\n<p>La jornada cerrar\u00e1 con el panel \u201cEl futuro es hoy\u201d, moderado por Zulema Alanes, presidenta de la Asociaci\u00f3n Nacional de Periodistas de Bolivia, y contar\u00e1 con la participaci\u00f3n de autoridades municipales, acad\u00e9micos y representantes de organismos internacionales.<\/p>\n\n\n\n<p><\/p>\n\n\n\n<p>El mensaje de fondo es claro: la juventud pace\u00f1a no solo imagina, sino que ya est\u00e1 construyendo la ciudad que quiere habitar.<\/p>","protected":false},"excerpt":{"rendered":"<p>Estudiantes bolivianos imaginan una La Paz limpia, tecnol\u00f3gica y sostenible en el marco del Futures Week 2025.<\/p>","protected":false},"author":49,"featured_media":709641,"comment_status":"open","ping_status":"open","sticky":false,"template":"","format":"standard","meta":{"_acf_changed":false,"footnotes":""},"categories":[60],"tags":[388,4106,386,11492,11493,1422,9030,2004,338,242],"class_list":["post-709631","post","type-post","status-publish","format-standard","has-post-thumbnail","hentry","category-blog","tag-2030-construyendo-futuros","tag-agenda-2030","tag-estudiantes","tag-futures-week-2025","tag-futures-week-bolivia","tag-innovacion-en-educacion","tag-nodo-bolivia-millennium-project","tag-ods","tag-riber","tag-unifranz"],"acf":[],"_links":{"self":[{"href":"https:\/\/unifranz.edu.bo\/pt\/wp-json\/wp\/v2\/posts\/709631","targetHints":{"allow":["GET"]}}],"collection":[{"href":"https:\/\/unifranz.edu.bo\/pt\/wp-json\/wp\/v2\/posts"}],"about":[{"href":"https:\/\/unifranz.edu.bo\/pt\/wp-json\/wp\/v2\/types\/post"}],"author":[{"embeddable":true,"href":"https:\/\/unifranz.edu.bo\/pt\/wp-json\/wp\/v2\/users\/49"}],"replies":[{"embeddable":true,"href":"https:\/\/unifranz.edu.bo\/pt\/wp-json\/wp\/v2\/comments?post=709631"}],"version-history":[{"count":1,"href":"https:\/\/unifranz.edu.bo\/pt\/wp-json\/wp\/v2\/posts\/709631\/revisions"}],"predecessor-version":[{"id":709633,"href":"https:\/\/unifranz.edu.bo\/pt\/wp-json\/wp\/v2\/posts\/709631\/revisions\/709633"}],"wp:featuredmedia":[{"embeddable":true,"href":"https:\/\/unifranz.edu.bo\/pt\/wp-json\/wp\/v2\/media\/709641"}],"wp:attachment":[{"href":"https:\/\/unifranz.edu.bo\/pt\/wp-json\/wp\/v2\/media?parent=709631"}],"wp:term":[{"taxonomy":"category","embeddable":true,"href":"https:\/\/unifranz.edu.bo\/pt\/wp-json\/wp\/v2\/categories?post=709631"},{"taxonomy":"post_tag","embeddable":true,"href":"https:\/\/unifranz.edu.bo\/pt\/wp-json\/wp\/v2\/tags?post=709631"}],"curies":[{"name":"wp","href":"https:\/\/api.w.org\/{rel}","templated":true}]}}