{"id":709618,"date":"2025-11-10T18:47:53","date_gmt":"2025-11-10T22:47:53","guid":{"rendered":"https:\/\/unifranz.edu.bo\/?p=709618"},"modified":"2025-11-10T18:47:56","modified_gmt":"2025-11-10T22:47:56","slug":"pensar-crear-y-transformar-comienza-el-futures-week-2025-en-unifranz-la-paz","status":"publish","type":"post","link":"https:\/\/unifranz.edu.bo\/pt\/blog\/pensar-crear-y-transformar-comienza-el-futures-week-2025-en-unifranz-la-paz\/","title":{"rendered":"Pensar, crear y transformar: comienza el Futures Week 2025 en Unifranz La Paz"},"content":{"rendered":"<p>Con una visi\u00f3n clara de que \u201cel futuro no est\u00e1 hecho, se construye con cada decisi\u00f3n que tomamos hoy\u201d, la rectora de la Universidad Franz Tamayo (Unifranz), Ver\u00f3nica \u00c1greda de Pazos, inaugur\u00f3 este lunes el Futures Week 2025, un espacio que convierte a los j\u00f3venes en protagonistas de la construcci\u00f3n colectiva del porvenir. El evento, que se desarrolla en la sede La Paz, re\u00fane a estudiantes, acad\u00e9micos y expertos internacionales en innovaci\u00f3n, sostenibilidad, educaci\u00f3n y tecnolog\u00eda.<\/p>\n\n\n\n<p><\/p>\n\n\n\n<p>En su octava versi\u00f3n, el Futures Week se consolida como \u201cun laboratorio vivo de pensamiento prospectivo\u201d, donde, seg\u00fan \u00c1greda, se desactiva la l\u00f3gica de la competencia para activar la colaboraci\u00f3n creativa.&nbsp;<\/p>\n\n\n\n<p><\/p>\n\n\n\n<blockquote class=\"wp-block-quote is-layout-flow wp-block-quote-is-layout-flow\">\n<p>\u201cEl pensamiento de futuros no es una adivinaci\u00f3n, es una ciencia. Proyectamos las tendencias actuales para ver los posibles escenarios de nuestras decisiones y, sobre todo, de las decisiones no tomadas\u201d, afirm\u00f3 \u00c1greda.<\/p>\n<\/blockquote>\n\n\n\n<p><\/p>\n\n\n\n<p>La rectora destac\u00f3 que Bolivia, a trav\u00e9s del nodo nacional de The Millennium Project, ha asumido el desaf\u00edo de \u201cponer a los j\u00f3venes en el epicentro de la construcci\u00f3n de futuros\u201d, convencida de que el conocimiento no puede quedar encerrado en las universidades ni en los despachos gubernamentales. \u201cDebe vivir en la ciudad, en las aulas, en los colegios; tiene que ser territorio\u201d, subray\u00f3.<\/p>\n\n\n\n<p><\/p>\n\n\n\n<p>El evento, que cuenta con el apoyo de The Millennium Project, la Red Iberoamericana de Prospectiva (RIBER), Fab Lab Barcelona, Fab Lab Per\u00fa y otras instituciones internacionales, busca generar espacios donde la ciencia, la innovaci\u00f3n y las pol\u00edticas p\u00fablicas se nutran del talento joven. Para \u00c1greda, este tipo de encuentros son \u201cuna oportunidad para que la curiosidad y la diversidad, unidas mediante preguntas honestas, abran rutas hacia escenarios antes impensados\u201d.<\/p>\n\n\n\n<p><\/p>\n\n\n\n<p>En la ceremonia inaugural, Camila Crespo, estudiante de la carrera de Publicidad y Marketing de Unifranz, expres\u00f3 el entusiasmo de los j\u00f3venes que participan en la iniciativa.&nbsp;<\/p>\n\n\n\n<p><\/p>\n\n\n\n<blockquote class=\"wp-block-quote is-layout-flow wp-block-quote-is-layout-flow\">\n<p>\u201cEl Futures Week es un laboratorio repleto de ideas. Es el escenario perfecto donde los j\u00f3venes dejamos de imaginar el futuro para empezar a construirlo\u201d, sostuvo. En su intervenci\u00f3n, destac\u00f3 que la verdadera innovaci\u00f3n \u201cno nace del brillo de una sola idea, sino del encuentro entre muchos\u201d, recordando que cada voz cuenta en la construcci\u00f3n de una ciudad \u201cm\u00e1s humana, m\u00e1s consciente y m\u00e1s viva\u201d.<\/p>\n<\/blockquote>\n\n\n\n<p><\/p>\n\n\n\n<p>Por su parte, el vicerrector de la sede La Paz, Pedro S\u00e1enz, destac\u00f3 el car\u00e1cter transformador del evento. \u201cEl futuro no se pronostica, se construye\u201d, enfatiz\u00f3, al referirse a los cinco ejes que guiar\u00e1n la agenda de esta semana: ciudades saludables, cultas, conscientes, creativas y tecnol\u00f3gicas.&nbsp;<\/p>\n\n\n\n<p><\/p>\n\n\n\n<p>S\u00e1enz subray\u00f3 que estos espacios permiten que \u201cuna buena idea escale a pol\u00edtica p\u00fablica y acciones de beneficio colectivo\u201d, invitando a los participantes a pasar del diagn\u00f3stico a la acci\u00f3n.<\/p>\n\n\n\n<p><\/p>\n\n\n\n<figure class=\"wp-block-embed is-type-video is-provider-youtube wp-block-embed-youtube wp-embed-aspect-16-9 wp-has-aspect-ratio\"><div class=\"wp-block-embed__wrapper\">\n<iframe loading=\"lazy\" title=\"Pensar, crear y transformar: comienza el Futures Week 2025 en Unifranz La Paz\" width=\"500\" height=\"281\" src=\"https:\/\/www.youtube.com\/embed\/K-20n3uXHiM?feature=oembed\" frameborder=\"0\" allow=\"accelerometer; autoplay; clipboard-write; encrypted-media; gyroscope; picture-in-picture; web-share\" referrerpolicy=\"strict-origin-when-cross-origin\" allowfullscreen><\/iframe>\n<\/div><\/figure>\n\n\n\n<p><\/p>\n\n\n\n<p>\u00c1greda tambi\u00e9n reflexion\u00f3 sobre el papel de la juventud en un contexto global complejo. \u201cBolivia tiene algo que muchas naciones ya no tienen: juventud\u201d, afirm\u00f3. \u201cUna juventud con hambre de aprender, conectada con el mundo y consciente de los desaf\u00edos ambientales y sociales de su tiempo\u201d. En ese sentido, inst\u00f3 a los participantes a \u201catreverse a pensar en verdades inc\u00f3modas\u201d, desmontando creencias y paradigmas que limitan la innovaci\u00f3n.<\/p>\n\n\n\n<p><\/p>\n\n\n\n<p>La rectora explic\u00f3 que el Futures Week trabaja bajo la metodolog\u00eda de la \u201csimbiocreaci\u00f3n\u201d, un enfoque colaborativo que fomenta el dise\u00f1o de soluciones sostenibles a partir de la convergencia de talentos diversos.&nbsp;<\/p>\n\n\n\n<p><\/p>\n\n\n\n<blockquote class=\"wp-block-quote is-layout-flow wp-block-quote-is-layout-flow\">\n<p>\u201cAqu\u00ed no hay ganadores ni perdedores. La creatividad exponencial no es un atributo individual, sino un resultado de relaciones vivas entre quienes comparten prop\u00f3sito\u201d, se\u00f1al\u00f3 \u00c1greda.<\/p>\n<\/blockquote>\n\n\n\n<p><\/p>\n\n\n\n<p>Adem\u00e1s, agradeci\u00f3 a los talleristas y expertos internacionales que acompa\u00f1ar\u00e1n las jornadas, provenientes de Barcelona, Monterrey y Lima, por \u201ccreer que los j\u00f3venes latinoamericanos tienen cosas urgentes que decir\u201d. En su visi\u00f3n, el futuro es demasiado importante \u201cpara delegarlo en manos de pocos\u201d.<\/p>\n\n\n\n<p><\/p>\n\n\n\n<p><strong>Una semana de acci\u00f3n y pensamiento colectivo<\/strong><\/p>\n\n\n\n<p>El programa del lunes inici\u00f3 con sesiones simult\u00e1neas dedicadas a cada uno de los cinco ejes tem\u00e1ticos, donde especialistas de distintos pa\u00edses compartieron sus experiencias en salud, educaci\u00f3n, sostenibilidad, cultura y tecnolog\u00eda. Entre los ponentes estuvieron Grace Karim Schwan, del Fab Lab Per\u00fa, y Daniel Cruz, consultor de la Organizaci\u00f3n Mundial de la Salud, adem\u00e1s de acad\u00e9micos de la propia Unifranz.<\/p>\n\n\n\n<p><\/p>\n\n\n\n<p>Durante la ma\u00f1ana tambi\u00e9n se desarroll\u00f3 el Workshop de fabricaci\u00f3n digital Fab Lab: Prototipado de soluciones para ciudades sostenibles, dirigido por Santi Fuentemilla, l\u00edder del FabLab Barcelona, junto a equipos de Santa Cruz y el K-Lab Bolivia. En la tarde, las actividades continuaron con dos master classes centradas en creatividad educativa y pensamiento prospectivo.<\/p>\n\n\n\n<p><\/p>\n\n\n\n<p>Para el martes, la agenda continuar\u00e1 bajo el lema \u201cRetos: impacto local, cambio global\u201d, con nuevas sesiones de simbiocreaci\u00f3n orientadas a construir propuestas concretas de innovaci\u00f3n urbana. Las tem\u00e1ticas estar\u00e1n nuevamente distribuidas en los cinco ejes principales, promoviendo el trabajo interdisciplinario y la aplicaci\u00f3n pr\u00e1ctica de las ideas surgidas en la jornada inicial.<\/p>\n\n\n\n<p><\/p>\n\n\n\n<p>En paralelo, el Workshop de Prototipado continuar\u00e1 en el K-Lab, donde los equipos trabajar\u00e1n en el desarrollo de modelos y proyectos con impacto sostenible. Por la tarde, se ofrecer\u00e1n dos clases magistrales: una sobre innovaci\u00f3n educativa, a cargo de la especialista mexicana Yesenia Gonz\u00e1lez, y otra sobre creatividad para el desarrollo, dictada por el peruano V\u00edctor Freundt.<\/p>\n\n\n\n<p><\/p>\n\n\n\n<p>El d\u00eda cerrar\u00e1 con la presentaci\u00f3n del libro \u201cEstado del Futuro 20.0\u201d, a realizarse en el auditorio del Banco FIE. La obra ser\u00e1 presentada por Guillermo G\u00e1ndara, director ejecutivo de la Red Iberoamericana de Prospectiva (RIBER), con comentarios de la rectora Ver\u00f3nica \u00c1greda, quien subrayar\u00e1 el compromiso de Unifranz con la educaci\u00f3n prospectiva y el pensamiento global.<\/p>\n\n\n\n<p><\/p>\n\n\n\n<p>Para \u00c1greda, estos encuentros son mucho m\u00e1s que un ciclo acad\u00e9mico: son una declaraci\u00f3n de principios. \u201cEl Futures Week es una invitaci\u00f3n a hacer de Bolivia un territorio donde la prospectiva no sea un ejercicio acad\u00e9mico, sino una herramienta cotidiana de transformaci\u00f3n\u201d, concluy\u00f3. \u201cEl futuro de La Paz, el futuro de Bolivia, el futuro que ustedes van a construir comienza ahora\u201d.<\/p>\n\n\n\n<p><\/p>","protected":false},"excerpt":{"rendered":"<p>Innovaci\u00f3n, sostenibilidad y pensamiento prospectivo marcan el inicio del Futures Week 2025 en Unifranz La Paz.<\/p>","protected":false},"author":49,"featured_media":709619,"comment_status":"open","ping_status":"open","sticky":false,"template":"","format":"standard","meta":{"_acf_changed":false,"footnotes":""},"categories":[60],"tags":[388,4106,11492,11493,1422,9030,2004,338,218,242],"class_list":["post-709618","post","type-post","status-publish","format-standard","has-post-thumbnail","hentry","category-blog","tag-2030-construyendo-futuros","tag-agenda-2030","tag-futures-week-2025","tag-futures-week-bolivia","tag-innovacion-en-educacion","tag-nodo-bolivia-millennium-project","tag-ods","tag-riber","tag-tecnologia","tag-unifranz"],"acf":[],"_links":{"self":[{"href":"https:\/\/unifranz.edu.bo\/pt\/wp-json\/wp\/v2\/posts\/709618","targetHints":{"allow":["GET"]}}],"collection":[{"href":"https:\/\/unifranz.edu.bo\/pt\/wp-json\/wp\/v2\/posts"}],"about":[{"href":"https:\/\/unifranz.edu.bo\/pt\/wp-json\/wp\/v2\/types\/post"}],"author":[{"embeddable":true,"href":"https:\/\/unifranz.edu.bo\/pt\/wp-json\/wp\/v2\/users\/49"}],"replies":[{"embeddable":true,"href":"https:\/\/unifranz.edu.bo\/pt\/wp-json\/wp\/v2\/comments?post=709618"}],"version-history":[{"count":1,"href":"https:\/\/unifranz.edu.bo\/pt\/wp-json\/wp\/v2\/posts\/709618\/revisions"}],"predecessor-version":[{"id":709622,"href":"https:\/\/unifranz.edu.bo\/pt\/wp-json\/wp\/v2\/posts\/709618\/revisions\/709622"}],"wp:featuredmedia":[{"embeddable":true,"href":"https:\/\/unifranz.edu.bo\/pt\/wp-json\/wp\/v2\/media\/709619"}],"wp:attachment":[{"href":"https:\/\/unifranz.edu.bo\/pt\/wp-json\/wp\/v2\/media?parent=709618"}],"wp:term":[{"taxonomy":"category","embeddable":true,"href":"https:\/\/unifranz.edu.bo\/pt\/wp-json\/wp\/v2\/categories?post=709618"},{"taxonomy":"post_tag","embeddable":true,"href":"https:\/\/unifranz.edu.bo\/pt\/wp-json\/wp\/v2\/tags?post=709618"}],"curies":[{"name":"wp","href":"https:\/\/api.w.org\/{rel}","templated":true}]}}