{"id":709596,"date":"2025-11-09T16:25:24","date_gmt":"2025-11-09T20:25:24","guid":{"rendered":"https:\/\/unifranz.edu.bo\/?p=709596"},"modified":"2025-11-09T16:25:27","modified_gmt":"2025-11-09T20:25:27","slug":"sonar-debatir-y-construir-todo-esta-listo-para-el-futures-week","status":"publish","type":"post","link":"https:\/\/unifranz.edu.bo\/pt\/blog\/sonar-debatir-y-construir-todo-esta-listo-para-el-futures-week\/","title":{"rendered":"So\u00f1ar, debatir y construir: Todo est\u00e1 listo para el Futures Week"},"content":{"rendered":"<p>La Universidad Franz Tamayo, Unifranz, abre sus puertas al futuro. Todo est\u00e1 preparado para el inicio del Futures Week 2025, un encuentro que se vivir\u00e1 del 10 al 13 de noviembre en el campus universitario de La Paz y que invita a imaginar, debatir y construir la ciudad y el mundo que queremos hacia el 2050.<\/p>\n\n\n\n<p>M\u00e1s de una decena de expertos internacionales compartir\u00e1n sus visiones y plantear\u00e1n soluciones para \u201cco-crear y construir el futuro\u201d junto a estudiantes, autoridades y emprendedores. La agenda abordar\u00e1 los grandes desaf\u00edos globales \u2014como la sostenibilidad, la inteligencia artificial, el cambio clim\u00e1tico y la educaci\u00f3n del ma\u00f1ana\u2014 desde una mirada joven, cr\u00edtica y profundamente participativa.<\/p>\n\n\n\n<p>Organizado por Unifranz, en alianza con The Millennium Project, la Red Iberoamericana de Prospectiva (RIBER) y 2030 Construyendo Futuros, el Futures Week se ha consolidado como una plataforma de di\u00e1logo y acci\u00f3n donde convergen las ideas, la tecnolog\u00eda y la creatividad al servicio del desarrollo sostenible. M\u00e1s que un evento acad\u00e9mico, es un espacio de encuentro intergeneracional donde los j\u00f3venes son protagonistas de las transformaciones que definir\u00e1n los pr\u00f3ximos a\u00f1os.<\/p>\n\n\n\n<p>Uno de los primeros invitados internacionales en arribar a La Paz fue Guillermo G\u00e1ndara, director ejecutivo de RIBER, quien destac\u00f3 la relevancia de este tipo de iniciativas:<\/p>\n\n\n\n<blockquote class=\"wp-block-quote is-layout-flow wp-block-quote-is-layout-flow\">\n<p>\u201cEventos como el Futures Week demuestran que la juventud es el motor de la innovaci\u00f3n y del cuidado del entorno. Es alentador ver c\u00f3mo los estudiantes se comprometen con la construcci\u00f3n de un futuro m\u00e1s consciente y sostenible\u201d, explic\u00f3 G\u00e1ndara<\/p>\n<\/blockquote>\n\n\n\n<p>Durante el Futures Week se presentar\u00e1 el libro \u201cEstado del Futuro 20.0\u201d, una de las obras m\u00e1s reconocidas del Millennium Project. Sobre este informe, G\u00e1ndara explic\u00f3: \u201cEl estudio examina los 15 grandes retos que enfrenta la humanidad y proyecta posibles escenarios sobre la evoluci\u00f3n de nuestro planeta frente al avance de la inteligencia artificial, la sostenibilidad urbana y los desaf\u00edos sociales. Nuestro prop\u00f3sito es brindar a los j\u00f3venes herramientas reales para imaginar futuros posibles y construir estrategias hacia el 2050\u201d.<\/p>\n\n\n\n<p>La presentaci\u00f3n de la obra se realizar\u00e1 el martes 11 de noviembre y estar\u00e1 a cargo del propio G\u00e1ndara, con los comentarios de Ver\u00f3nica \u00c1greda de Pazos, rectora de la Universidad Franz Tamayo, quien destacar\u00e1 la importancia de incorporar la prospectiva en los procesos educativos y de planificaci\u00f3n institucional.<\/p>\n\n\n\n<p>El Main Event, programado para el mi\u00e9rcoles 12 de noviembre en el Green Tower, ser\u00e1 otro de los momentos m\u00e1s esperados de la semana. En este espacio, expertos internacionales abordar\u00e1n temas clave como la sostenibilidad de los espacios urbanos, la innovaci\u00f3n desde los centros de fabricaci\u00f3n digital, el futuro de la educaci\u00f3n y la inclusi\u00f3n de comunidades ind\u00edgenas originarias en los procesos de aprendizaje.<\/p>\n\n\n\n<p>El cierre del encuentro, el jueves 13 de noviembre, estar\u00e1 dedicado a la presentaci\u00f3n de proyectos de impacto local y cambio global, desarrollados por j\u00f3venes estudiantes que han trabajado en propuestas para transformar su entorno. Estas iniciativas se articulan con los cinco ejes tem\u00e1ticos que promueve Futures Week: Ciudad Saludable, Ciudad Culta, Ciudad Consciente, Ciudad Creativa y Ciudad Tecnol\u00f3gica. El Futures Week 2025 reafirma as\u00ed el compromiso de Unifranz con la educaci\u00f3n transformadora y la formaci\u00f3n de l\u00edderes capaces de anticipar los desaf\u00edos del ma\u00f1ana. En esta edici\u00f3n, los j\u00f3venes ser\u00e1n arquitectos de su destino, mientras los expertos y acad\u00e9micos los acompa\u00f1an en el desaf\u00edo de construir, desde hoy, el futuro que todos so\u00f1amos.<\/p>","protected":false},"excerpt":{"rendered":"<p>El Futures Week 2025 de Unifranz re\u00fane expertos internacionales y j\u00f3venes para imaginar, debatir y construir una ciudad sostenible y consciente hacia el 2050<\/p>","protected":false},"author":44,"featured_media":709597,"comment_status":"open","ping_status":"open","sticky":false,"template":"","format":"standard","meta":{"_acf_changed":false,"footnotes":""},"categories":[60],"tags":[],"class_list":["post-709596","post","type-post","status-publish","format-standard","has-post-thumbnail","hentry","category-blog"],"acf":[],"_links":{"self":[{"href":"https:\/\/unifranz.edu.bo\/pt\/wp-json\/wp\/v2\/posts\/709596","targetHints":{"allow":["GET"]}}],"collection":[{"href":"https:\/\/unifranz.edu.bo\/pt\/wp-json\/wp\/v2\/posts"}],"about":[{"href":"https:\/\/unifranz.edu.bo\/pt\/wp-json\/wp\/v2\/types\/post"}],"author":[{"embeddable":true,"href":"https:\/\/unifranz.edu.bo\/pt\/wp-json\/wp\/v2\/users\/44"}],"replies":[{"embeddable":true,"href":"https:\/\/unifranz.edu.bo\/pt\/wp-json\/wp\/v2\/comments?post=709596"}],"version-history":[{"count":1,"href":"https:\/\/unifranz.edu.bo\/pt\/wp-json\/wp\/v2\/posts\/709596\/revisions"}],"predecessor-version":[{"id":709598,"href":"https:\/\/unifranz.edu.bo\/pt\/wp-json\/wp\/v2\/posts\/709596\/revisions\/709598"}],"wp:featuredmedia":[{"embeddable":true,"href":"https:\/\/unifranz.edu.bo\/pt\/wp-json\/wp\/v2\/media\/709597"}],"wp:attachment":[{"href":"https:\/\/unifranz.edu.bo\/pt\/wp-json\/wp\/v2\/media?parent=709596"}],"wp:term":[{"taxonomy":"category","embeddable":true,"href":"https:\/\/unifranz.edu.bo\/pt\/wp-json\/wp\/v2\/categories?post=709596"},{"taxonomy":"post_tag","embeddable":true,"href":"https:\/\/unifranz.edu.bo\/pt\/wp-json\/wp\/v2\/tags?post=709596"}],"curies":[{"name":"wp","href":"https:\/\/api.w.org\/{rel}","templated":true}]}}