{"id":709442,"date":"2025-11-02T15:14:28","date_gmt":"2025-11-02T19:14:28","guid":{"rendered":"https:\/\/unifranz.edu.bo\/?p=709442"},"modified":"2025-11-02T15:14:35","modified_gmt":"2025-11-02T19:14:35","slug":"futures-week-2025-la-paz-imagina-su-futuro-desde-la-innovacion-y-la-co-creacion","status":"publish","type":"post","link":"https:\/\/unifranz.edu.bo\/pt\/blog\/futures-week-2025-la-paz-imagina-su-futuro-desde-la-innovacion-y-la-co-creacion\/","title":{"rendered":"Futures Week 2025: La Paz imagina su futuro desde la innovaci\u00f3n y la co-creaci\u00f3n"},"content":{"rendered":"<p>La Paz se prepara para mirar hacia adelante. Del 10 al 13 de noviembre de 2025, la Universidad Privada Franz Tamayo (UNIFRANZ) abrir\u00e1 las puertas de su campus para celebrar la Futures Week 2025, un encuentro gratuito y presencial que reunir\u00e1 a futuristas, expertos internacionales, autoridades, emprendedores, y, sobre todo, a j\u00f3venes l\u00edderes con una convicci\u00f3n compartida: los futuros no se adivinan, se construyen.<\/p>\n\n\n\n<blockquote class=\"wp-block-quote is-layout-flow wp-block-quote-is-layout-flow\">\n<p>M\u00e1s que un evento acad\u00e9mico, Futures Week se ha convertido en un laboratorio de ideas y una plataforma de co-creaci\u00f3n. Su objetivo central es imaginar y construir colectivamente la ciudad de La Paz del a\u00f1o 2030, una ciudad m\u00e1s sostenible, saludable, tecnol\u00f3gica y humana. En esta edici\u00f3n, el \u00e9nfasis estar\u00e1 puesto en el eje \u201cCiudad Consciente\u201d, con un enfoque en la gesti\u00f3n del agua, la sostenibilidad ambiental y la educaci\u00f3n ciudadana frente a los desaf\u00edos del cambio clim\u00e1tico.<\/p>\n<\/blockquote>\n\n\n\n<p><strong>Una mirada de futuro para La Paz y Bolivia<\/strong><\/p>\n\n\n\n<p>La UNIFRANZ impulsa esta iniciativa convencida de que el conocimiento, la imaginaci\u00f3n y la acci\u00f3n colectiva son las herramientas m\u00e1s poderosas para transformar la realidad. En palabras de su rectora, Ver\u00f3nica \u00c1greda de Pazos, presidenta del Nodo Bolivia de The Millennium Project, <em>\u201clos j\u00f3venes no son el futuro, son el presente activo que imagina, dise\u00f1a y prototipa soluciones para construir la Bolivia que queremos\u201d<\/em>.<\/p>\n\n\n\n<blockquote class=\"wp-block-quote is-layout-flow wp-block-quote-is-layout-flow\">\n<p>Futures Week responde a esa visi\u00f3n: promover una cultura de innovaci\u00f3n con sentido social, donde la tecnolog\u00eda y la creatividad se integren a la vida urbana, generando bienestar y oportunidades. Durante cuatro d\u00edas, los participantes trabajar\u00e1n junto a expertos internacionales en la b\u00fasqueda de soluciones concretas a los retos urbanos, sociales y ambientales.<\/p>\n<\/blockquote>\n\n\n\n<p><strong>Cinco ejes para construir la ciudad del ma\u00f1ana<\/strong><\/p>\n\n\n\n<p>La agenda de Futures Week 2025 se articula en torno a cinco ejes tem\u00e1ticos que proyectan distintos aspectos del desarrollo urbano sostenible:<\/p>\n\n\n\n<ol class=\"wp-block-list\">\n<li>Ciudad Saludable: promover el bienestar f\u00edsico y mental a trav\u00e9s de pol\u00edticas de salud p\u00fablica y entornos urbanos que incentiven la vida activa.<\/li>\n\n\n\n<li>Ciudad Culta: apostar por la educaci\u00f3n de calidad, la innovaci\u00f3n pedag\u00f3gica y el acceso equitativo al conocimiento.<\/li>\n\n\n\n<li>Ciudad Consciente: repensar la relaci\u00f3n de la ciudadan\u00eda con el medio ambiente, la gesti\u00f3n del agua y los recursos naturales.<\/li>\n\n\n\n<li>Ciudad Creativa: fomentar el talento, el emprendimiento y la econom\u00eda naranja como motores de desarrollo.<\/li>\n\n\n\n<li>Ciudad Tecnol\u00f3gica: impulsar la movilidad inteligente, la digitalizaci\u00f3n de servicios y la integraci\u00f3n de la tecnolog\u00eda en la gesti\u00f3n urbana.<\/li>\n<\/ol>\n\n\n\n<p>Cada eje se desarrollar\u00e1 a trav\u00e9s de talleres, charlas magistrales, sesiones de co-creaci\u00f3n y prototipado de proyectos, guiados por expertos de distintas disciplinas. La metodolog\u00eda combina la inteligencia colectiva, la prospectiva estrat\u00e9gica y la simbiocreaci\u00f3n, un enfoque que permite dise\u00f1ar soluciones colaborativas y viables.<\/p>\n\n\n\n<p><strong>Expertos internacionales y nacionales inspirar\u00e1n la creaci\u00f3n<\/strong><\/p>\n\n\n\n<p>Entre los invitados internacionales destacan figuras como Yesenia Gonz\u00e1lez, consultora senior en innovaci\u00f3n educativa del Tecnol\u00f3gico de Monterrey; Guillermo G\u00e1ndara, director de la Red Iberoamericana de Prospectiva y experto prospectivista; Delia Barriga Ciudad, directora ejecutiva de Fab Lab Per\u00fa y l\u00edder de Fab Women; y Santi Fuentemilla, del Fab Lab Barcelona y el Instituto de Arquitectura Avanzada de Catalu\u00f1a. Todos ellos representan redes globales de pensamiento y acci\u00f3n que apuestan por la educaci\u00f3n, la tecnolog\u00eda y la innovaci\u00f3n social.<\/p>\n\n\n\n<p>A nivel nacional, participar\u00e1n referentes como Ver\u00f3nica \u00c1greda de Pazos, rector de Unifranz y presidenta del Nodo Bolivia del Millennium Project; Jorge Pazos, director del FabLab Santa Cruz; Vladimir Ter\u00e1n Guti\u00e9rrez, director ejecutivo de AGETIC; Daniel Cruz Fuentes, consultor de la OMS en salud ambiental; Aracely Alurralde, de la Secretar\u00eda Municipal de Planificaci\u00f3n de La Paz; y Maria Ren\u00e9 Duch\u00e9n, periodista, quienes aportar\u00e1n la mirada local y la experiencia boliviana en torno a los desaf\u00edos urbanos.<\/p>\n\n\n\n<p>Estas alianzas reflejan la dimensi\u00f3n global del evento, que cuenta con el respaldo de The Millennium Project, RIBER (Red Iberoamericana de Prospectiva), Fab Lab Barcelona, Fab Lab Per\u00fa, K-Lab Bolivia y Simbiocreaci\u00f3n, entre otros. Asimismo, Banco FIE y AGETIC participan como sponsors estrat\u00e9gicos, reafirmando el v\u00ednculo entre academia, empresa y Estado.<\/p>\n\n\n\n<p><strong>Co-crear el futuro desde la juventud<\/strong><\/p>\n\n\n\n<blockquote class=\"wp-block-quote is-layout-flow wp-block-quote-is-layout-flow\">\n<p>La Futures Week se define por la participaci\u00f3n activa de j\u00f3venes l\u00edderes, estudiantes, profesionales y emprendedores que asumen el reto de pensar y actuar m\u00e1s all\u00e1 del presente. Durante las sesiones de trabajo, los equipos multidisciplinarios identificar\u00e1n problemas urbanos, dise\u00f1ar\u00e1n soluciones innovadoras y presentar\u00e1n prototipos funcionales con impacto real.<\/p>\n<\/blockquote>\n\n\n\n<p>El resultado tangible ser\u00e1 la presentaci\u00f3n de proyectos que integren tecnolog\u00eda, sostenibilidad y creatividad, alineados a los Objetivos de Desarrollo Sostenible (ODS) de la Agenda 2030.<\/p>\n\n\n\n<p>En 2024, el evento reuni\u00f3 a m\u00e1s de mil j\u00f3venes y una treintena de expertos, consolidando su impacto como un movimiento de transformaci\u00f3n social que trasciende el \u00e1mbito acad\u00e9mico. Este a\u00f1o, la expectativa es superar esa cifra, ampliando el alcance de la iniciativa a toda Bolivia.<\/p>\n\n\n\n<p>La Futures Week 2025 invita a toda la ciudadan\u00eda a sumarse a este ejercicio colectivo de imaginaci\u00f3n y acci\u00f3n. La participaci\u00f3n es gratuita, y los interesados pueden registrarse en la p\u00e1gina web oficial: <a href=\"https:\/\/futuresweek.org\/\" target=\"_blank\" rel=\"noopener\">www.futuresweek.org<\/a>.<\/p>\n\n\n\n<p>En tiempos donde la incertidumbre parece dominar el horizonte, la UNIFRANZ apuesta por la construcci\u00f3n activa del futuro. Desde la universidad, el llamado es claro: imaginar juntos un porvenir donde la tecnolog\u00eda sirva a las personas, la innovaci\u00f3n impulse la sostenibilidad y los j\u00f3venes sean protagonistas de la transformaci\u00f3n.<\/p>\n\n\n\n<p>Porque el futuro de La Paz \u2014y de Bolivia\u2014 no se espera: se dise\u00f1a, se comparte y se construye.<\/p>","protected":false},"excerpt":{"rendered":"<p>La Paz proyecta su futuro en Futures Week 2025, un encuentro de innovaci\u00f3n y co-creaci\u00f3n para construir una ciudad sostenible y tecnol\u00f3gica<\/p>","protected":false},"author":50,"featured_media":709443,"comment_status":"open","ping_status":"open","sticky":false,"template":"","format":"standard","meta":{"_acf_changed":false,"footnotes":""},"categories":[60],"tags":[332,11492,1422,41,4838,242],"class_list":["post-709442","post","type-post","status-publish","format-standard","has-post-thumbnail","hentry","category-blog","tag-futures-week","tag-futures-week-2025","tag-innovacion-en-educacion","tag-la-paz","tag-sostenibilidad","tag-unifranz"],"acf":[],"_links":{"self":[{"href":"https:\/\/unifranz.edu.bo\/pt\/wp-json\/wp\/v2\/posts\/709442","targetHints":{"allow":["GET"]}}],"collection":[{"href":"https:\/\/unifranz.edu.bo\/pt\/wp-json\/wp\/v2\/posts"}],"about":[{"href":"https:\/\/unifranz.edu.bo\/pt\/wp-json\/wp\/v2\/types\/post"}],"author":[{"embeddable":true,"href":"https:\/\/unifranz.edu.bo\/pt\/wp-json\/wp\/v2\/users\/50"}],"replies":[{"embeddable":true,"href":"https:\/\/unifranz.edu.bo\/pt\/wp-json\/wp\/v2\/comments?post=709442"}],"version-history":[{"count":1,"href":"https:\/\/unifranz.edu.bo\/pt\/wp-json\/wp\/v2\/posts\/709442\/revisions"}],"predecessor-version":[{"id":709444,"href":"https:\/\/unifranz.edu.bo\/pt\/wp-json\/wp\/v2\/posts\/709442\/revisions\/709444"}],"wp:featuredmedia":[{"embeddable":true,"href":"https:\/\/unifranz.edu.bo\/pt\/wp-json\/wp\/v2\/media\/709443"}],"wp:attachment":[{"href":"https:\/\/unifranz.edu.bo\/pt\/wp-json\/wp\/v2\/media?parent=709442"}],"wp:term":[{"taxonomy":"category","embeddable":true,"href":"https:\/\/unifranz.edu.bo\/pt\/wp-json\/wp\/v2\/categories?post=709442"},{"taxonomy":"post_tag","embeddable":true,"href":"https:\/\/unifranz.edu.bo\/pt\/wp-json\/wp\/v2\/tags?post=709442"}],"curies":[{"name":"wp","href":"https:\/\/api.w.org\/{rel}","templated":true}]}}