{"id":709370,"date":"2025-10-30T18:07:48","date_gmt":"2025-10-30T22:07:48","guid":{"rendered":"https:\/\/unifranz.edu.bo\/?p=709370"},"modified":"2025-10-30T18:07:51","modified_gmt":"2025-10-30T22:07:51","slug":"bolivia-en-todos-santos-viaje-tradicion-y-aventura-en-un-feriado-que-mueve-al-pais","status":"publish","type":"post","link":"https:\/\/unifranz.edu.bo\/pt\/blog\/bolivia-en-todos-santos-viaje-tradicion-y-aventura-en-un-feriado-que-mueve-al-pais\/","title":{"rendered":"Bolivia en Todos Santos: viaje, tradici\u00f3n y aventura en un feriado que mueve al pa\u00eds"},"content":{"rendered":"<p>Bolivia se prepara para vivir un largo feriado de Todos Santos, una fecha en la que tradici\u00f3n y movimiento econ\u00f3mico se entrelazan. Este a\u00f1o, el descanso se traslad\u00f3 al lunes 3 de noviembre y abre una ventana ideal para quienes desean reencontrarse con el pa\u00eds, respirar otros aires y recorrer paisajes que se sienten sagrados por su naturaleza o por su historia.&nbsp;<\/p>\n\n\n\n<p><\/p>\n\n\n\n<p>Desde destinos espirituales, como la isla del Sol o las Misiones Jesu\u00edticas, hasta&nbsp; aquellos en los que la aventura es la marca, como el Camino de la Muerte en los Yungas o la espesura de la selva en el Madidi, son parte de la oferta.&nbsp;<\/p>\n\n\n\n<p><\/p>\n\n\n\n<h2 class=\"wp-block-heading\"><strong>Espiritualidad y paisaje<\/strong><\/h2>\n\n\n\n<p><\/p>\n\n\n\n<blockquote class=\"wp-block-quote is-layout-flow wp-block-quote-is-layout-flow\">\n<p>\u201cUno de los principales atractivos para este fin de semana largo ser\u00e1 el tema espiritual. Copacabana, es el centro religioso por excelencia. Adem\u00e1s, desde este punto se puede visitar las Islas del Sol y de la Luna\u201d, se\u00f1ala el docente de la carrera de Administraci\u00f3n de Hoteler\u00eda y Turismo de Unifranz, Juan Carlos N\u00fa\u00f1ez.<\/p>\n<\/blockquote>\n\n\n\n<p><\/p>\n\n\n\n<p>En el altiplano, el Lago Titicaca aguarda como un espejo eterno. Las islas del Sol y de la Luna emergen como refugios donde el visitante se encuentra con la memoria ancestral. All\u00ed, el ritmo lento de las comunidades invita a caminar sin prisa, dejando que el cuerpo se adapte a los casi 4.000 metros de altura y que la mente sintonice con la calma.<\/p>\n\n\n\n<p><\/p>\n\n\n\n<p>Otro circuito ya consolidado es el de las Misiones Jesu\u00edticas de Chiquitos, en el departamento de Santa Cruz. Llevan ese nombre porque fueron pueblos creados por misioneros de la Compa\u00f1\u00eda de Jes\u00fas. A\u00fan conservan y viven las tradiciones forjadas por siglos de encuentro entre las diferentes etnias ind\u00edgenas y las misiones.&nbsp;<\/p>\n\n\n\n<p><\/p>\n\n\n\n<p>Parte de sus caracter\u00edsticas son la m\u00fasica barroca, las artesan\u00edas, las danzas, las festividades, la m\u00fasica aut\u00f3ctona, los juegos populares, la pintura, la escultura, la mitolog\u00eda, la relaci\u00f3n con la naturaleza y la totalidad de los templos restaurados.<\/p>\n\n\n\n<p><\/p>\n\n\n\n<p>Si hablamos de paisajes, hacia el suroeste del pa\u00eds, est\u00e1 el Salar de Uyuni. All\u00ed el horizonte se confunde con el cielo y el viajero encuentra en la inmensidad salina una experiencia casi meditativa. En la Isla Incahuasi, con sus cactus centenarios, el tiempo se detiene, lo que invita al visitante a guardar el celular y vivir la realidad.<\/p>\n\n\n\n<p><\/p>\n\n\n\n<p>No muy lejos, el Parque Nacional Sajama se levanta como una postal de la puna m\u00e1s pura. Vicu\u00f1as que pastan en silencio, aguas termales que humean frente al nevado m\u00e1s alto del pa\u00eds y comunidades que conviven con el fr\u00edo en serenidad, crean la calma que uno busca para recargar energ\u00edas.&nbsp;<\/p>\n\n\n\n<p><\/p>\n\n\n\n<h2 class=\"wp-block-heading\"><strong>Selva, aventura y caminos antiguos<\/strong><\/h2>\n\n\n\n<p><\/p>\n\n\n\n<blockquote class=\"wp-block-quote is-layout-flow wp-block-quote-is-layout-flow\">\n<p>\u201cTenemos una variedad de destinos y para todos los gustos. Uno de ellos son los Yungas y los caminos precolombinos que nos invitan a vivir la aventura\u201d, explica Juan Carlos C\u00e1rdenas, directivo de la Asociaci\u00f3n Boliviana de Agencias de Turismo Receptivo (Abatur).<\/p>\n<\/blockquote>\n\n\n\n<p><\/p>\n\n\n\n<p>Entre nubes, precipicios y vegetaci\u00f3n densa, los Yungas, en La Paz, vuelven a llamar a los aventureros. La antigua ruta, conocida como Camino de la Muerte, se ha convertido en escenario deportivo y adrenal\u00ednico para quienes se atreven a recorrerlo en bicicleta o en veh\u00edculo.&nbsp;<\/p>\n\n\n\n<p><\/p>\n\n\n\n<p>Quienes opten por caminatas de un d\u00eda encontrar\u00e1n alternativas en la Cordillera Real: Laguna Esmeralda, Tuni Condoriri y otros destinos donde la monta\u00f1a se presenta majestuosa y accesible para los visitantes dispuestos a madrugar, caminar y respirar aire puro. Tambi\u00e9n est\u00e1n los caminos precolombinos como El Takesi o El Choro, ideal para caminatas largas para los tres d\u00edas de feriado.<\/p>\n\n\n\n<p><\/p>\n\n\n\n<p>En la otra cara del mapa y del clima, el Parque Nacional Madidi respira humedad, vida, bosque y r\u00edo. Es uno de los lugares m\u00e1s biodiversos del planeta, escenario privilegiado para la fotograf\u00eda y el encuentro con especies \u00fanicas, incluido el delf\u00edn rosado amaz\u00f3nico. El viaje hacia este territorio requiere organizaci\u00f3n, pero pero es un viaje que no se olvida.<\/p>\n\n\n\n<p><\/p>\n\n\n\n<p>Otros prefieren la serenidad de Villa Tunari, en Cochabamba, con su clima amable, donde los&nbsp; r\u00edos y la vegetaci\u00f3n&nbsp; permiten conectarse con la naturaleza sin renunciar a ciertas comodidades.<\/p>\n\n\n\n<p><\/p>\n\n\n\n<h2 class=\"wp-block-heading\"><strong>Memoria, patrimonio y tradici\u00f3n<\/strong><\/h2>\n\n\n\n<p><\/p>\n\n\n\n<p>Si el viaje se orienta hacia la historia, Bolivia tambi\u00e9n guarda tesoros. Potos\u00ed invita a mirar de frente su colosal pasado y presente minero; Sucre ofrece la elegancia blanca de sus calles, la memoria republicana y la habitaci\u00f3n fresca de sus antiguas casonas.<\/p>\n\n\n\n<p><\/p>\n\n\n\n<p>A este mapa tur\u00edstico se suman espacios de peregrinaci\u00f3n cultural del d\u00eda, como el sitio arqueol\u00f3gico de Tiwanaku o el espect\u00e1culo contempor\u00e1neo y popular de las cholitas luchadoras en El Alto, donde identidad y modernidad confluyen con autenticidad.<\/p>\n\n\n\n<p><\/p>\n\n\n\n<p>Pero algo que no puede faltar son las visitas a espacios donde la fiesta de Todos Santos es la protagonista. Los cementerios municipales de La Paz, El Alto, Potos\u00ed o Sucre son sitios en los que se puede ver la tradici\u00f3n, con el armado de mesas y los rituales del despacho de las almas.<\/p>\n\n\n\n<p><\/p>\n\n\n\n<h2 class=\"wp-block-heading\"><strong>Una invitaci\u00f3n a viajar con responsabilidad<\/strong><\/h2>\n\n\n\n<p><\/p>\n\n\n\n<blockquote class=\"wp-block-quote is-layout-flow wp-block-quote-is-layout-flow\">\n<p>\u201cLos operadores estamos preparados para ayudar a planificar viajes de acuerdo al presupuesto y el n\u00famero de personas\u201d, afirma C\u00e1rdenas, al mismo tiempo que exhorta a acudir a empresas formalmente establecidas para garantizar seguridad y calidad.&nbsp;<\/p>\n<\/blockquote>\n\n\n\n<p><\/p>\n\n\n\n<p>En un contexto donde el desabastecimiento de combustible puede generar complicaciones, la planificaci\u00f3n cobra un rol especial. Reservar transporte, anticipar rutas y consultar operadores serios puede marcar la diferencia entre un viaje perfecto y uno frustrante.<\/p>\n\n\n\n<p><\/p>\n\n\n\n<p>El turismo, recuerda C\u00e1rdenas, es un motor que redistribuye los ingresos entre comunidades, hoteles, transportistas y gu\u00edas, y este fin de semana largo representa una oportunidad para impul\u00adsar la reactivaci\u00f3n del sector pese a las dificultades log\u00edsticas que el pa\u00eds atraviesa.<\/p>\n\n\n\n<p><\/p>\n\n\n\n<p>M\u00e1s all\u00e1 del destino elegido -altiplano, selva, valle o ciudad hist\u00f3rica-, este feriado de Todos Santos invita a honrar a quienes partieron, pero tambi\u00e9n a celebrar la vida, el movimiento y la conexi\u00f3n con el territorio. Bolivia ofrece rutas que son memoria, aventura y contemplaci\u00f3n, y recorrerlas es una forma de reconocer la riqueza que late en cada rinc\u00f3n del pa\u00eds.<\/p>\n\n\n\n<p><\/p>","protected":false},"excerpt":{"rendered":"<p>Un feriado para reconectar. Bolivia ofrece turismo espiritual, aventura, naturaleza y patrimonio en Todos Santos. Planifica y viaja con responsabilidad.<\/p>","protected":false},"author":53,"featured_media":709374,"comment_status":"open","ping_status":"open","sticky":false,"template":"","format":"standard","meta":{"_acf_changed":false,"footnotes":""},"categories":[60],"tags":[3098,10574,1422,10273,9142,11300,242],"class_list":["post-709370","post","type-post","status-publish","format-standard","has-post-thumbnail","hentry","category-blog","tag-destinos-turisticos","tag-feriados","tag-innovacion-en-educacion","tag-todos-santos","tag-turismo-bolivia","tag-turismo-religioso","tag-unifranz"],"acf":[],"_links":{"self":[{"href":"https:\/\/unifranz.edu.bo\/pt\/wp-json\/wp\/v2\/posts\/709370","targetHints":{"allow":["GET"]}}],"collection":[{"href":"https:\/\/unifranz.edu.bo\/pt\/wp-json\/wp\/v2\/posts"}],"about":[{"href":"https:\/\/unifranz.edu.bo\/pt\/wp-json\/wp\/v2\/types\/post"}],"author":[{"embeddable":true,"href":"https:\/\/unifranz.edu.bo\/pt\/wp-json\/wp\/v2\/users\/53"}],"replies":[{"embeddable":true,"href":"https:\/\/unifranz.edu.bo\/pt\/wp-json\/wp\/v2\/comments?post=709370"}],"version-history":[{"count":1,"href":"https:\/\/unifranz.edu.bo\/pt\/wp-json\/wp\/v2\/posts\/709370\/revisions"}],"predecessor-version":[{"id":709373,"href":"https:\/\/unifranz.edu.bo\/pt\/wp-json\/wp\/v2\/posts\/709370\/revisions\/709373"}],"wp:featuredmedia":[{"embeddable":true,"href":"https:\/\/unifranz.edu.bo\/pt\/wp-json\/wp\/v2\/media\/709374"}],"wp:attachment":[{"href":"https:\/\/unifranz.edu.bo\/pt\/wp-json\/wp\/v2\/media?parent=709370"}],"wp:term":[{"taxonomy":"category","embeddable":true,"href":"https:\/\/unifranz.edu.bo\/pt\/wp-json\/wp\/v2\/categories?post=709370"},{"taxonomy":"post_tag","embeddable":true,"href":"https:\/\/unifranz.edu.bo\/pt\/wp-json\/wp\/v2\/tags?post=709370"}],"curies":[{"name":"wp","href":"https:\/\/api.w.org\/{rel}","templated":true}]}}