{"id":709315,"date":"2025-10-28T18:22:21","date_gmt":"2025-10-28T22:22:21","guid":{"rendered":"https:\/\/unifranz.edu.bo\/?p=709315"},"modified":"2025-10-28T18:22:25","modified_gmt":"2025-10-28T22:22:25","slug":"entrenar-el-pensamiento-critico-para-mejorar-el-rendimiento-academico","status":"publish","type":"post","link":"https:\/\/unifranz.edu.bo\/pt\/blog\/entrenar-el-pensamiento-critico-para-mejorar-el-rendimiento-academico\/","title":{"rendered":"Entrenar el pensamiento cr\u00edtico para mejorar el rendimiento acad\u00e9mico"},"content":{"rendered":"<p>El pensamiento cr\u00edtico es una de las habilidades m\u00e1s necesarias para los j\u00f3venes. Aprender a analizar, cuestionar y discernir la veracidad de lo que se lee o escucha no solo fortalece la mente, sino que tambi\u00e9n contribuye a formar ciudadanos m\u00e1s conscientes, responsables y participativos.<\/p>\n\n\n\n<p>Carmen Aguilera, docente de la carrera de Psicolog\u00eda de la Universidad Franz Tamayo (Unifranz), sostiene que: el proceso de pensar es inherente a la naturaleza humana y debemos redireccionar la calidad de nuestros pensamientos para alcanzar est\u00e1ndares intelectuales que nos ayuden a pensar de forma eficaz y objetiva.<\/p>\n\n\n\n<blockquote class=\"wp-block-quote is-layout-flow wp-block-quote-is-layout-flow\">\n<p>\u201cEl pensamiento cr\u00edtico es parte fundamental del rendimiento acad\u00e9mico y profesional, es la capacidad de tener una forma de pensamiento hacia objetivos planteados y analizados, dominando la divagaci\u00f3n de manera que el razonamiento es \u2018ense\u00f1ar a pensar\u2019 y evaluar la informaci\u00f3n de forma sist\u00e9mica y objetiva\u00bb, sostiene Aguilera.<\/p>\n<\/blockquote>\n\n\n\n<p>Un estudio de Huber y Kuncel, publicado en la revista Psychological Bulletin, analiz\u00f3 diversos trabajos sobre el desarrollo del pensamiento cr\u00edtico y su relaci\u00f3n con el rendimiento acad\u00e9mico. Los resultados mostraron que ense\u00f1ar y practicar habilidades de pensamiento cr\u00edtico tiene un efecto positivo moderado en el desempe\u00f1o de los estudiantes, equivalente a una mejora de entre 0.3 y 0.5 desviaciones est\u00e1ndar.&nbsp;<\/p>\n\n\n\n<p>En t\u00e9rminos sencillos, esto significa que los estudiantes que reciben formaci\u00f3n en pensamiento cr\u00edtico tienden a obtener mejores resultados acad\u00e9micos sobre aquellos que no la reciben, lo que confirma la importancia de fomentar este tipo de habilidades en los procesos educativos.<\/p>\n\n\n\n<p>Sin embargo, esto no es innato, sino una capacidad que se cultiva a trav\u00e9s del aprendizaje, la curiosidad y la reflexi\u00f3n. Consiste en evaluar la informaci\u00f3n de manera l\u00f3gica y objetiva, contrastar fuentes, detectar sesgos y tomar decisiones basadas en evidencias, no en emociones o presiones sociales. En un mundo hiperconectado, donde los contenidos se viralizan en segundos, esta habilidad se ha vuelto esencial para navegar con criterio y autonom\u00eda.<\/p>\n\n\n\n<p><strong>Por qu\u00e9 es esencial desarrollar el pensamiento cr\u00edtico<\/strong><\/p>\n\n\n\n<p>Los j\u00f3venes de hoy crecen en un entorno digital en el que la informaci\u00f3n es inmediata, pero no siempre confiable. Seg\u00fan estudios de la Organizaci\u00f3n de las Naciones Unidas para la Educaci\u00f3n, la Ciencia y la Cultura (UNESCO) y la Organizaci\u00f3n para la Cooperaci\u00f3n y el Desarrollo Econ\u00f3mico (OCDE), la mayor\u00eda de los adolescentes tiene dificultades para diferenciar una fuente confiable de una que no lo es. Esto los hace vulnerables a la desinformaci\u00f3n, los discursos de odio o la manipulaci\u00f3n ideol\u00f3gica.<\/p>\n\n\n\n<p>En ese sentido el pensamiento cr\u00edtico no solo protege contra la desinformaci\u00f3n, sino que tambi\u00e9n fomenta la creatividad, la empat\u00eda y la resoluci\u00f3n de problemas. Un joven que piensa cr\u00edticamente aprende a cuestionar las normas injustas, a proponer soluciones innovadoras y a participar activamente en su comunidad. En el \u00e1mbito acad\u00e9mico, esta habilidad mejora la comprensi\u00f3n lectora, la argumentaci\u00f3n y la capacidad de debate. En el \u00e1mbito laboral, promueve la toma de decisiones informadas y el trabajo colaborativo.<\/p>\n\n\n\n<blockquote class=\"wp-block-quote is-layout-flow wp-block-quote-is-layout-flow\">\n<p>\u201cFormar el pensamiento cr\u00edtico en los estudiantes tiene muchas ventajas, porque elimina las conductas impulsivas e inmediatistas, eval\u00faa la validez de la informaci\u00f3n y estimula un seguimiento estrat\u00e9gico en funci\u00f3n a un objetivo, dejando de lado el seguimiento ciego de tendencias\u201d, explica Aguilera.<\/p>\n<\/blockquote>\n\n\n\n<p><strong>C\u00f3mo entrenar el pensamiento cr\u00edtico en los j\u00f3venes<\/strong><\/p>\n\n\n\n<p>Formar pensadores cr\u00edticos requiere una educaci\u00f3n que promueva la curiosidad, la duda constructiva y la reflexi\u00f3n con algunos m\u00e9todos clave para estimular esta capacidad:<\/p>\n\n\n\n<p><\/p>\n\n\n\n<ol class=\"wp-block-list\">\n<li>Fomentar la pregunta constante. Los docentes y padres deben alentar a los j\u00f3venes a cuestionar lo que leen, escuchan o ven eso ayuda a desarrollar una actitud anal\u00edtica.<\/li>\n\n\n\n<li>Analizar informaci\u00f3n desde m\u00faltiples perspectivas. Invitar a comparar diferentes puntos de vista sobre un mismo tema fortalece la capacidad de empatizar y de entender la complejidad de los problemas. El pensamiento cr\u00edtico no busca imponer una verdad, sino comprender la diversidad de argumentos.<\/li>\n\n\n\n<li>Ense\u00f1ar alfabetizaci\u00f3n medi\u00e1tica y digital. Ense\u00f1ar a verificar fuentes, identificar titulares sensacionalistas y reconocer sesgos en los algoritmos es fundamental para formar usuarios informados y responsables.<\/li>\n\n\n\n<li>Fomentar el debate y el di\u00e1logo respetuoso. El intercambio de ideas en un ambiente de respeto ense\u00f1a a argumentar con fundamentos y a escuchar opiniones diferentes sin caer en la intolerancia o la agresividad.<\/li>\n\n\n\n<li>Resolver problemas reales. Involucrar a los j\u00f3venes en proyectos que aborden problem\u00e1ticas sociales o ambientales desarrolla su capacidad de an\u00e1lisis y acci\u00f3n. El aprendizaje basado en problemas los motiva a investigar, contrastar datos y proponer soluciones concretas.<\/li>\n\n\n\n<li>Promover la lectura y el pensamiento reflexivo. Reflexionar sobre los mensajes y debatir su contenido fortalece la autonom\u00eda intelectual.<\/li>\n\n\n\n<li><\/li>\n\n\n\n<li>Educar para pensar, no solo para repetir. Educar en pensamiento cr\u00edtico implica transformar la ense\u00f1anza tradicional basada en la memorizaci\u00f3n por una que promueva la investigaci\u00f3n y la participaci\u00f3n activa. Los j\u00f3venes necesitan herramientas para construir sus propias conclusiones, no solo para repetir las de otros.<\/li>\n<\/ol>\n\n\n\n<p>El reto no es menor, porque se trata de formar generaciones capaces de cuestionar, de argumentar con evidencia y de actuar con \u00e9tica. M\u00e1s que una habilidad acad\u00e9mica, el pensamiento cr\u00edtico es una actitud ante la vida. Ense\u00f1ar a pensar es ense\u00f1ar a ser libres.<\/p>","protected":false},"excerpt":{"rendered":"<p>El pensamiento cr\u00edtico es la herramienta que permite a los j\u00f3venes analizar, cuestionar y tomar decisiones informadas, fortaleciendo su rendimiento acad\u00e9mico, creatividad y autonom\u00eda frente a la desinformaci\u00f3n.<\/p>","protected":false},"author":51,"featured_media":709316,"comment_status":"open","ping_status":"open","sticky":false,"template":"","format":"standard","meta":{"_acf_changed":false,"footnotes":""},"categories":[60],"tags":[266,53,386,1422,11278,240,3832,242],"class_list":["post-709315","post","type-post","status-publish","format-standard","has-post-thumbnail","hentry","category-blog","tag-bolivia","tag-educacion","tag-estudiantes","tag-innovacion-en-educacion","tag-pensamiento-critico-2","tag-psicologia","tag-rendimiento-educativo","tag-unifranz"],"acf":[],"_links":{"self":[{"href":"https:\/\/unifranz.edu.bo\/pt\/wp-json\/wp\/v2\/posts\/709315","targetHints":{"allow":["GET"]}}],"collection":[{"href":"https:\/\/unifranz.edu.bo\/pt\/wp-json\/wp\/v2\/posts"}],"about":[{"href":"https:\/\/unifranz.edu.bo\/pt\/wp-json\/wp\/v2\/types\/post"}],"author":[{"embeddable":true,"href":"https:\/\/unifranz.edu.bo\/pt\/wp-json\/wp\/v2\/users\/51"}],"replies":[{"embeddable":true,"href":"https:\/\/unifranz.edu.bo\/pt\/wp-json\/wp\/v2\/comments?post=709315"}],"version-history":[{"count":2,"href":"https:\/\/unifranz.edu.bo\/pt\/wp-json\/wp\/v2\/posts\/709315\/revisions"}],"predecessor-version":[{"id":709318,"href":"https:\/\/unifranz.edu.bo\/pt\/wp-json\/wp\/v2\/posts\/709315\/revisions\/709318"}],"wp:featuredmedia":[{"embeddable":true,"href":"https:\/\/unifranz.edu.bo\/pt\/wp-json\/wp\/v2\/media\/709316"}],"wp:attachment":[{"href":"https:\/\/unifranz.edu.bo\/pt\/wp-json\/wp\/v2\/media?parent=709315"}],"wp:term":[{"taxonomy":"category","embeddable":true,"href":"https:\/\/unifranz.edu.bo\/pt\/wp-json\/wp\/v2\/categories?post=709315"},{"taxonomy":"post_tag","embeddable":true,"href":"https:\/\/unifranz.edu.bo\/pt\/wp-json\/wp\/v2\/tags?post=709315"}],"curies":[{"name":"wp","href":"https:\/\/api.w.org\/{rel}","templated":true}]}}