{"id":709290,"date":"2025-10-27T18:36:55","date_gmt":"2025-10-27T22:36:55","guid":{"rendered":"https:\/\/unifranz.edu.bo\/?p=709290"},"modified":"2025-10-27T18:37:00","modified_gmt":"2025-10-27T22:37:00","slug":"reconocen-a-celsa-nogales-fundadora-y-pionera-de-derecho-en-unifranz-por-25-anos-de-ejercicio","status":"publish","type":"post","link":"https:\/\/unifranz.edu.bo\/pt\/blog\/reconocen-a-celsa-nogales-fundadora-y-pionera-de-derecho-en-unifranz-por-25-anos-de-ejercicio\/","title":{"rendered":"Reconocen a Celsa Nogales, fundadora y pionera de Derecho en Unifranz, por 25 a\u00f1os de ejercicio"},"content":{"rendered":"<p>Celsa Nogales de \u00c1greda, fundadora de la Universidad Franz Tamayo (Unifranz) y egresada de la primera generaci\u00f3n de abogados de la universidad, recibi\u00f3 un reconocimiento por sus 25 a\u00f1os de trayectoria profesional. El emotivo acto fue organizado por el Colegio de Abogados de La Paz, el pasado 24 de octubre, como homenaje a sus afiliados.<\/p>\n\n\n\n<p><\/p>\n\n\n\n<blockquote class=\"wp-block-quote is-layout-flow wp-block-quote-is-layout-flow\">\n<p>\u201cEstoy inmensamente feliz. Son 25 a\u00f1os de profesi\u00f3n de abogada. Me ha servido para mi vida, para llevar adelante a Unifranz siempre por el camino de la verdad y de la rectitud\u201d, se\u00f1al\u00f3 Nogales.&nbsp;<\/p>\n<\/blockquote>\n\n\n\n<p><\/p>\n\n\n\n<p>El homenaje marc\u00f3 un momento importante para Unifranz, pues adem\u00e1s de Nogales, entre los homenajeados estaban Henry S\u00e1nchez Camacho y Mar\u00eda L\u00f3pez Acero, dos alumnos pioneros de la carrera de Derecho. Esto muestra el impacto de esta instituci\u00f3n formadora de profesionales comprometidos con la \u00e9tica y el desarrollo del pa\u00eds.<\/p>\n\n\n\n<p><\/p>\n\n\n\n<h2 class=\"wp-block-heading\"><strong>Una vida dedicada a la educaci\u00f3n y la justicia<\/strong><\/h2>\n\n\n\n<p><\/p>\n\n\n\n<p>Con emoci\u00f3n visible, Nogales expres\u00f3 su alegr\u00eda por haber alcanzado 25 a\u00f1os de vida profesional. Record\u00f3 sus inicios junto a los de la universidad, marcados por desaf\u00edos y esfuerzo colectivo.<\/p>\n\n\n\n<p><\/p>\n\n\n\n<blockquote class=\"wp-block-quote is-layout-flow wp-block-quote-is-layout-flow\">\n<p>\u201cLa universidad y la carrera de Derecho, empezamos con una infraestructura alquilada y el reto era tener la casa propia, los mejores docentes y formar abogados \u00edntegros. La pasi\u00f3n y el amor hicieron que Unifranz sea la instituci\u00f3n que hoy es y tenga a profesionales que hoy tambi\u00e9n son reconocidos por el tiempo que ejercen la profesi\u00f3n\u201d, manifest\u00f3.<\/p>\n<\/blockquote>\n\n\n\n<p><\/p>\n\n\n\n<p>Dirigi\u00e9ndose a los j\u00f3venes estudiantes de Derecho se\u00f1al\u00f3 que para ejercer, formarse y crecer profesionalmente hay que ponerle pasi\u00f3n, tiempo, esfuerzo y dedicaci\u00f3n. \u201cVayan siempre por el camino de lo correcto, porque as\u00ed es como se llega lejos\u201d, afirm\u00f3.<\/p>\n\n\n\n<p><\/p>\n\n\n\n<figure class=\"wp-block-embed is-type-video is-provider-youtube wp-block-embed-youtube wp-embed-aspect-16-9 wp-has-aspect-ratio\"><div class=\"wp-block-embed__wrapper\">\n<iframe loading=\"lazy\" title=\"Celsa Nogales: 25 a\u00f1os de pasi\u00f3n por el Derecho y el legado de Unifranz \ud83d\udc69\u200d\u2696\ufe0f\u2728\" width=\"500\" height=\"281\" src=\"https:\/\/www.youtube.com\/embed\/EVxZerv8V50?feature=oembed\" frameborder=\"0\" allow=\"accelerometer; autoplay; clipboard-write; encrypted-media; gyroscope; picture-in-picture; web-share\" referrerpolicy=\"strict-origin-when-cross-origin\" allowfullscreen><\/iframe>\n<\/div><\/figure>\n\n\n\n<p><\/p>\n\n\n\n<h2 class=\"wp-block-heading\"><strong>Egresados que crecieron junto a la universidad<\/strong><\/h2>\n\n\n\n<p><\/p>\n\n\n\n<p>Una&nbsp; de las gratas sorpresas de Nogales, fue ver entre los homenajeados a Mar\u00eda L\u00f3pez Acero, la primera estudiante en defender su tesis y la primera graduada en Derecho de Unifranz.&nbsp; L\u00f3pez record\u00f3 con orgullo aquellos a\u00f1os fundacionales.<\/p>\n\n\n\n<p><\/p>\n\n\n\n<blockquote class=\"wp-block-quote is-layout-flow wp-block-quote-is-layout-flow\">\n<p>\u201cSoy la primera que defendi\u00f3 la tesis, la primera graduada de la universidad. Me siento muy orgullosa de haber salido de esta prestigiosa instituci\u00f3n y de ver cu\u00e1nto ha crecido\u201d, dijo.<\/p>\n<\/blockquote>\n\n\n\n<p><\/p>\n\n\n\n<p>La abogada resalt\u00f3 el v\u00ednculo especial que mantiene con sus compa\u00f1eros y cont\u00f3 que aquella primera generaci\u00f3n fue muy unida.<\/p>\n\n\n\n<p><\/p>\n\n\n\n<blockquote class=\"wp-block-quote is-layout-flow wp-block-quote-is-layout-flow\">\n<p>\u201c\u00c9ramos pocos, pero estudi\u00e1bamos mucho. Crecimos junto con la universidad, y hasta hoy mantenemos la amistad y el cari\u00f1o de aquellos a\u00f1os\u201d.<\/p>\n<\/blockquote>\n\n\n\n<p><\/p>\n\n\n\n<p>Entre los homenajeados tambi\u00e9n estuvo&nbsp; Henry S\u00e1nchez, uno de los primeros abogados de Unifranz. Al encontrarse con Nogales y L\u00f3pez rememor\u00f3 sus inicios en Unifranz. \u201cMis estudios superiores los realic\u00e9 junto a mi compa\u00f1era de curso, Celsa Eliana. Somos de la primera promoci\u00f3n de Derecho, hace 25 a\u00f1os\u201d, record\u00f3.<\/p>\n\n\n\n<p><\/p>\n\n\n\n<p>S\u00e1nchez destac\u00f3 el crecimiento de la universidad y su aporte al pa\u00eds. Sostuvo que la universidad empez\u00f3 con muchos obst\u00e1culos, pero con grandes ganas de trabajar y formar una nueva generaci\u00f3n de profesionales comprometidos con el desarrollo del pa\u00eds.<\/p>\n\n\n\n<p><\/p>\n\n\n\n<h2 class=\"wp-block-heading\"><strong>Un legado de compromiso y excelencia<\/strong><\/h2>\n\n\n\n<p><\/p>\n\n\n\n<p>El homenaje a estos tres profesionales simboliza el reconocimiento a una generaci\u00f3n pionera que contribuy\u00f3 a consolidar el prestigio de Unifranz y a fortalecer el ejercicio \u00e9tico del Derecho en Bolivia. Para Nogales tambi\u00e9n es un homenaje a su esfuerzo por establecer una instituci\u00f3n educativa que asuma los retos de educaci\u00f3n del siglo XXI.<\/p>\n\n\n\n<p><\/p>\n\n\n\n<p>A lo largo de sus tres d\u00e9cadas de existencia, la carrera de Derecho de Unifranz ha formado abogados que hoy ocupan cargos relevantes en la administraci\u00f3n de justicia, la academia y el sector p\u00fablico y privado, reafirmando el compromiso institucional con la verdad, la formaci\u00f3n integral y el servicio a la sociedad.<\/p>","protected":false},"excerpt":{"rendered":"<p>Unifranz celebra a Celsa Nogales, fundadora y abogada de la primera promoci\u00f3n, reconocida por 25 a\u00f1os de ejercicio profesional.<\/p>","protected":false},"author":53,"featured_media":709291,"comment_status":"open","ping_status":"open","sticky":false,"template":"","format":"standard","meta":{"_acf_changed":false,"footnotes":""},"categories":[60],"tags":[1264,39,53,11535,1422,366,242],"class_list":["post-709290","post","type-post","status-publish","format-standard","has-post-thumbnail","hentry","category-blog","tag-abogado","tag-derecho","tag-educacion","tag-fundadora-unifranz","tag-innovacion-en-educacion","tag-reconocimiento","tag-unifranz"],"acf":[],"_links":{"self":[{"href":"https:\/\/unifranz.edu.bo\/pt\/wp-json\/wp\/v2\/posts\/709290","targetHints":{"allow":["GET"]}}],"collection":[{"href":"https:\/\/unifranz.edu.bo\/pt\/wp-json\/wp\/v2\/posts"}],"about":[{"href":"https:\/\/unifranz.edu.bo\/pt\/wp-json\/wp\/v2\/types\/post"}],"author":[{"embeddable":true,"href":"https:\/\/unifranz.edu.bo\/pt\/wp-json\/wp\/v2\/users\/53"}],"replies":[{"embeddable":true,"href":"https:\/\/unifranz.edu.bo\/pt\/wp-json\/wp\/v2\/comments?post=709290"}],"version-history":[{"count":1,"href":"https:\/\/unifranz.edu.bo\/pt\/wp-json\/wp\/v2\/posts\/709290\/revisions"}],"predecessor-version":[{"id":709293,"href":"https:\/\/unifranz.edu.bo\/pt\/wp-json\/wp\/v2\/posts\/709290\/revisions\/709293"}],"wp:featuredmedia":[{"embeddable":true,"href":"https:\/\/unifranz.edu.bo\/pt\/wp-json\/wp\/v2\/media\/709291"}],"wp:attachment":[{"href":"https:\/\/unifranz.edu.bo\/pt\/wp-json\/wp\/v2\/media?parent=709290"}],"wp:term":[{"taxonomy":"category","embeddable":true,"href":"https:\/\/unifranz.edu.bo\/pt\/wp-json\/wp\/v2\/categories?post=709290"},{"taxonomy":"post_tag","embeddable":true,"href":"https:\/\/unifranz.edu.bo\/pt\/wp-json\/wp\/v2\/tags?post=709290"}],"curies":[{"name":"wp","href":"https:\/\/api.w.org\/{rel}","templated":true}]}}