{"id":709258,"date":"2025-10-26T19:25:18","date_gmt":"2025-10-26T23:25:18","guid":{"rendered":"https:\/\/unifranz.edu.bo\/?p=709258"},"modified":"2025-10-29T15:44:52","modified_gmt":"2025-10-29T19:44:52","slug":"talento-joven-impulsa-el-diseno","status":"publish","type":"post","link":"https:\/\/unifranz.edu.bo\/pt\/blog\/talento-joven-impulsa-el-diseno\/","title":{"rendered":"Talento joven impulsa el dise\u00f1o: Unifranz inaugura la muestra de carteles in\u00e9ditos de la Bienal 2025"},"content":{"rendered":"<div class=\"wp-block-post-author\"><div class=\"wp-block-post-author__avatar\"><img alt='' src='https:\/\/secure.gravatar.com\/avatar\/e83dacfa0953202430ef5fc66632429034dd4e72b9e95291520cc266ab20ee5c?s=48&#038;d=mm&#038;r=g' srcset='https:\/\/secure.gravatar.com\/avatar\/e83dacfa0953202430ef5fc66632429034dd4e72b9e95291520cc266ab20ee5c?s=96&#038;d=mm&#038;r=g 2x' class='avatar avatar-48 photo' height='48' width='48' \/><\/div><div class=\"wp-block-post-author__content\"><p class=\"wp-block-post-author__name\">Diego Andr\u00e9s Sabat<\/p><\/div><\/div>\n\n\n<p>La creatividad boliviana brill\u00f3 en Cochabamba. La noche del 23 de octubre, el paseo cultural Celsa Nogales de \u00c1greda, en el campus Cala Cala de Unifranz, se llen\u00f3 de color, ideas y reflexi\u00f3n visual con la inauguraci\u00f3n de la <strong>muestra de carteles in\u00e9ditos de la Bienal del Cartel Bolivia (BICeB\u00e9) 2025<\/strong>, uno de los eventos de dise\u00f1o m\u00e1s destacados de Latinoam\u00e9rica.<\/p>\n\n\n\n<p>La exposici\u00f3n permanecer\u00e1 abierta durante un mes. Re\u00fane obras de dise\u00f1adores nacionales e internacionales y resalta la participaci\u00f3n de <strong>19 estudiantes de las carreras de Dise\u00f1o Gr\u00e1fico y Producci\u00f3n Crossmedia, y de Publicidad y Marketing de Unifranz Cochabamba<\/strong>. Sus trabajos demuestran el talento joven que impulsa la innovaci\u00f3n, la sostenibilidad y el dise\u00f1o con prop\u00f3sito.<\/p>\n\n\n\n<h3 class=\"wp-block-heading\"><strong>Dise\u00f1o con prop\u00f3sito<\/strong><\/h3>\n\n\n\n<p>Durante el acto inaugural, el <strong>vicerrector de Unifranz Cochabamba, Rolando L\u00f3pez<\/strong>, destac\u00f3 que el campus se consolida como un espacio donde arte, ciencia y ciudadan\u00eda convergen para impulsar la creatividad con sentido.<br>\u201cEste paseo cultural es un laboratorio vivo de ciudadan\u00eda global, donde las ciencias, el arte y la cultura se encuentran para visibilizar el talento boliviano. Queremos promover un dise\u00f1o con prop\u00f3sito, capaz de generar impacto en la sociedad\u201d, afirm\u00f3.<\/p>\n\n\n\n<p>La muestra, <strong>curada por Alejandra Basta<\/strong>, directora de la carrera de <strong>Dise\u00f1o Gr\u00e1fico y Producci\u00f3n Crossmedia de Unifranz Cochabamba<\/strong>, presenta carteles seleccionados en la categor\u00eda in\u00e9dita de la Bienal. Los ejes tem\u00e1ticos \u2014<em>\u201cDesacelera para avanzar\u201d<\/em> y <em>\u201cLa segunda vida de las cosas\u201d<\/em>\u2014 invitan a reflexionar sobre la sostenibilidad y el valor del dise\u00f1o como herramienta de conciencia ambiental.<\/p>\n\n\n\n<h3 class=\"wp-block-heading\"><strong>Dise\u00f1adores bolivianos en el mapa mundial<\/strong><\/h3>\n\n\n\n<p>La <strong>directora de la Bienal del Cartel Bolivia, Susana Machicado<\/strong>, inform\u00f3 que la convocatoria internacional recibi\u00f3 <strong>m\u00e1s de 12.600 carteles de 91 pa\u00edses<\/strong>, de los cuales <strong>481 fueron seleccionados<\/strong> para la muestra principal.<br>\u201cCada obra es el testimonio de un tiempo y una sensibilidad. El cartel, en su sencillez y poder, sigue siendo una herramienta democr\u00e1tica para expresar ideas y construir identidad colectiva\u201d, explic\u00f3.<\/p>\n\n\n\n<h3 class=\"wp-block-heading\"><strong>Inspiraci\u00f3n y aprendizaje<\/strong><\/h3>\n\n\n\n<p>Entre los expositores, <strong>Jimena Gordillo<\/strong>, estudiante de Unifranz, relat\u00f3 que su participaci\u00f3n fue un reto y una experiencia transformadora.<br>\u201cSi no hubiera sido por el impulso de mis docentes y mentores, no me habr\u00eda animado a participar. Esta experiencia me ense\u00f1\u00f3 que el dise\u00f1o no solo es est\u00e9tica, es pensamiento que transforma\u201d, expres\u00f3.<\/p>\n\n\n\n<p>Su compa\u00f1ero <strong>Samuel Argote<\/strong> comparti\u00f3 su entusiasmo por la oportunidad.<br>\u201cPara m\u00ed es un honor y una alegr\u00eda saber que dos de mis obras fueron seleccionadas. Esta exposici\u00f3n nos motiva a seguir creando con prop\u00f3sito y a demostrar que el dise\u00f1o boliviano tiene mucho que decir al mundo\u201d, se\u00f1al\u00f3.<\/p>\n\n\n\n<h3 class=\"wp-block-heading\"><strong>Educaci\u00f3n y \u00e9tica creativa<\/strong><\/h3>\n\n\n\n<p>La <strong>rectora de Unifranz, Ver\u00f3nica \u00c1greda<\/strong>, reafirm\u00f3 el compromiso institucional con la formaci\u00f3n integral y \u00e9tica.<br>\u201cLa educaci\u00f3n del dise\u00f1o es una pr\u00e1ctica aplicada. No ense\u00f1amos a producir im\u00e1genes, sino a comprender su poder. Crear es tambi\u00e9n un acto de servicio\u201d, afirm\u00f3.<\/p>\n\n\n\n<h3 class=\"wp-block-heading\"><strong>Un mes para vivir el dise\u00f1o<\/strong><\/h3>\n\n\n\n<p>Con esta exposici\u00f3n, <strong>Unifranz reafirma su liderazgo en la formaci\u00f3n de profesionales creativos y comprometidos con su entorno<\/strong>. Su modelo educativo combina experiencia y acci\u00f3n, integrando aprendizaje con impacto real.<\/p>\n\n\n\n<p>La <strong>muestra de carteles in\u00e9ditos de la Bienal del Cartel Bolivia 2025<\/strong> permanecer\u00e1 abierta durante un mes en el <strong>Paseo Cultural Celsa Nogales de \u00c1greda<\/strong>, en el <strong>campus Cala Cala de Unifranz Cochabamba<\/strong>. El p\u00fablico podr\u00e1 recorrerla, reflexionar y celebrar el talento joven que proyecta el dise\u00f1o boliviano hacia el mundo.<\/p>","protected":false},"excerpt":{"rendered":"<p>La creatividad boliviana brill\u00f3 en Cochabamba. La noche del 23 de octubre, el paseo cultural Celsa Nogales de \u00c1greda, en el campus Cala Cala de Unifranz, se llen\u00f3 de color, ideas y reflexi\u00f3n visual con la inauguraci\u00f3n de la muestra de carteles in\u00e9ditos de la Bienal del Cartel Bolivia (BICeB\u00e9) 2025, uno de los eventos de dise\u00f1o m\u00e1s destacados de Latinoam\u00e9rica.<\/p>","protected":false},"author":27,"featured_media":709331,"comment_status":"open","ping_status":"open","sticky":false,"template":"","format":"standard","meta":{"_acf_changed":false,"footnotes":""},"categories":[60,5100,280,1782],"tags":[386,1422,218,242],"class_list":["post-709258","post","type-post","status-publish","format-standard","has-post-thumbnail","hentry","category-blog","category-bolivia","category-cochabamba","category-unifranz","tag-estudiantes","tag-innovacion-en-educacion","tag-tecnologia","tag-unifranz"],"acf":[],"_links":{"self":[{"href":"https:\/\/unifranz.edu.bo\/pt\/wp-json\/wp\/v2\/posts\/709258","targetHints":{"allow":["GET"]}}],"collection":[{"href":"https:\/\/unifranz.edu.bo\/pt\/wp-json\/wp\/v2\/posts"}],"about":[{"href":"https:\/\/unifranz.edu.bo\/pt\/wp-json\/wp\/v2\/types\/post"}],"author":[{"embeddable":true,"href":"https:\/\/unifranz.edu.bo\/pt\/wp-json\/wp\/v2\/users\/27"}],"replies":[{"embeddable":true,"href":"https:\/\/unifranz.edu.bo\/pt\/wp-json\/wp\/v2\/comments?post=709258"}],"version-history":[{"count":1,"href":"https:\/\/unifranz.edu.bo\/pt\/wp-json\/wp\/v2\/posts\/709258\/revisions"}],"predecessor-version":[{"id":709265,"href":"https:\/\/unifranz.edu.bo\/pt\/wp-json\/wp\/v2\/posts\/709258\/revisions\/709265"}],"wp:featuredmedia":[{"embeddable":true,"href":"https:\/\/unifranz.edu.bo\/pt\/wp-json\/wp\/v2\/media\/709331"}],"wp:attachment":[{"href":"https:\/\/unifranz.edu.bo\/pt\/wp-json\/wp\/v2\/media?parent=709258"}],"wp:term":[{"taxonomy":"category","embeddable":true,"href":"https:\/\/unifranz.edu.bo\/pt\/wp-json\/wp\/v2\/categories?post=709258"},{"taxonomy":"post_tag","embeddable":true,"href":"https:\/\/unifranz.edu.bo\/pt\/wp-json\/wp\/v2\/tags?post=709258"}],"curies":[{"name":"wp","href":"https:\/\/api.w.org\/{rel}","templated":true}]}}