{"id":709225,"date":"2025-10-24T15:12:58","date_gmt":"2025-10-24T19:12:58","guid":{"rendered":"https:\/\/unifranz.edu.bo\/?p=709225"},"modified":"2025-10-24T15:13:02","modified_gmt":"2025-10-24T19:13:02","slug":"movilidad-activa-el-impulso-hacia-ciudades-mas-humanas-y-sostenibles","status":"publish","type":"post","link":"https:\/\/unifranz.edu.bo\/pt\/blog\/movilidad-activa-el-impulso-hacia-ciudades-mas-humanas-y-sostenibles\/","title":{"rendered":"Movilidad activa: el impulso hacia ciudades m\u00e1s humanas y sostenibles"},"content":{"rendered":"<p>La movilidad activa se ha convertido en un eje fundamental para las ciudades del siglo XXI. Este concepto promueve el desplazamiento a trav\u00e9s de medios no motorizados, como la bicicleta o el caminar, priorizando la salud, la sostenibilidad y la inclusi\u00f3n. Adem\u00e1s de reducir la contaminaci\u00f3n y el tr\u00e1fico, fomenta la actividad f\u00edsica, la seguridad vial y el bienestar de las comunidades urbanas.<\/p>\n\n\n\n<p>En un contexto global donde las urbes buscan ser m\u00e1s verdes y habitables, la movilidad activa representa una oportunidad para transformar la forma en que las personas se conectan con su entorno. Al incentivar modos de transporte sostenibles, se fortalece la cohesi\u00f3n social y se impulsa el desarrollo de infraestructuras pensadas para las personas, no solo para los veh\u00edculos.<\/p>\n\n\n\n<p>Con ese prop\u00f3sito, estudiantes de la carrera de Arquitectura de la Universidad Franz Tamayo, Unifranz, sede Santa Cruz, desarrollaron el anteproyecto de la Ciclov\u00eda Intermunicipal Santa Cruz\u2013Porongo, una propuesta que busca conectar ambos municipios a trav\u00e9s de una v\u00eda exclusiva para ciclistas, a lo largo de un recorrido de aproximadamente 18 a 20 kil\u00f3metros.<\/p>\n\n\n\n<p>Este trabajo acad\u00e9mico promueve una movilidad m\u00e1s segura, inclusiva y sostenible, alineada con los Objetivos de Desarrollo Sostenible (ODS). El proyecto, elaborado bajo la metodolog\u00eda de \u201caprender haciendo\u201d que caracteriza a Unifranz, integr\u00f3 investigaci\u00f3n en campo, diagn\u00f3stico urbano y dise\u00f1o arquitect\u00f3nico enfocado en sostenibilidad, seguridad y accesibilidad.<\/p>\n\n\n\n<p>\u201cNos inspiramos en la inseguridad que enfrentan los ciclistas en la carretera de Porongo. Creemos firmemente que esta ciclov\u00eda transformar\u00e1 positivamente la experiencia de movilidad urbana y mejorar\u00e1 la calidad de vida en la regi\u00f3n\u201d, coment\u00f3 Neida Borda, estudiante de Arquitectura de Unifranz Santa Cruz.<\/p>\n\n\n\n<p>La iniciativa recibi\u00f3 el respaldo del Gobierno Aut\u00f3nomo Municipal de Porongo y la valoraci\u00f3n de organismos internacionales como ONU-H\u00e1bitat, que destac\u00f3 su contribuci\u00f3n al ODS 11 sobre ciudades y comunidades sostenibles.<\/p>\n\n\n\n<p>\u201cUna ciclov\u00eda bien dise\u00f1ada no debe ser solo recreativa, sino una alternativa real de transporte. Es loable que los estudiantes propongan soluciones factibles y sostenibles como esta\u201d, se\u00f1al\u00f3 Alan Vera, representante de ONU-H\u00e1bitat.<\/p>\n\n\n\n<p>Para Gabriel Garc\u00eda, director de la carrera de Arquitectura de Unifranz, el proyecto refleja el compromiso institucional con el desarrollo urbano sostenible y con la formaci\u00f3n de profesionales capaces de aportar soluciones reales. \u201cDesde la universidad trabajamos para que nuestros estudiantes vivan experiencias transformadoras, con impacto social y visi\u00f3n de futuro. Este anteproyecto es un ejemplo de c\u00f3mo la academia puede impulsar una movilidad activa que beneficie a toda la comunidad\u201d.<\/p>\n\n\n\n<p><strong>Congreso de Movilidad Activa<\/strong><\/p>\n\n\n\n<p>En ese mismo compromiso, Unifranz organiza el Congreso de Movilidad Activa, que se desarrollar\u00e1 este lunes 27 de octubre en el auditorio principal de la sede Santa Cruz. El prop\u00f3sito es promover el di\u00e1logo, el intercambio de experiencias y la formulaci\u00f3n de propuestas que fortalezcan el desarrollo urbano sostenible.<\/p>\n\n\n\n<p>El congreso reunir\u00e1 a expertos nacionales e internacionales como la Arq. Ruvi Su\u00e1rez Subirana (GIZ), quien abordar\u00e1 el urbanismo t\u00e1ctico en Porongo; el Arq. Alan Vera Velasco (ONU-H\u00e1bitat), que compartir\u00e1 experiencias de movilidad urbana en pa\u00edses andinos; y la Arq. Mar\u00eda Victoria Fern\u00e1ndez (Gobierno Aut\u00f3nomo Municipal de Santa Cruz), quien expondr\u00e1 sobre el Plan Maestro de Transporte No Motorizado. Adem\u00e1s, los estudiantes de Arquitectura de Unifranz presentar\u00e1n su propuesta de ciclov\u00eda intermunicipal Santa Cruz\u2013Porongo, consolidando el v\u00ednculo entre la academia, la planificaci\u00f3n urbana y la movilidad sostenible.<\/p>","protected":false},"excerpt":{"rendered":"<p>La movilidad activa se ha convertido en un eje fundamental para las ciudades del siglo XXI. Este concepto promueve el desplazamiento a trav\u00e9s de medios no motorizados, como la bicicleta o el caminar, priorizando la salud, la sostenibilidad y la inclusi\u00f3n. Adem\u00e1s de reducir la contaminaci\u00f3n y el tr\u00e1fico, fomenta la actividad f\u00edsica, la seguridad &hellip; <a href=\"https:\/\/unifranz.edu.bo\/pt\/blog\/movilidad-activa-el-impulso-hacia-ciudades-mas-humanas-y-sostenibles\/\">Continued<\/a><\/p>","protected":false},"author":33,"featured_media":709226,"comment_status":"open","ping_status":"open","sticky":false,"template":"","format":"standard","meta":{"_acf_changed":false,"footnotes":""},"categories":[2576,1884,60,2938],"tags":[428,1422,11166,242,3624],"class_list":["post-709225","post","type-post","status-publish","format-standard","has-post-thumbnail","hentry","category-unifranz-santa-cruz","category-arquitectura","category-blog","category-proyectos-integradores","tag-arquitectura","tag-innovacion-en-educacion","tag-proyectos-de-impacto","tag-unifranz","tag-unifranz-santa-cruz"],"acf":[],"_links":{"self":[{"href":"https:\/\/unifranz.edu.bo\/pt\/wp-json\/wp\/v2\/posts\/709225","targetHints":{"allow":["GET"]}}],"collection":[{"href":"https:\/\/unifranz.edu.bo\/pt\/wp-json\/wp\/v2\/posts"}],"about":[{"href":"https:\/\/unifranz.edu.bo\/pt\/wp-json\/wp\/v2\/types\/post"}],"author":[{"embeddable":true,"href":"https:\/\/unifranz.edu.bo\/pt\/wp-json\/wp\/v2\/users\/33"}],"replies":[{"embeddable":true,"href":"https:\/\/unifranz.edu.bo\/pt\/wp-json\/wp\/v2\/comments?post=709225"}],"version-history":[{"count":1,"href":"https:\/\/unifranz.edu.bo\/pt\/wp-json\/wp\/v2\/posts\/709225\/revisions"}],"predecessor-version":[{"id":709227,"href":"https:\/\/unifranz.edu.bo\/pt\/wp-json\/wp\/v2\/posts\/709225\/revisions\/709227"}],"wp:featuredmedia":[{"embeddable":true,"href":"https:\/\/unifranz.edu.bo\/pt\/wp-json\/wp\/v2\/media\/709226"}],"wp:attachment":[{"href":"https:\/\/unifranz.edu.bo\/pt\/wp-json\/wp\/v2\/media?parent=709225"}],"wp:term":[{"taxonomy":"category","embeddable":true,"href":"https:\/\/unifranz.edu.bo\/pt\/wp-json\/wp\/v2\/categories?post=709225"},{"taxonomy":"post_tag","embeddable":true,"href":"https:\/\/unifranz.edu.bo\/pt\/wp-json\/wp\/v2\/tags?post=709225"}],"curies":[{"name":"wp","href":"https:\/\/api.w.org\/{rel}","templated":true}]}}