{"id":709169,"date":"2025-10-22T15:59:10","date_gmt":"2025-10-22T19:59:10","guid":{"rendered":"https:\/\/unifranz.edu.bo\/?p=709169"},"modified":"2025-10-22T15:59:14","modified_gmt":"2025-10-22T19:59:14","slug":"tedx-2025-un-llamado-a-compartir-historias-poderosas","status":"publish","type":"post","link":"https:\/\/unifranz.edu.bo\/pt\/blog\/tedx-2025-un-llamado-a-compartir-historias-poderosas\/","title":{"rendered":"TEDx 2025: un llamado a compartir historias poderosas"},"content":{"rendered":"<p>Cada historia tiene poder y puede encender una chispa. Con esa convicci\u00f3n, la Universidad Franz Tamayo lanz\u00f3 la convocatoria para el TEDx Unifranz 2025, una nueva edici\u00f3n del evento que se ha consolidado como uno de los espacios m\u00e1s importantes para difundir ideas inspiradoras en Bolivia.&nbsp;<\/p>\n\n\n\n<p><\/p>\n\n\n\n<blockquote class=\"wp-block-quote is-layout-flow wp-block-quote-is-layout-flow\">\n<p>\u201cA trav\u00e9s de TEDx Unifranz 2025, la universidad impulsa la difusi\u00f3n de ideas que provocan, inspiran y movilizan. Su prop\u00f3sito es visibilizar voces capaces de transformar realidades, proyectando desde Bolivia ideas que dialogan con el mundo. En su quinta versi\u00f3n, el evento se consolida como una plataforma de alto impacto para promover una cultura donde los j\u00f3venes piensan cr\u00edticamente, lideran con prop\u00f3sito e innovan con conciencia social, en sinton\u00eda con la filosof\u00eda TED de \u201cideas worth spreading\u201d, explica Laura Poveda, coordinadora nacional de eventos internacionales de Unifranz.<\/p>\n<\/blockquote>\n\n\n\n<p><\/p>\n\n\n\n<p>Desde su primera versi\u00f3n, TEDx Unifranz ha sido m\u00e1s que una vitrina acad\u00e9mica. Se ha convertido en una plataforma de encuentro donde las ideas locales dialogan con desaf\u00edos globales. En gestiones anteriores, por sus escenarios pasaron artistas, cient\u00edficos, emprendedores y l\u00edderes sociales que, con sus testimonios, conectaron con p\u00fablicos diversos. Algunos de ellos vieron proyectadas sus propuestas m\u00e1s all\u00e1 del campus, logrando alianzas y visibilidad nacional.<\/p>\n\n\n\n<p><\/p>\n\n\n\n<p>Esta versi\u00f3n 2025, el encuentro invita a pensadores, emprendedores, docentes, artistas y j\u00f3venes innovadores a subir al escenario y compartir proyectos, visiones y experiencias capaces de generar un impacto positivo en la sociedad. Las postulaciones est\u00e1n abiertas.<\/p>\n\n\n\n<p><\/p>\n\n\n\n<h2 class=\"wp-block-heading\"><strong>Un espacio para amplificar voces<\/strong><\/h2>\n\n\n\n<p><\/p>\n\n\n\n<p>El formato TEDx, inspirado en las conocidas conferencias TED, busca promover \u201cideas que inspiran\u201d. En Unifranz, esa filosof\u00eda se traduce en la convicci\u00f3n de que el conocimiento, la creatividad y la empat\u00eda pueden transformar realidades. El evento combina pensamiento cr\u00edtico, innovaci\u00f3n y sensibilidad social, pilares que forman parte del modelo educativo de la universidad.<\/p>\n\n\n\n<p><\/p>\n\n\n\n<p>La convocatoria 2025 invita a quienes tienen una historia o propuesta significativa a presentarla ante un comit\u00e9 curador que evaluar\u00e1 su potencial inspirador y su relevancia. Los seleccionados recibir\u00e1n acompa\u00f1amiento y entrenamiento para construir charlas breves, precisas y emocionalmente potentes. Cada presentaci\u00f3n ser\u00e1 grabada y difundida para amplificar su alcance m\u00e1s all\u00e1 del evento.<\/p>\n\n\n\n<p><\/p>\n\n\n\n<p>En versiones anteriores, TEDx Unifranz reuni\u00f3 a figuras del arte, la tecnolog\u00eda, la salud y la cultura. Sus intervenciones abordaron desde la creatividad en la educaci\u00f3n hasta el poder de la resiliencia personal. M\u00e1s all\u00e1 de los aplausos, el evento dej\u00f3 un aprendizaje colectivo: todos tenemos algo que contar, y una historia bien contada puede cambiar la forma en que otros miran el mundo.<\/p>\n\n\n\n<p><\/p>\n\n\n\n<h2 class=\"wp-block-heading\"><strong>Qu\u00e9 propone la convocatoria 2025<\/strong><\/h2>\n\n\n\n<p><\/p>\n\n\n\n<p>TEDx Unifranz es una iniciativa independiente organizada con la licencia de TED. Busca dar voz a ideas poderosas que nacen en nuestra regi\u00f3n y que tienen el potencial de cambiar actitudes, vidas y realidades.<\/p>\n\n\n\n<p><\/p>\n\n\n\n<p>Por ello, Unifranz abri\u00f3 una convocatoria en busca de speakers apasionados que deseen ser parte de la versi\u00f3n 2025. Pueden participar quienes tengan una idea innovadora, inspiradora y relevante que pueda generar un impacto positivo en la sociedad.<\/p>\n\n\n\n<p><\/p>\n\n\n\n<p>En sus versiones anteriores, TEDx Unifranz se transform\u00f3 en un movimiento de inspiraci\u00f3n y pensamiento diverso, donde cient\u00edficos, artistas, emprendedores y j\u00f3venes innovadores compartieron ideas que tocaron vidas y encendieron conversaciones urgentes. Se escucharon relatos sobre el poder del arte para resistir, la palabra para sanar, la ciencia para crear oportunidades y la creatividad para reinventar futuros. Cada edici\u00f3n demostr\u00f3 que una sola idea bien contada puede cambiar miradas, cuestionar paradigmas y movilizar a una sociedad.<\/p>\n\n\n\n<p><\/p>\n\n\n\n<blockquote class=\"wp-block-quote is-layout-flow wp-block-quote-is-layout-flow\">\n<p>\u201cDe los nuevos speakers, Unifranz espera audacia, autenticidad y profundidad: ideas genuinas, relevantes y basadas en evidencia; propuestas que desaf\u00eden lo convencional y aporten a la construcci\u00f3n de un pa\u00eds m\u00e1s consciente, innovador y humano. TEDx Unifranz 2025 eleva la vara: busca voces que dejen huella, que generen conversaci\u00f3n significativa y que inspiren a audiencias locales y globales. Es, una vez m\u00e1s, el escenario donde Bolivia le habla al mundo\u2026 y el mundo escucha.\u201d, se\u00f1ala Poveda.<\/p>\n<\/blockquote>\n\n\n\n<p><\/p>\n\n\n\n<p>Las historias que deseen contar deben proponer una perspectiva original, con sustento en conocimiento, experiencias o investigaciones comprobables. Algo fundamental es que los participantes est\u00e9n dispuestos a compartir su visi\u00f3n en un formato din\u00e1mico y aut\u00e9ntico, alineado con el esp\u00edritu de TED: \u201cIdeas <em>Worth Spreading<\/em>\u201d.<\/p>\n\n\n\n<p><\/p>\n\n\n\n<h2 class=\"wp-block-heading\"><strong>Qu\u00e9 se pide y qu\u00e9 se ofrece<\/strong>&nbsp;<\/h2>\n\n\n\n<p><\/p>\n\n\n\n<p>Para ser parte lo primero es llenar el formulario de aplicaci\u00f3n disponible en: <a href=\"https:\/\/tedx.unifranz.edu.bo\/\">https:\/\/tedx.unifranz.edu.bo\/<\/a> . La convocatoria estar\u00e1 vigente hasta el 24 de octubre y la selecci\u00f3n de speakers se realizar\u00e1 el 27 del mismo mes. El evento como tal se realizar\u00e1 el 10 de diciembre.<\/p>\n\n\n\n<p><\/p>\n\n\n\n<figure class=\"wp-block-image size-full\"><img loading=\"lazy\" decoding=\"async\" width=\"850\" height=\"850\" src=\"https:\/\/unifranz.edu.bo\/wp-content\/uploads\/2025\/10\/QR-TEDEX.jpg\" alt=\"\" class=\"wp-image-709170\" srcset=\"https:\/\/unifranz.edu.bo\/wp-content\/uploads\/2025\/10\/QR-TEDEX.jpg 850w, https:\/\/unifranz.edu.bo\/wp-content\/uploads\/2025\/10\/QR-TEDEX-300x300.jpg 300w, https:\/\/unifranz.edu.bo\/wp-content\/uploads\/2025\/10\/QR-TEDEX-768x768.jpg 768w, https:\/\/unifranz.edu.bo\/wp-content\/uploads\/2025\/10\/QR-TEDEX-12x12.jpg 12w\" sizes=\"auto, (max-width: 850px) 100vw, 850px\" \/><figcaption class=\"wp-element-caption\">#image_title<\/figcaption><\/figure>\n\n\n\n<p><\/p>\n\n\n\n<p>Otro de los requisitos es asegurar que la charla cumpla con los est\u00e1ndares TEDx, estos son: contenido libre de fines comerciales o promocionales, ideas basadas en evidencias, ciencia, experiencias reales o investigaciones verificables, tem\u00e1ticas que no incluyan pseudociencia, coaching motivacional vac\u00edo o discursos polarizantes (religiosos o pol\u00edticos).<\/p>\n\n\n\n<p><\/p>\n\n\n\n<p>Por \u00faltimo, los aplicantes deben aceptar la cesi\u00f3n de derechos de difusi\u00f3n del contenido a TEDx Unifranz.<\/p>\n\n\n\n<p><\/p>\n\n\n\n<p>Quienes sean seleccionados recibir\u00e1n mentor\u00eda y coaching personalizado para estructurar y ensayar su charla. Tendr\u00e1n una grabaci\u00f3n profesional y difusi\u00f3n del video en las plataformas oficiales de TEDx. <\/p>\n\n\n\n<p><\/p>\n\n\n\n<p>Sin duda uno de los beneficios m\u00e1s importantes es la oportunidad de conectar con una audiencia diversa y una red global de innovadores y l\u00edderes de opini\u00f3n.<\/p>\n\n\n\n<p><\/p>\n\n\n\n<p>Participar en TEDx Unifranz es m\u00e1s que hablar en p\u00fablico: es tambi\u00e9n asumir un papel activo como multiplicador de ideas. Para ello, quienes aspiren a exponer deben asumir varios retos.<\/p>\n\n\n\n<p><\/p>\n\n\n\n<h2 class=\"wp-block-heading\"><strong>Inspirar desde la universidad<\/strong><\/h2>\n\n\n\n<p><\/p>\n\n\n\n<p>Desde la organizaci\u00f3n se destaca que TEDx Unifranz no solo es un escenario de exposici\u00f3n, sino tambi\u00e9n un ejercicio de formaci\u00f3n y liderazgo. Y es que el compromiso de Unifranz con este proyecto va m\u00e1s all\u00e1 del evento.&nbsp;<\/p>\n\n\n\n<p><\/p>\n\n\n\n<p>Se trata de impulsar un movimiento de aprendizaje continuo que une a estudiantes, profesionales y ciudadanos alrededor de un objetivo com\u00fan: transformar la sociedad a trav\u00e9s de las ideas. En un contexto donde la informaci\u00f3n abunda, pero el pensamiento profundo escasea, TEDx Unifranz se reafirma como un espacio donde las voces j\u00f3venes pueden adquirir fuerza y credibilidad.<\/p>\n\n\n\n<p><\/p>\n\n\n\n<p>En sus diferentes gestiones, el evento ha sido un laboratorio de innovaci\u00f3n y expresi\u00f3n. Ha permitido que nuevas generaciones de bolivianos compartan proyectos sociales, emprendimientos culturales o iniciativas tecnol\u00f3gicas que buscan soluciones reales a los desaf\u00edos del pa\u00eds. Con la edici\u00f3n 2025, Unifranz renueva su invitaci\u00f3n a mirar el futuro con creatividad y esperanza.<\/p>","protected":false},"excerpt":{"rendered":"<p>TEDx Unifranz 2025 invita a compartir ideas que inspiran y transforman. Postula y s\u00e9 parte de un movimiento que conecta Bolivia con el mundo.<\/p>","protected":false},"author":53,"featured_media":709171,"comment_status":"open","ping_status":"open","sticky":false,"template":"","format":"standard","meta":{"_acf_changed":false,"footnotes":""},"categories":[60],"tags":[53,1422,9396,218,4142,6949,242],"class_list":["post-709169","post","type-post","status-publish","format-standard","has-post-thumbnail","hentry","category-blog","tag-educacion","tag-innovacion-en-educacion","tag-inspirar-para-transformar","tag-tecnologia","tag-tedx-unifranz","tag-transformacion","tag-unifranz"],"acf":[],"_links":{"self":[{"href":"https:\/\/unifranz.edu.bo\/pt\/wp-json\/wp\/v2\/posts\/709169","targetHints":{"allow":["GET"]}}],"collection":[{"href":"https:\/\/unifranz.edu.bo\/pt\/wp-json\/wp\/v2\/posts"}],"about":[{"href":"https:\/\/unifranz.edu.bo\/pt\/wp-json\/wp\/v2\/types\/post"}],"author":[{"embeddable":true,"href":"https:\/\/unifranz.edu.bo\/pt\/wp-json\/wp\/v2\/users\/53"}],"replies":[{"embeddable":true,"href":"https:\/\/unifranz.edu.bo\/pt\/wp-json\/wp\/v2\/comments?post=709169"}],"version-history":[{"count":1,"href":"https:\/\/unifranz.edu.bo\/pt\/wp-json\/wp\/v2\/posts\/709169\/revisions"}],"predecessor-version":[{"id":709172,"href":"https:\/\/unifranz.edu.bo\/pt\/wp-json\/wp\/v2\/posts\/709169\/revisions\/709172"}],"wp:featuredmedia":[{"embeddable":true,"href":"https:\/\/unifranz.edu.bo\/pt\/wp-json\/wp\/v2\/media\/709171"}],"wp:attachment":[{"href":"https:\/\/unifranz.edu.bo\/pt\/wp-json\/wp\/v2\/media?parent=709169"}],"wp:term":[{"taxonomy":"category","embeddable":true,"href":"https:\/\/unifranz.edu.bo\/pt\/wp-json\/wp\/v2\/categories?post=709169"},{"taxonomy":"post_tag","embeddable":true,"href":"https:\/\/unifranz.edu.bo\/pt\/wp-json\/wp\/v2\/tags?post=709169"}],"curies":[{"name":"wp","href":"https:\/\/api.w.org\/{rel}","templated":true}]}}