{"id":709155,"date":"2025-10-22T09:59:48","date_gmt":"2025-10-22T13:59:48","guid":{"rendered":"https:\/\/unifranz.edu.bo\/?p=709155"},"modified":"2025-10-22T09:59:52","modified_gmt":"2025-10-22T13:59:52","slug":"unifranz-impulsa-soluciones-para-un-futuro-mas-sostenible-con-el-vii-congreso-internacional-de-neurociencia","status":"publish","type":"post","link":"https:\/\/unifranz.edu.bo\/pt\/blog\/unifranz-impulsa-soluciones-para-un-futuro-mas-sostenible-con-el-vii-congreso-internacional-de-neurociencia\/","title":{"rendered":"Unifranz impulsa soluciones para un futuro m\u00e1s sostenible con el VII Congreso Internacional de Neurociencia"},"content":{"rendered":"<p>Con el prop\u00f3sito de conectar la ciencia del cerebro con la educaci\u00f3n, la salud mental, la innovaci\u00f3n tecnol\u00f3gica y el bienestar humano, la Universidad Franz Tamayo, Unifranz, organiza el VII Congreso Internacional de Neurociencia, que este a\u00f1o se celebra bajo el lema \u201cNeurociencia Aplicada\u201d. El evento reunir\u00e1 a expertos internacionales, investigadores y profesionales de distintos campos para explorar c\u00f3mo el conocimiento neurocient\u00edfico puede transformar la manera en que vivimos, aprendemos y lideramos.<\/p>\n\n\n\n<blockquote class=\"wp-block-quote is-layout-flow wp-block-quote-is-layout-flow\">\n<p>\u201cBuscamos fomentar la puesta en pr\u00e1ctica de los progresos en neurociencia para el desarrollo profesional y la innovaci\u00f3n en \u00e1reas como la educaci\u00f3n, la salud mental y el comportamiento humano. Este congreso tiene una visi\u00f3n integral y basada en evidencia\u201d, explic\u00f3 James Robles, coordinador del Instituto de Neurociencia Unifranz (INU).<\/p>\n<\/blockquote>\n\n\n\n<p>El congreso, que contar\u00e1 con la participaci\u00f3n de especialistas de M\u00e9xico, Argentina, Ecuador, Rusia, Colombia, Brasil, Per\u00fa y Espa\u00f1a, abordar\u00e1 ejes tem\u00e1ticos de gran relevancia como neurodid\u00e1ctica y tecnolog\u00eda, neurociencia b\u00e1sica y cl\u00ednica, emoci\u00f3n y aprendizaje, investigaci\u00f3n e innovaci\u00f3n. Se presentar\u00e1n adem\u00e1s experiencias y proyectos innovadores como el Proyecto WAWA, una aplicaci\u00f3n dise\u00f1ada para facilitar la comunicaci\u00f3n de ni\u00f1os autistas no verbales, ejemplo del impacto social y tecnol\u00f3gico de la neurociencia aplicada.<\/p>\n\n\n\n<p>Entre los invitados internacionales destacan el Dr. Jos\u00e9 Luna Mu\u00f1oz (M\u00e9xico), reconocido por su trabajo en neurobiolog\u00eda del desarrollo y plasticidad; el Dr. Carlos M\u00edas (Argentina), especialista en neuropsicolog\u00eda b\u00e1sica; el Dr. Heber Condori Leandro (Rusia), investigador en neuromodulaci\u00f3n aplicada a la cardiolog\u00eda; y el Dr. Fabiano de Abreu Rodrigues (Brasil), referente en gen\u00f3mica y neurociencia cognitiva, entre otros.<\/p>\n\n\n\n<p>El INU, fundado en 2017, es un espacio pionero en investigaci\u00f3n, formaci\u00f3n e innovaci\u00f3n transdisciplinaria. Su misi\u00f3n es responder a los desaf\u00edos del siglo XXI desde la comprensi\u00f3n del cerebro y la cognici\u00f3n humana, integrar tecnolog\u00eda avanzada, formaci\u00f3n especializada y compromiso social.<\/p>\n\n\n\n<p>A trav\u00e9s de seis l\u00edneas de investigaci\u00f3n que abarcan desde la neuroeducaci\u00f3n hasta la neurotecnolog\u00eda y la neurociencia del liderazgo, el INU promueve soluciones cient\u00edficas aplicadas al bienestar humano y al desarrollo sostenible. La s\u00e9ptima edici\u00f3n del Congreso marcar\u00e1 un hito al presentar avances en neuroimagen, inteligencia artificial, neurorehabilitaci\u00f3n y educaci\u00f3n disruptiva, consolidando a Unifranz como un referente en la generaci\u00f3n de conocimiento neurocient\u00edfico en la regi\u00f3n.<\/p>\n\n\n\n<figure class=\"wp-block-image size-large\"><img loading=\"lazy\" decoding=\"async\" width=\"1024\" height=\"683\" src=\"https:\/\/unifranz.edu.bo\/wp-content\/uploads\/2025\/10\/484900009_1123318766482836_9070020611674273491_n-1024x683.jpg\" alt=\"\" class=\"wp-image-709157\" srcset=\"https:\/\/unifranz.edu.bo\/wp-content\/uploads\/2025\/10\/484900009_1123318766482836_9070020611674273491_n-1024x683.jpg 1024w, https:\/\/unifranz.edu.bo\/wp-content\/uploads\/2025\/10\/484900009_1123318766482836_9070020611674273491_n-300x200.jpg 300w, https:\/\/unifranz.edu.bo\/wp-content\/uploads\/2025\/10\/484900009_1123318766482836_9070020611674273491_n-768x512.jpg 768w, https:\/\/unifranz.edu.bo\/wp-content\/uploads\/2025\/10\/484900009_1123318766482836_9070020611674273491_n-1536x1025.jpg 1536w, https:\/\/unifranz.edu.bo\/wp-content\/uploads\/2025\/10\/484900009_1123318766482836_9070020611674273491_n-18x12.jpg 18w, https:\/\/unifranz.edu.bo\/wp-content\/uploads\/2025\/10\/484900009_1123318766482836_9070020611674273491_n.jpg 2048w\" sizes=\"auto, (max-width: 1024px) 100vw, 1024px\" \/><figcaption class=\"wp-element-caption\">James Robles es coordinador del Instituto de Neurociencia Unifranz<\/figcaption><\/figure>\n\n\n\n<blockquote class=\"wp-block-quote is-layout-flow wp-block-quote-is-layout-flow\">\n<p>\u201cEl saber m\u00e1s fuerte arranca en el cerebro, porque la neurociencia no es solo ciencia, es motor de cambio. Este congreso ofrece herramientas, conexiones y conocimientos que permiten crear soluciones reales desde la comprensi\u00f3n profunda de la mente humana\u201d, asegur\u00f3 Robles.<\/p>\n<\/blockquote>\n\n\n\n<p>Como cierre del evento, se realizar\u00e1 la presentaci\u00f3n oficial del libro \u201cNeuroeducaci\u00f3n e Innovaci\u00f3n Educativa: Teor\u00eda y Pr\u00e1ctica\u201d, una obra colectiva escrita por destacados investigadores internacionales: Fabiano de Abreu Agrela Rodrigues, Ninoska Ocampo Barba, Manuel Rojas Camacho, James Yhon Robles Pinto, Alejandro Zegarra Salda\u00f1a y Shirley V. Sandoval Arandia de Malky. El texto constituye un aporte fundamental a la reflexi\u00f3n y pr\u00e1ctica educativa desde la mirada neurocient\u00edfica.<\/p>\n\n\n\n<p>Con esta nueva versi\u00f3n del congreso, Unifranz reafirma su compromiso con la investigaci\u00f3n, la innovaci\u00f3n y la formaci\u00f3n de profesionales capaces de aplicar la neurociencia a los retos sociales y humanos de nuestro tiempo. La ciencia del cerebro, m\u00e1s que nunca, se convierte en el motor de un futuro sostenible y consciente.<\/p>","protected":false},"excerpt":{"rendered":"<p>Con el prop\u00f3sito de conectar la ciencia del cerebro con la educaci\u00f3n, la salud mental, la innovaci\u00f3n tecnol\u00f3gica y el bienestar humano, la Universidad Franz Tamayo, Unifranz, organiza el VII Congreso Internacional de Neurociencia, que este a\u00f1o se celebra bajo el lema \u201cNeurociencia Aplicada\u201d. El evento reunir\u00e1 a expertos internacionales, investigadores y profesionales de distintos &hellip; <a href=\"https:\/\/unifranz.edu.bo\/pt\/blog\/unifranz-impulsa-soluciones-para-un-futuro-mas-sostenible-con-el-vii-congreso-internacional-de-neurociencia\/\">Continued<\/a><\/p>","protected":false},"author":33,"featured_media":709156,"comment_status":"open","ping_status":"open","sticky":false,"template":"","format":"standard","meta":{"_acf_changed":false,"footnotes":""},"categories":[2576,60,2738],"tags":[1422,240,43,242,3624],"class_list":["post-709155","post","type-post","status-publish","format-standard","has-post-thumbnail","hentry","category-unifranz-santa-cruz","category-blog","category-neurociencia","tag-innovacion-en-educacion","tag-psicologia","tag-santa-cruz","tag-unifranz","tag-unifranz-santa-cruz"],"acf":[],"_links":{"self":[{"href":"https:\/\/unifranz.edu.bo\/pt\/wp-json\/wp\/v2\/posts\/709155","targetHints":{"allow":["GET"]}}],"collection":[{"href":"https:\/\/unifranz.edu.bo\/pt\/wp-json\/wp\/v2\/posts"}],"about":[{"href":"https:\/\/unifranz.edu.bo\/pt\/wp-json\/wp\/v2\/types\/post"}],"author":[{"embeddable":true,"href":"https:\/\/unifranz.edu.bo\/pt\/wp-json\/wp\/v2\/users\/33"}],"replies":[{"embeddable":true,"href":"https:\/\/unifranz.edu.bo\/pt\/wp-json\/wp\/v2\/comments?post=709155"}],"version-history":[{"count":1,"href":"https:\/\/unifranz.edu.bo\/pt\/wp-json\/wp\/v2\/posts\/709155\/revisions"}],"predecessor-version":[{"id":709158,"href":"https:\/\/unifranz.edu.bo\/pt\/wp-json\/wp\/v2\/posts\/709155\/revisions\/709158"}],"wp:featuredmedia":[{"embeddable":true,"href":"https:\/\/unifranz.edu.bo\/pt\/wp-json\/wp\/v2\/media\/709156"}],"wp:attachment":[{"href":"https:\/\/unifranz.edu.bo\/pt\/wp-json\/wp\/v2\/media?parent=709155"}],"wp:term":[{"taxonomy":"category","embeddable":true,"href":"https:\/\/unifranz.edu.bo\/pt\/wp-json\/wp\/v2\/categories?post=709155"},{"taxonomy":"post_tag","embeddable":true,"href":"https:\/\/unifranz.edu.bo\/pt\/wp-json\/wp\/v2\/tags?post=709155"}],"curies":[{"name":"wp","href":"https:\/\/api.w.org\/{rel}","templated":true}]}}