{"id":709147,"date":"2025-10-21T17:55:57","date_gmt":"2025-10-21T21:55:57","guid":{"rendered":"https:\/\/unifranz.edu.bo\/?p=709147"},"modified":"2025-10-21T17:56:00","modified_gmt":"2025-10-21T21:56:00","slug":"rompiendo-estigmas-al-volante-mujeres-desafian-el-machismo-en-el-transporte-publico-de-el-alto","status":"publish","type":"post","link":"https:\/\/unifranz.edu.bo\/pt\/blog\/rompiendo-estigmas-al-volante-mujeres-desafian-el-machismo-en-el-transporte-publico-de-el-alto\/","title":{"rendered":"Rompiendo estigmas al volante: mujeres desaf\u00edan el machismo en el transporte p\u00fablico de El Alto"},"content":{"rendered":"<p>En El Alto, Bolivia, el casi colapsado sistema de transporte tambi\u00e9n lleva consigo una historia de lucha. Detr\u00e1s del volante, mujeres conductoras desaf\u00edan no s\u00f3lo el tr\u00e1fico ca\u00f3tico, sino tambi\u00e9n los prejuicios y estigmas de g\u00e9nero que persisten en uno de los sectores laborales m\u00e1s masculinizados del pa\u00eds: el transporte p\u00fablico.<\/p>\n\n\n\n<p><\/p>\n\n\n\n<p>Este fue el punto de partida de la investigaci\u00f3n de un grupo de estudiantes de la carrera de Psicolog\u00eda de la Universidad Franz Tamayo. El trabajo, uno de los ganadores de las V Jornadas de Investigaci\u00f3n de Unifranz, desde la mirada de la psicolog\u00eda social se adentra en las experiencias de las mujeres conductoras alte\u00f1as para comprender c\u00f3mo los estigmas psicosociales influyen en su vida laboral y emocional.<\/p>\n\n\n\n<p><\/p>\n\n\n\n<blockquote class=\"wp-block-quote is-layout-flow wp-block-quote-is-layout-flow\">\n<p>\u201cEstas mujeres enfrentan estigmas sutiles pero persistentes, que van desde comentarios machistas hasta la preferencia sindical por los hombres. Aun as\u00ed, su resiliencia es admirable\u201d, explica la investigaci\u00f3n.<\/p>\n<\/blockquote>\n\n\n\n<p><\/p>\n\n\n\n<h2 class=\"wp-block-heading\"><strong>Un volante en manos femeninas<\/strong><\/h2>\n\n\n\n<p><\/p>\n\n\n\n<p>El equipo investigador, conformado por Oriana Jahel Cabrera, Erlan Julian Coariti, Diego Reynaldo Espejo, Jenny Jedcenia G\u00f3mez, Nayzeth Denisse Gonzales y Beba Alarc\u00f3n, bajo la tutor\u00eda del docente Edwin Pocoaca Machaca, propuso un enfoque cualitativo y fenomenol\u00f3gico, centrado en comprender las experiencias subjetivas de tres mujeres conductoras de minibuses.<\/p>\n\n\n\n<p><\/p>\n\n\n\n<p>A trav\u00e9s de entrevistas y observaci\u00f3n participante, el estudio logr\u00f3 adentrarse en el mundo laboral de estas trabajadoras, donde los estigmas psicosociales \u2014esos prejuicios invisibles que asocian la conducci\u00f3n con la fuerza y la masculinidad\u2014 a\u00fan marcan la diferencia.<\/p>\n\n\n\n<p><\/p>\n\n\n\n<p>Los hallazgos confirman que, aunque las mujeres no enfrentan barreras formales para ingresar al rubro, s\u00ed persisten actitudes machistas y discriminaci\u00f3n estructural, reflejadas en la preferencia sindical por los hombres y en frases despectivas como \u201cimilla, anda a cocinar\u201d o \u201cmujer ten\u00edas que ser\u201d.<\/p>\n\n\n\n<p><\/p>\n\n\n\n<p>Pero el coraz\u00f3n de la investigaci\u00f3n no est\u00e1 en la queja, sino en la resiliencia. Estas mujeres no solo soportan los estigmas: los convierten en motor.<\/p>\n\n\n\n<p><\/p>\n\n\n\n<h2 class=\"wp-block-heading\"><strong>Resiliencia al volante<\/strong><\/h2>\n\n\n\n<p><\/p>\n\n\n\n<p>El estudio destaca que las conductoras desarrollan una fortaleza emocional admirable. Sus principales fuentes de motivaci\u00f3n son sus familias y sus hijos, quienes representan la raz\u00f3n por la que se enfrentan cada d\u00eda a un entorno que a\u00fan las mira con prejuicio.<\/p>\n\n\n\n<p><\/p>\n\n\n\n<blockquote class=\"wp-block-quote is-layout-flow wp-block-quote-is-layout-flow\">\n<p>\u201cEstas mujeres mantienen una actitud profesional, no permiten que los comentarios afecten su autoestima. Han aprendido a manejar no solo los veh\u00edculos, sino tambi\u00e9n sus emociones\u201d, se\u00f1ala el informe.<\/p>\n<\/blockquote>\n\n\n\n<p><\/p>\n\n\n\n<p>Las estrategias de afrontamiento que emplean \u2014autorregulaci\u00f3n emocional, reevaluaci\u00f3n positiva y apoyo social\u2014 reflejan una inteligencia emocional profunda, una herramienta que las ayuda a equilibrar su vida laboral y personal en medio de las tensiones diarias del tr\u00e1fico y la discriminaci\u00f3n.<\/p>\n\n\n\n<p><\/p>\n\n\n\n<h2 class=\"wp-block-heading\"><strong>La psicolog\u00eda al servicio del cambio social<\/strong><\/h2>\n\n\n\n<p><\/p>\n\n\n\n<p>La importancia de esta investigaci\u00f3n trasciende los l\u00edmites acad\u00e9micos. Su valor radica en visibilizar a un grupo hist\u00f3ricamente invisibilizado y ofrecer evidencia que sirva como base para pol\u00edticas inclusivas y programas psicosociales que promuevan la equidad de g\u00e9nero.<\/p>\n\n\n\n<p><\/p>\n\n\n\n<p>Entre las principales recomendaciones del estudio se destacan: implementar talleres de sensibilizaci\u00f3n y equidad de g\u00e9nero en sindicatos de transporte, crear mecanismos confidenciales de denuncia para mujeres trabajadoras del sector, fortalecer redes de apoyo familiar y social que refuercen su bienestar emocional, desarrollar programas municipales de apoyo psicosocial y campa\u00f1as p\u00fablicas que visibilicen el rol femenino en el transporte.<\/p>\n\n\n\n<p><\/p>\n\n\n\n<p>Esa conexi\u00f3n humana, unida al enfoque psicol\u00f3gico y social del estudio, convierte a esta investigaci\u00f3n en una pieza clave para comprender la nueva realidad laboral de las mujeres bolivianas, que avanzan \u2014aunque a contracorriente\u2014 hacia la igualdad.<\/p>\n\n\n\n<p><\/p>\n\n\n\n<p>La investigaci\u00f3n no solo aporta el conocimiento, sino tambi\u00e9n visibiliza el coraje. Demuestra que la ciencia puede y debe mirar hacia la calle, hacia la vida real, hacia esas historias que construyen un pa\u00eds m\u00e1s igualitario.<\/p>","protected":false},"excerpt":{"rendered":"<p>En El Alto, mujeres al volante rompen estigmas y lideran un cambio social en el transporte p\u00fablico boliviano.<\/p>","protected":false},"author":53,"featured_media":709148,"comment_status":"open","ping_status":"open","sticky":false,"template":"","format":"standard","meta":{"_acf_changed":false,"footnotes":""},"categories":[60],"tags":[3076,53,47,3646,386,1422,11515,240,10151,242,11514],"class_list":["post-709147","post","type-post","status-publish","format-standard","has-post-thumbnail","hentry","category-blog","tag-aprende-haciendo","tag-educacion","tag-el-alto","tag-empoderamiento-femenino","tag-estudiantes","tag-innovacion-en-educacion","tag-mujeres-conductoras","tag-psicologia","tag-resiliencia-femenina","tag-unifranz","tag-v-jornadas-de-investigacion-unifranz"],"acf":[],"_links":{"self":[{"href":"https:\/\/unifranz.edu.bo\/pt\/wp-json\/wp\/v2\/posts\/709147","targetHints":{"allow":["GET"]}}],"collection":[{"href":"https:\/\/unifranz.edu.bo\/pt\/wp-json\/wp\/v2\/posts"}],"about":[{"href":"https:\/\/unifranz.edu.bo\/pt\/wp-json\/wp\/v2\/types\/post"}],"author":[{"embeddable":true,"href":"https:\/\/unifranz.edu.bo\/pt\/wp-json\/wp\/v2\/users\/53"}],"replies":[{"embeddable":true,"href":"https:\/\/unifranz.edu.bo\/pt\/wp-json\/wp\/v2\/comments?post=709147"}],"version-history":[{"count":1,"href":"https:\/\/unifranz.edu.bo\/pt\/wp-json\/wp\/v2\/posts\/709147\/revisions"}],"predecessor-version":[{"id":709149,"href":"https:\/\/unifranz.edu.bo\/pt\/wp-json\/wp\/v2\/posts\/709147\/revisions\/709149"}],"wp:featuredmedia":[{"embeddable":true,"href":"https:\/\/unifranz.edu.bo\/pt\/wp-json\/wp\/v2\/media\/709148"}],"wp:attachment":[{"href":"https:\/\/unifranz.edu.bo\/pt\/wp-json\/wp\/v2\/media?parent=709147"}],"wp:term":[{"taxonomy":"category","embeddable":true,"href":"https:\/\/unifranz.edu.bo\/pt\/wp-json\/wp\/v2\/categories?post=709147"},{"taxonomy":"post_tag","embeddable":true,"href":"https:\/\/unifranz.edu.bo\/pt\/wp-json\/wp\/v2\/tags?post=709147"}],"curies":[{"name":"wp","href":"https:\/\/api.w.org\/{rel}","templated":true}]}}