{"id":709144,"date":"2025-10-21T17:38:19","date_gmt":"2025-10-21T21:38:19","guid":{"rendered":"https:\/\/unifranz.edu.bo\/?p=709144"},"modified":"2025-10-21T17:38:23","modified_gmt":"2025-10-21T21:38:23","slug":"experiencia-laboral-la-brecha-que-las-universidades-deben-cerrar","status":"publish","type":"post","link":"https:\/\/unifranz.edu.bo\/pt\/blog\/experiencia-laboral-la-brecha-que-las-universidades-deben-cerrar\/","title":{"rendered":"Experiencia laboral: la brecha que las universidades deben cerrar"},"content":{"rendered":"<p>Ingresar al mercado laboral se ha convertido en un verdadero desaf\u00edo para los j\u00f3venes profesionales. El Estudio de Competencias Laborales en Bolivia &#8211; Marzo 2025, muestra un dato revelador: casi el 50 % de las vacantes exigen entre 1 y 5 a\u00f1os de experiencia previa, un requisito que deja fuera a miles de egresados que buscan su primer empleo formal.<\/p>\n\n\n\n<p><\/p>\n\n\n\n<blockquote class=\"wp-block-quote is-layout-flow wp-block-quote-is-layout-flow\">\n<p>\u201cLa exigencia de entre 1 y 5 a\u00f1os de experiencia previa constituye una barrera de entrada estructural que debemos atender de manera coordinada entre Estado, empresas y universidades\u201d, advierte Rafael Vidaurre, coordinador del Observatorio Nacional del Trabajo (ONT), parte del Centro de Pensamiento Estrat\u00e9gico de la Universidad Franz Tamayo, Unifranz,&nbsp;<\/p>\n<\/blockquote>\n\n\n\n<p><\/p>\n\n\n\n<p>El informe, realizado por el ONT, detalla que, adem\u00e1s de los j\u00f3venes, este requisito afecta a mujeres en procesos de reinserci\u00f3n laboral y a grupos con trayectorias discontinuas.<\/p>\n\n\n\n<p><\/p>\n\n\n\n<p>La mayor\u00eda de las oportunidades laborales se concentran en el nivel operativo (83,7 %), donde predominan empleos de bajo o mediano valor agregado. Esta situaci\u00f3n, sumada a la terciarizaci\u00f3n de la econom\u00eda, genera un mercado que demanda pr\u00e1ctica antes que potencial.&nbsp;<\/p>\n\n\n\n<p><\/p>\n\n\n\n<blockquote class=\"wp-block-quote is-layout-flow wp-block-quote-is-layout-flow\">\n<p>\u201cSin mecanismos que faciliten el tr\u00e1nsito de la formaci\u00f3n acad\u00e9mica al empleo, los egresados seguir\u00e1n enfrentando dificultades para competir en un mercado que privilegia la pr\u00e1ctica sobre el conocimiento te\u00f3rico\u201d, sostiene Vidaurre.<\/p>\n<\/blockquote>\n\n\n\n<p><\/p>\n\n\n\n<p>El desaf\u00edo tambi\u00e9n recae en la educaci\u00f3n superior. La licenciatura es el nivel m\u00e1s solicitado por los empleadores, pero m\u00e1s del 60 % de los graduados se concentran en \u00e1reas como derecho, administraci\u00f3n y ciencias sociales, mientras que la demanda t\u00e9cnica e industrial no encuentra suficiente respuesta.&nbsp;<\/p>\n\n\n\n<p><\/p>\n\n\n\n<p>Marcelo Olgu\u00edn, gerente de la C\u00e1mara Nacional de Exportadores de Bolivia (Caneb), se\u00f1ala que \u201cnecesitamos que los estudiantes salgan de las aulas e interact\u00faen con el mundo real para complementar sus conocimientos\u201d, resaltando que la pr\u00e1ctica sigue siendo el aspecto menos abordado en la formaci\u00f3n universitaria.<\/p>\n\n\n\n<p><\/p>\n\n\n\n<p>Vidaurre enfatiza que, si bien las universidades cumplen con transmitir conocimientos, a\u00fan falta un puente hacia la pr\u00e1ctica. \u201cLa educaci\u00f3n superior tiende a enfocarse m\u00e1s en la teor\u00eda que en la pr\u00e1ctica. La integraci\u00f3n de pasant\u00edas, proyectos colaborativos con empresas y programas de aprendizaje basado en la experiencia es clave para preparar mejor a los estudiantes para sus futuras carreras\u201d.<\/p>\n\n\n\n<p><\/p>\n\n\n\n<p><strong>Aprender haciendo: la clave para el debut profesional<\/strong><\/p>\n\n\n\n<p>El enfoque de \u201caprender haciendo\u201d surge como alternativa para reducir la brecha de experiencia. La evidencia muestra que los estudiantes que adquieren pr\u00e1ctica real durante su etapa universitaria logran insertarse m\u00e1s r\u00e1pido y con mayor confianza en el mercado laboral.<\/p>\n\n\n\n<p><\/p>\n\n\n\n<p>Erick Gustavo Monta\u00f1o, vicerrector acad\u00e9mico nacional de la Universidad Franz Tamayo Unifranz, sostiene que \u201caprender haciendo es esencial, porque permite que los estudiantes desarrollen competencias reales, graduarse con una mentalidad resolutiva, habilidades t\u00e9cnicas consolidadas y, sobre todo, con experiencias que los preparan para integrarse con \u00e9xito al mundo laboral\u201d.<\/p>\n\n\n\n<p><\/p>\n\n\n\n<p>La Organizaci\u00f3n para la Cooperaci\u00f3n y el Desarrollo Econ\u00f3micos (OCDE) respalda este enfoque: en promedio, los egresados con pasant\u00edas o pr\u00e1cticas encuentran empleo un 30 % m\u00e1s r\u00e1pido que aquellos que no cuentan con experiencia previa.<\/p>\n\n\n\n<p><\/p>\n\n\n\n<blockquote class=\"wp-block-quote is-layout-flow wp-block-quote-is-layout-flow\">\n<p>Para Pablo Ardaya, director nacional de Capital Humano en Unifranz, la experiencia se construye no solo en el trabajo formal, sino tambi\u00e9n en actividades extracurriculares: \u201cCuando un estudiante participa en ferias, sociedades cient\u00edficas o proyectos universitarios, est\u00e1 generando experiencia que el mercado laboral valora\u201d.<\/p>\n<\/blockquote>\n\n\n\n<p><\/p>\n\n\n\n<p>La pr\u00e1ctica no solo fortalece competencias t\u00e9cnicas, tambi\u00e9n desarrolla habilidades blandas como resiliencia, comunicaci\u00f3n y liderazgo, hoy consideradas fundamentales para el \u00e9xito profesional.&nbsp;<\/p>\n\n\n\n<p><\/p>\n\n\n\n<blockquote class=\"wp-block-quote is-layout-flow wp-block-quote-is-layout-flow\">\n<p>En palabras de Vidaurre: \u201cLos nuevos profesionales deber\u00edan egresar con una combinaci\u00f3n de competencias t\u00e9cnicas y blandas. Ese equilibrio es lo que aumenta sus oportunidades de empleabilidad\u201d.<\/p>\n<\/blockquote>\n\n\n\n<p><\/p>\n\n\n\n<p>El reto para las universidades bolivianas es claro: cerrar la brecha entre formaci\u00f3n y empleo. Institucionalizar pasant\u00edas obligatorias, fomentar modelos de aprendizaje dual y redise\u00f1ar los curr\u00edculos para incorporar experiencias pr\u00e1cticas son pasos urgentes. Porque, como concluye Monta\u00f1o, \u201cla mejor forma de aprender es vivir lo que se estudia\u201d.<\/p>","protected":false},"excerpt":{"rendered":"<p>Casi el 50% de las vacantes exigen experiencia previa. \u00bfC\u00f3mo pueden las universidades preparar mejor a sus egresados?<\/p>","protected":false},"author":49,"featured_media":709145,"comment_status":"open","ping_status":"open","sticky":false,"template":"","format":"standard","meta":{"_acf_changed":false,"footnotes":""},"categories":[60],"tags":[2940,11513,6871,2962,1422,11512,7916,1168,218,242],"class_list":["post-709144","post","type-post","status-publish","format-standard","has-post-thumbnail","hentry","category-blog","tag-aprender-haciendo","tag-aprendizaje-dual","tag-experiencia-laboral","tag-habilidades-blandas","tag-innovacion-en-educacion","tag-ocde","tag-ont","tag-pasantias-y-practicas","tag-tecnologia","tag-unifranz"],"acf":[],"_links":{"self":[{"href":"https:\/\/unifranz.edu.bo\/pt\/wp-json\/wp\/v2\/posts\/709144","targetHints":{"allow":["GET"]}}],"collection":[{"href":"https:\/\/unifranz.edu.bo\/pt\/wp-json\/wp\/v2\/posts"}],"about":[{"href":"https:\/\/unifranz.edu.bo\/pt\/wp-json\/wp\/v2\/types\/post"}],"author":[{"embeddable":true,"href":"https:\/\/unifranz.edu.bo\/pt\/wp-json\/wp\/v2\/users\/49"}],"replies":[{"embeddable":true,"href":"https:\/\/unifranz.edu.bo\/pt\/wp-json\/wp\/v2\/comments?post=709144"}],"version-history":[{"count":1,"href":"https:\/\/unifranz.edu.bo\/pt\/wp-json\/wp\/v2\/posts\/709144\/revisions"}],"predecessor-version":[{"id":709146,"href":"https:\/\/unifranz.edu.bo\/pt\/wp-json\/wp\/v2\/posts\/709144\/revisions\/709146"}],"wp:featuredmedia":[{"embeddable":true,"href":"https:\/\/unifranz.edu.bo\/pt\/wp-json\/wp\/v2\/media\/709145"}],"wp:attachment":[{"href":"https:\/\/unifranz.edu.bo\/pt\/wp-json\/wp\/v2\/media?parent=709144"}],"wp:term":[{"taxonomy":"category","embeddable":true,"href":"https:\/\/unifranz.edu.bo\/pt\/wp-json\/wp\/v2\/categories?post=709144"},{"taxonomy":"post_tag","embeddable":true,"href":"https:\/\/unifranz.edu.bo\/pt\/wp-json\/wp\/v2\/tags?post=709144"}],"curies":[{"name":"wp","href":"https:\/\/api.w.org\/{rel}","templated":true}]}}