{"id":709140,"date":"2025-10-21T17:33:06","date_gmt":"2025-10-21T21:33:06","guid":{"rendered":"https:\/\/unifranz.edu.bo\/?p=709140"},"modified":"2025-10-21T17:33:09","modified_gmt":"2025-10-21T21:33:09","slug":"el-arte-y-el-diseno-motores-de-cambio-social","status":"publish","type":"post","link":"https:\/\/unifranz.edu.bo\/pt\/blog\/el-arte-y-el-diseno-motores-de-cambio-social\/","title":{"rendered":"El arte y el dise\u00f1o: motores de cambio social"},"content":{"rendered":"<p>A lo largo de la historia, el arte y el dise\u00f1o han sido m\u00e1s que expresiones est\u00e9ticas: se han convertido en herramientas de transformaci\u00f3n, denuncia y resistencia. Desde los grabados que acompa\u00f1aron revoluciones hasta los carteles que dieron rostro a causas sociales, estas disciplinas han servido para amplificar voces, cuestionar estructuras y proponer nuevos imaginarios. En cada trazo, color o forma, el arte y el dise\u00f1o comunican aquello que a veces las palabras no pueden decir. Y es precisamente en esa capacidad simb\u00f3lica donde radica su fuerza transformadora: el poder de visibilizar lo invisible e impulsar el cambio social desde la sensibilidad y la creatividad.<\/p>\n\n\n\n<p><\/p>\n\n\n\n<blockquote class=\"wp-block-quote is-layout-flow wp-block-quote-is-layout-flow\">\n<p>\u201cYo creo que el arte y el dise\u00f1o van de la mano con las causas sociales. Siempre han acompa\u00f1ado las luchas desde el inicio de la historia. Son un parteaguas importante para todos los creadores, porque les da sentido y pertenencia en los movimientos sociales\u201d, afirm\u00f3 Jorge Gamboa, dise\u00f1ador gr\u00e1fico mexicano reconocido mundialmente por su c\u00e9lebre cartel \u201cPlanet or Plastic?\u201d, durante su charla en el marco de la Bienal del Cartel Bolivia (BICeB\u00e9) 2025.<\/p>\n<\/blockquote>\n\n\n\n<p><\/p>\n\n\n\n<p>Gamboa fue uno de los invitados especiales de la edici\u00f3n m\u00e1s reciente de la BICeB\u00e9, donde comparti\u00f3 su experiencia y visi\u00f3n tanto en La Paz como en Cochabamba, ante cientos de estudiantes, dise\u00f1adores y docentes. En sus conferencias \u2014tituladas El arte y la comunicaci\u00f3n como factor de cambio\u2014 explor\u00f3 c\u00f3mo la imagen, el s\u00edmbolo y la met\u00e1fora pueden convertirse en veh\u00edculos poderosos de conciencia colectiva.&nbsp;<\/p>\n\n\n\n<p><\/p>\n\n\n\n<blockquote class=\"wp-block-quote is-layout-flow wp-block-quote-is-layout-flow\">\n<p>\u201cEl arte es un lenguaje universal\u201d, destac\u00f3. \u201cTiene la capacidad de expresar lo que las palabras no alcanzan. Todo comunica: los gestos, los colores, las texturas. Y es en esa comunicaci\u00f3n donde empieza la transformaci\u00f3n\u201d.<\/p>\n<\/blockquote>\n\n\n\n<p><\/p>\n\n\n\n<p>Para Gamboa, el arte y el dise\u00f1o no solo reflejan su tiempo, sino que lo reinterpretan y moldean. En su discurso, record\u00f3 que muchas obras se convirtieron en emblemas universales: desde el Guernica de Picasso, que denunci\u00f3 los horrores de la guerra, hasta los murales de Diego Rivera o los carteles del Taller de Gr\u00e1fica Popular en M\u00e9xico, que defendieron causas campesinas.&nbsp;<\/p>\n\n\n\n<p><\/p>\n\n\n\n<blockquote class=\"wp-block-quote is-layout-flow wp-block-quote-is-layout-flow\">\n<p>\u201cLa imagen ayuda a hacer visible lo invisible. Ese es el m\u00e9rito del creador: manifestar lo que parece imposible de manifestar\u201d, sostuvo.<\/p>\n\n\n\n<p><\/p>\n<\/blockquote>\n\n\n\n<figure class=\"wp-block-embed is-type-video is-provider-youtube wp-block-embed-youtube wp-embed-aspect-16-9 wp-has-aspect-ratio\"><div class=\"wp-block-embed__wrapper\">\n<iframe loading=\"lazy\" title=\"El arte y el dise\u00f1o: motores de cambio social\" width=\"500\" height=\"281\" src=\"https:\/\/www.youtube.com\/embed\/AqNCp6J2HwY?feature=oembed\" frameborder=\"0\" allow=\"accelerometer; autoplay; clipboard-write; encrypted-media; gyroscope; picture-in-picture; web-share\" referrerpolicy=\"strict-origin-when-cross-origin\" allowfullscreen><\/iframe>\n<\/div><\/figure>\n\n\n\n<p><\/p>\n\n\n\n<p>La Bienal Internacional del Cartel en Bolivia (BICeB\u00e9) se ha consolidado como uno de los espacios de dise\u00f1o m\u00e1s importantes de Am\u00e9rica Latina. No solo es una vitrina de talento, sino tambi\u00e9n una escuela viva de pensamiento visual donde convergen la creatividad, la reflexi\u00f3n y el compromiso social. En este escenario, la Universidad Franz Tamayo, Unifranz, tuvo un papel fundamental como una de las sedes y organizadoras del evento.<\/p>\n\n\n\n<p><\/p>\n\n\n\n<p>Sus campus en La Paz y Cochabamba albergaron talleres, charlas y exposiciones de destacados dise\u00f1adores internacionales, entre ellos Gamboa. La colaboraci\u00f3n reafirma el compromiso de Unifranz con la innovaci\u00f3n educativa, la formaci\u00f3n transformadora y la proyecci\u00f3n global de sus estudiantes. En palabras de los organizadores, la universidad promueve una educaci\u00f3n donde el arte y el dise\u00f1o no son s\u00f3lo disciplinas t\u00e9cnicas, sino tambi\u00e9n herramientas para imaginar un mundo m\u00e1s justo, inclusivo y sostenible.<\/p>\n\n\n\n<p><\/p>\n\n\n\n<p><strong>El arte trasciende \u00e9pocas y fronteras<\/strong><\/p>\n\n\n\n<p>El dise\u00f1ador, conocido tambi\u00e9n por su seud\u00f3nimo art\u00edstico Mal de Ojo, reflexion\u00f3 sobre la atemporalidad del arte. A su juicio, una obra aut\u00e9ntica trasciende \u00e9pocas y fronteras.&nbsp;<\/p>\n\n\n\n<p><\/p>\n\n\n\n<blockquote class=\"wp-block-quote is-layout-flow wp-block-quote-is-layout-flow\">\n<p>\u201cCualquier pieza art\u00edstica se convierte en un mito, en un s\u00edmbolo. Deja de pertenecer a su \u00e9poca y se transforma en algo universal\u201d, explic\u00f3. As\u00ed, el arte no s\u00f3lo documenta la realidad, sino que la cuestiona, la reinterpreta y, muchas veces, la transforma.<\/p>\n<\/blockquote>\n\n\n\n<p><\/p>\n\n\n\n<p>Durante su ponencia, Gamboa record\u00f3 ejemplos emblem\u00e1ticos donde el arte se convirti\u00f3 en un acto de resistencia: las pinturas de Norman Rockwell contra el racismo, las canciones de Mercedes Sosa y V\u00edctor Jara que dieron voz a los silenciados, o los movimientos de arte gr\u00e1fico en M\u00e9xico que denunciaron la represi\u00f3n de 1968. En todos estos casos, la creatividad visual no fue solo acompa\u00f1ante del cambio, sino su catalizador.&nbsp;<\/p>\n\n\n\n<p><\/p>\n\n\n\n<blockquote class=\"wp-block-quote is-layout-flow wp-block-quote-is-layout-flow\">\n<p>\u201cEl arte puede ser la herramienta m\u00e1s poderosa para construir conciencia colectiva. Desde la m\u00fasica hasta el dise\u00f1o gr\u00e1fico, todo puede inspirar una revoluci\u00f3n interior y social\u201d, asegur\u00f3.<\/p>\n<\/blockquote>\n\n\n\n<p><\/p>\n\n\n\n<p>Su propia experiencia es prueba de ello. En 2018, Gamboa alcanz\u00f3 reconocimiento global cuando su cartel \u201cPlanet or Plastic?\u201d, que muestra una bolsa de pl\u00e1stico convertida en un iceberg, fue portada de National Geographic. La imagen se volvi\u00f3 viral y se transform\u00f3 en s\u00edmbolo de la lucha contra la contaminaci\u00f3n oce\u00e1nica.&nbsp;<\/p>\n\n\n\n<p><\/p>\n\n\n\n<blockquote class=\"wp-block-quote is-layout-flow wp-block-quote-is-layout-flow\">\n<p>\u201cEl poder del arte radica en su capacidad de comunicaci\u00f3n inmediata. Si una imagen logra que alguien piense dos veces antes de usar una botella pl\u00e1stica, ya provoc\u00f3 un cambio\u201d, coment\u00f3 el artista. Su obra, reproducida en m\u00e1s de veinte idiomas, fue catalogada por The New York Times como una de las portadas m\u00e1s ic\u00f3nicas del siglo XXI.<\/p>\n<\/blockquote>\n\n\n\n<p><\/p>\n\n\n\n<p>Para Gamboa, el arte es tambi\u00e9n una forma de resistencia desde el amor. \u201cPareciera que las revoluciones solo se hacen en guerra, pero el acto m\u00e1s poderoso es resistir desde el amor. Crear desde el dolor, como lo hizo Frida Kahlo, o desde la esperanza, como lo hizo Sixto Rodr\u00edguez, tambi\u00e9n es cambiar el mundo\u201d, dijo. En su visi\u00f3n, el dise\u00f1o y el arte son lenguajes distintos, pero complementarios: el primero busca resolver problemas, el segundo busca interpretarlos; juntos pueden reconfigurar la manera en que una sociedad se entiende a s\u00ed misma.<\/p>\n\n\n\n<p><\/p>\n\n\n\n<p>El dise\u00f1ador anim\u00f3 a los j\u00f3venes a observar su entorno y conectar con lo esencial. \u201cCuando quieras dar un mensaje fuerte y eficaz, s\u00e9 lo m\u00e1s primitivo posible. Lo m\u00e1s b\u00e1sico. Lo m\u00e1s honesto. La conexi\u00f3n con tu entorno es la forma m\u00e1s sincera de comunicar\u201d, recomend\u00f3. En tiempos de sobreinformaci\u00f3n y crisis global, esa autenticidad, dijo, se convierte en una forma de resistencia creativa.<\/p>","protected":false},"excerpt":{"rendered":"<p>El arte y el dise\u00f1o son motores de cambio social: comunican, inspiran y transforman realidades desde la creatividad y la sensibilidad.<\/p>","protected":false},"author":49,"featured_media":709141,"comment_status":"open","ping_status":"open","sticky":false,"template":"","format":"standard","meta":{"_acf_changed":false,"footnotes":""},"categories":[60],"tags":[244,11511,11455,11510,412,6356,1422,104,242,11509],"class_list":["post-709140","post","type-post","status-publish","format-standard","has-post-thumbnail","hentry","category-blog","tag-arte","tag-autenticidad","tag-bicebe-2025","tag-causas-sociales","tag-creatividad","tag-diseno-grafico-y-produccion-cross-media","tag-innovacion-en-educacion","tag-publicidad-y-marketing","tag-unifranz","tag-unifranz-es-bicebe-2025"],"acf":[],"_links":{"self":[{"href":"https:\/\/unifranz.edu.bo\/pt\/wp-json\/wp\/v2\/posts\/709140","targetHints":{"allow":["GET"]}}],"collection":[{"href":"https:\/\/unifranz.edu.bo\/pt\/wp-json\/wp\/v2\/posts"}],"about":[{"href":"https:\/\/unifranz.edu.bo\/pt\/wp-json\/wp\/v2\/types\/post"}],"author":[{"embeddable":true,"href":"https:\/\/unifranz.edu.bo\/pt\/wp-json\/wp\/v2\/users\/49"}],"replies":[{"embeddable":true,"href":"https:\/\/unifranz.edu.bo\/pt\/wp-json\/wp\/v2\/comments?post=709140"}],"version-history":[{"count":1,"href":"https:\/\/unifranz.edu.bo\/pt\/wp-json\/wp\/v2\/posts\/709140\/revisions"}],"predecessor-version":[{"id":709142,"href":"https:\/\/unifranz.edu.bo\/pt\/wp-json\/wp\/v2\/posts\/709140\/revisions\/709142"}],"wp:featuredmedia":[{"embeddable":true,"href":"https:\/\/unifranz.edu.bo\/pt\/wp-json\/wp\/v2\/media\/709141"}],"wp:attachment":[{"href":"https:\/\/unifranz.edu.bo\/pt\/wp-json\/wp\/v2\/media?parent=709140"}],"wp:term":[{"taxonomy":"category","embeddable":true,"href":"https:\/\/unifranz.edu.bo\/pt\/wp-json\/wp\/v2\/categories?post=709140"},{"taxonomy":"post_tag","embeddable":true,"href":"https:\/\/unifranz.edu.bo\/pt\/wp-json\/wp\/v2\/tags?post=709140"}],"curies":[{"name":"wp","href":"https:\/\/api.w.org\/{rel}","templated":true}]}}