{"id":709128,"date":"2025-10-21T11:57:15","date_gmt":"2025-10-21T15:57:15","guid":{"rendered":"https:\/\/unifranz.edu.bo\/?p=709128"},"modified":"2025-10-21T12:04:34","modified_gmt":"2025-10-21T16:04:34","slug":"guardianes-verdes-cochabamba","status":"publish","type":"post","link":"https:\/\/unifranz.edu.bo\/pt\/blog\/guardianes-verdes-cochabamba\/","title":{"rendered":"Guardianes Verdes: Cochabamba inicia su transformaci\u00f3n ambiental con la primera jornada de Ciudades Verdes"},"content":{"rendered":"<div class=\"wp-block-post-author\"><div class=\"wp-block-post-author__avatar\"><img alt='' src='https:\/\/secure.gravatar.com\/avatar\/e83dacfa0953202430ef5fc66632429034dd4e72b9e95291520cc266ab20ee5c?s=48&#038;d=mm&#038;r=g' srcset='https:\/\/secure.gravatar.com\/avatar\/e83dacfa0953202430ef5fc66632429034dd4e72b9e95291520cc266ab20ee5c?s=96&#038;d=mm&#038;r=g 2x' class='avatar avatar-48 photo' height='48' width='48' \/><\/div><div class=\"wp-block-post-author__content\"><p class=\"wp-block-post-author__name\">Diego Andr\u00e9s Sabat<\/p><\/div><\/div>\n\n\n<p>Octubre lleg\u00f3 distinto a Cochabamba. Despu\u00e9s de a\u00f1os marcados por la sequ\u00eda, el cielo se abri\u00f3 antes de tiempo y las lluvias sorprendieron a la ciudad con un respiro verde. las primeras gotas, como buen augurio, acompa\u00f1aron a los guardianes verdes en su tarea de devolver la vida a la tierra., el clima tambi\u00e9n decidi\u00f3 acompa\u00f1arlos.<\/p>\n\n\n\n<p>En ese escenario simb\u00f3lico, el Parque Queru-Queru del Distrito 12 fue el punto de partida de la primera jornada de arborizaci\u00f3n de Ciudades Verdes. El proyecto impulsado por Unifranz, Water for People y el Gobierno Aut\u00f3nomo Municipal de Cochabamba, busca recuperar la esencia de la Ciudad Jard\u00edn a trav\u00e9s de la acci\u00f3n ciudadana y el compromiso ambiental.<\/p>\n\n\n\n<p><strong>Una nueva ra\u00edz para Cochabamba<\/strong><\/p>\n\n\n\n<p>\u201cHoy es el d\u00eda uno. Para nosotros como alcald\u00eda es muy importante ver el compromiso de los Guardianes Verdes y de la academia de Unifranz. El trabajo en equipo siempre suma, y qu\u00e9 lindo comenzar este proyecto en un espacio tan representativo para la ciudad\u201d, expres\u00f3 Bianca Molina, subalcaldesa de la Comuna Adela Zamudio.<\/p>\n\n\n\n<p>Molina destac\u00f3 que el valor de esta iniciativa no est\u00e1 solo en plantar, sino en cuidar. \u201cLos Guardianes Verdes son personas que asumen un compromiso real con la ciudad. No se trata de poner un \u00e1rbol, sino de regarlo, protegerlo y verlo crecer\u201d.<\/p>\n\n\n\n<p>La primera jornada fue solo el comienzo de un proceso que se extender\u00e1 a distintas zonas de la ciudad, donde la aridez y la contaminaci\u00f3n han ido ganando terreno sobre sobre los espacios verdes. La meta es que cada plant\u00edn encuentre no solo suelo f\u00e9rtil, sino tambi\u00e9n manos comprometidas que lo acompa\u00f1en.<\/p>\n\n\n\n<p><strong>Un movimiento ciudadano con ra\u00edces en la educaci\u00f3n<\/strong><\/p>\n\n\n\n<p>Para Unifranz, Ciudades Verdes representa la uni\u00f3n entre conocimiento, innovaci\u00f3n y responsabilidad social. La iniciativa es parte de su modelo educativo basado en la acci\u00f3n y la experiencia, donde cada participante se convierte en protagonista de un cambio real.<\/p>\n\n\n\n<p>\u201cCiudades Verdes es m\u00e1s que una campa\u00f1a de forestaci\u00f3n; es un movimiento ciudadano que busca construir un bosque urbano y una nueva cultura de sostenibilidad. Queremos que cada persona adopte un \u00e1rbol, lo cuide y deje un legado verde para el futuro\u201d, explic\u00f3 Catherine Uzieda, directora de Marketing de Unifranz Cochabamba.<\/p>\n\n\n\n<p>El programa tiene alcance nacional y se desarrollar\u00e1 en las cuatro ciudades m\u00e1s importantes del pa\u00eds: La Paz, El Alto, Cochabamba y Santa Cruz, con la meta de plantar 5.000 \u00e1rboles en total.<\/p>\n\n\n\n<p>Este esfuerzo colectivo une a Unifranz, los guardaparques municipales, las alcald\u00edas, los colegios, los universitarios y la poblaci\u00f3n en general. Todos est\u00e1n invitados a sumarse a esta cruzada verde y convertirse en Guardianes Verdes, sembrando esperanza en cada rinc\u00f3n del pa\u00eds. Quienes deseen participar pueden registrarse en unifranz.edu.bo\/ciudadesverdes<\/p>\n\n\n\n<p>La instituci\u00f3n integra tambi\u00e9n un componente tecnol\u00f3gico. Los monitores de calidad del aire instalados en el campus permiten medir en tiempo real el impacto de la forestaci\u00f3n sobre el ambiente.<\/p>\n\n\n\n<p>\u201cNo se trata solo de plantar, sino de comprender c\u00f3mo cada \u00e1rbol mejora el aire que respiramos. Esa conexi\u00f3n entre acci\u00f3n, ciencia y comunidad es lo que hace de Ciudades Verdes una iniciativa transformadora\u201d, a\u00f1adi\u00f3 Uzieda.<\/p>\n\n\n\n<p><strong>Guardianes que siembran esperanza<\/strong><\/p>\n\n\n\n<p>Los Guardianes Verdes son ciudadanos comprometidos con la vida y el bienestar de su entorno. Kenya L\u00f3pez, una joven voluntaria, decidi\u00f3 adoptar su \u00e1rbol y bautizarlo con su propio nombre.<\/p>\n\n\n\n<p>\u201cEs la primera vez que planto un \u00e1rbol. Me emociona saber que lo ver\u00e9 crecer. Plantar vida es tambi\u00e9n crecer como persona\u201d,afirma.<\/p>\n\n\n\n<p>Para Diego Sandoval, un guardi\u00e1n&nbsp; chileno que ahora vive en Cochabamba, la experiencia fue una oportunidad de arraigo. \u201cPlantar \u00e1rboles no solo mejora el aire; tambi\u00e9n mejora el \u00e1nimo. Sentirse parte de algo que deja huella te hace valorar m\u00e1s la ciudad que te acoge\u201d.<\/p>\n\n\n\n<p>Ambos forman parte de una red de voluntarios que seguir\u00e1n sumando esfuerzos en distintas jornadas durante los pr\u00f3ximos meses, acompa\u00f1ando el crecimiento de cada nuevo \u00e1rbol.<\/p>\n\n\n\n<p><strong>Un llamado a ser parte del cambio<\/strong><\/p>\n\n\n\n<p>La Organizaci\u00f3n Mundial de la Salud (OMS) recomienda que cada habitante cuente con al menos 9 metros cuadrados de \u00e1reas verdes para garantizar una vida saludable. En Cochabamba, una de las ciudades m\u00e1s contaminadas de Bolivia, esta cifra dista de cumplirse, pero iniciativas como Ciudades Verdes marcan un camino posible hacia el equilibrio entre urbanizaci\u00f3n y naturaleza.<\/p>\n\n\n\n<p>\u201cCochabamba fue y puede volver a ser la Ciudad Jard\u00edn. Cada \u00e1rbol que plantamos es una promesa de aire limpio, de vida y de futuro compartido\u201d, concluy\u00f3 Molina.<\/p>\n\n\n\n<p>Con las lluvias tempranas, la tierra h\u00fameda y las manos de los Guardianes Verdes en acci\u00f3n, Cochabamba parece haber encontrado la mejor met\u00e1fora para su transformaci\u00f3n: cada gota y cada semilla cuentan. Lo que comenz\u00f3 como una campa\u00f1a se ha convertido en un movimiento que florece con esperanza.<\/p>\n\n\n\n<figure class=\"wp-block-embed is-type-video is-provider-youtube wp-block-embed-youtube wp-embed-aspect-16-9 wp-has-aspect-ratio\"><div class=\"wp-block-embed__wrapper\">\n<iframe loading=\"lazy\" title=\"\ud83c\udf31 As\u00ed vivimos la primera jornada de forestaci\u00f3n de Ciudades Verdes junto a los Guardianes Verdes.\" width=\"500\" height=\"281\" src=\"https:\/\/www.youtube.com\/embed\/KA7uLpKE29Q?feature=oembed\" frameborder=\"0\" allow=\"accelerometer; autoplay; clipboard-write; encrypted-media; gyroscope; picture-in-picture; web-share\" referrerpolicy=\"strict-origin-when-cross-origin\" allowfullscreen><\/iframe>\n<\/div><\/figure>","protected":false},"excerpt":{"rendered":"<p>Octubre lleg\u00f3 distinto a Cochabamba. Despu\u00e9s de a\u00f1os marcados por la sequ\u00eda, el cielo se abri\u00f3 antes de tiempo y las lluvias sorprendieron a la ciudad con un respiro verde. las primeras gotas, como buen augurio, acompa\u00f1aron a los guardianes verdes en su tarea de devolver la vida a la tierra., el clima tambi\u00e9n decidi\u00f3 acompa\u00f1arlos.<\/p>","protected":false},"author":27,"featured_media":709132,"comment_status":"open","ping_status":"open","sticky":false,"template":"","format":"standard","meta":{"_acf_changed":false,"footnotes":""},"categories":[60,11489,280,1782],"tags":[6184,266,11397,37,53,1422,242],"class_list":["post-709128","post","type-post","status-publish","format-standard","has-post-thumbnail","hentry","category-blog","category-ciudades-verdes","category-cochabamba","category-unifranz","tag-agua","tag-bolivia","tag-ciudades-verdes","tag-cochabamba","tag-educacion","tag-innovacion-en-educacion","tag-unifranz"],"acf":[],"_links":{"self":[{"href":"https:\/\/unifranz.edu.bo\/pt\/wp-json\/wp\/v2\/posts\/709128","targetHints":{"allow":["GET"]}}],"collection":[{"href":"https:\/\/unifranz.edu.bo\/pt\/wp-json\/wp\/v2\/posts"}],"about":[{"href":"https:\/\/unifranz.edu.bo\/pt\/wp-json\/wp\/v2\/types\/post"}],"author":[{"embeddable":true,"href":"https:\/\/unifranz.edu.bo\/pt\/wp-json\/wp\/v2\/users\/27"}],"replies":[{"embeddable":true,"href":"https:\/\/unifranz.edu.bo\/pt\/wp-json\/wp\/v2\/comments?post=709128"}],"version-history":[{"count":1,"href":"https:\/\/unifranz.edu.bo\/pt\/wp-json\/wp\/v2\/posts\/709128\/revisions"}],"predecessor-version":[{"id":709130,"href":"https:\/\/unifranz.edu.bo\/pt\/wp-json\/wp\/v2\/posts\/709128\/revisions\/709130"}],"wp:featuredmedia":[{"embeddable":true,"href":"https:\/\/unifranz.edu.bo\/pt\/wp-json\/wp\/v2\/media\/709132"}],"wp:attachment":[{"href":"https:\/\/unifranz.edu.bo\/pt\/wp-json\/wp\/v2\/media?parent=709128"}],"wp:term":[{"taxonomy":"category","embeddable":true,"href":"https:\/\/unifranz.edu.bo\/pt\/wp-json\/wp\/v2\/categories?post=709128"},{"taxonomy":"post_tag","embeddable":true,"href":"https:\/\/unifranz.edu.bo\/pt\/wp-json\/wp\/v2\/tags?post=709128"}],"curies":[{"name":"wp","href":"https:\/\/api.w.org\/{rel}","templated":true}]}}