{"id":709110,"date":"2025-10-20T17:35:26","date_gmt":"2025-10-20T21:35:26","guid":{"rendered":"https:\/\/unifranz.edu.bo\/?p=709110"},"modified":"2025-10-20T17:35:30","modified_gmt":"2025-10-20T21:35:30","slug":"recesion-economica-en-bolivia-una-realidad-que-nos-obliga-a-actuar","status":"publish","type":"post","link":"https:\/\/unifranz.edu.bo\/pt\/blog\/recesion-economica-en-bolivia-una-realidad-que-nos-obliga-a-actuar\/","title":{"rendered":"Recesi\u00f3n econ\u00f3mica en Bolivia: Una realidad que nos obliga a actuar"},"content":{"rendered":"<p>La recesi\u00f3n econ\u00f3mica es una ca\u00edda sostenida del Producto Interno Bruto (PIB) durante al menos dos trimestres consecutivos, reflejo de una contracci\u00f3n en la producci\u00f3n, el consumo y la inversi\u00f3n. En palabras simples, significa que el pa\u00eds produce menos, las familias compran menos y los negocios venden menos. En Bolivia, esta situaci\u00f3n ya es tangible: el PIB cay\u00f3 un 2,4% en el primer semestre de 2025, marcando la primera contracci\u00f3n en condiciones normales desde 1986, seg\u00fan datos del Instituto Nacional de Estad\u00edstica (INE). Los efectos ya se sienten en los hogares, con escasez de combustibles, inflaci\u00f3n cercana al 20% y p\u00e9rdida de poder adquisitivo.<\/p>\n\n\n\n<p><\/p>\n\n\n\n<blockquote class=\"wp-block-quote is-layout-flow wp-block-quote-is-layout-flow\">\n<p>\u201cHoy, el pa\u00eds enfrenta una recesi\u00f3n econ\u00f3mica confirmada por organismos internacionales como el Banco Mundial, que proyecta una contracci\u00f3n del PIB de -0,5% en 2025, seguida de -1,1% en 2026 y -1,5% en 2027. Esta no es una mera estad\u00edstica: es un desaf\u00edo que impacta directamente en nuestras familias, empleos y comunidades\u201d, explica Ronald Bedregal, director de la carrera de Ingenier\u00eda Econ\u00f3mica de la Universidad Franz Tamayo, Unifranz.<\/p>\n<\/blockquote>\n\n\n\n<p><\/p>\n\n\n\n<p>Aunque a\u00fan se evita hablar de \u201crecesi\u00f3n\u201d por motivos t\u00e9cnicos, los indicadores son claros: dos trimestres consecutivos de crecimiento negativo, ca\u00edda en la producci\u00f3n de hidrocarburos, escasez de divisas y una inflaci\u00f3n acumulada del 18,33% hasta septiembre. Seg\u00fan Bedregal, \u201cimag\u00ednese el PIB como el latido de la econom\u00eda: cuando late m\u00e1s d\u00e9bil, se produce menos, se vende menos y se invierte menos\u201d. Esa p\u00e9rdida de ritmo se traduce en menor actividad en los mercados, cierre de peque\u00f1os negocios y productos b\u00e1sicos cada vez m\u00e1s caros.<\/p>\n\n\n\n<p><\/p>\n\n\n\n<p>En ciudades como La Paz, Santa Cruz o El Alto, los efectos se sienten d\u00eda a d\u00eda. Las filas en las estaciones de servicio se alargan por la falta de di\u00e9sel y gasolina, y las amas de casa deben racionar alimentos como el arroz o la carne, cuyos precios subieron hasta 58% y 30%, respectivamente.&nbsp;<\/p>\n\n\n\n<p><\/p>\n\n\n\n<blockquote class=\"wp-block-quote is-layout-flow wp-block-quote-is-layout-flow\">\n<p>\u201cLa recesi\u00f3n reduce la oferta y encarece lo b\u00e1sico, erosionando la calidad de vida\u201d, advierte Bedregal, recordando que la crisis actual tiene causas tanto pol\u00edticas como estructurales: bloqueos, inestabilidad y una falta de planificaci\u00f3n productiva.<\/p>\n<\/blockquote>\n\n\n\n<p><\/p>\n\n\n\n<p>Los efectos se extienden tambi\u00e9n al empleo y los salarios. La tasa de desocupaci\u00f3n urbana subi\u00f3 a 3,1%, mientras que el subempleo afecta a ocho de cada diez trabajadores. Sectores como el transporte, la agricultura y la manufactura enfrentan despidos, suspensiones o reducci\u00f3n de turnos. Bedregal explica que \u201cla recesi\u00f3n act\u00faa como una cadena: una ca\u00edda en la demanda reduce la producci\u00f3n, lo que lleva a ajustes en empleo y precios\u201d. A esto se suma un fen\u00f3meno complejo: la estanflaci\u00f3n, donde la econom\u00eda se estanca pero los precios siguen subiendo.<\/p>\n\n\n\n<p><\/p>\n\n\n\n<p>En el mercado paralelo, el d\u00f3lar se cotiza hasta en 15 bolivianos, encareciendo importaciones como alimentos, combustibles o medicinas. El propio INE reporta que los medicamentos han subido entre un 30% y 200% en promedio durante 2025. Mientras tanto, el salario m\u00ednimo nacional \u2014de Bs 2.500, equivalente a unos US$154\u2014 no logra compensar el alza de precios, reduciendo dr\u00e1sticamente el poder de compra de las familias.<\/p>\n\n\n\n<p><\/p>\n\n\n\n<figure class=\"wp-block-embed is-type-video is-provider-youtube wp-block-embed-youtube wp-embed-aspect-16-9 wp-has-aspect-ratio\"><div class=\"wp-block-embed__wrapper\">\n<iframe loading=\"lazy\" title=\"Recesi\u00f3n econ\u00f3mica en Bolivia: Una realidad que nos obliga a actuar\" width=\"500\" height=\"281\" src=\"https:\/\/www.youtube.com\/embed\/4fuhtdWcvUk?feature=oembed\" frameborder=\"0\" allow=\"accelerometer; autoplay; clipboard-write; encrypted-media; gyroscope; picture-in-picture; web-share\" referrerpolicy=\"strict-origin-when-cross-origin\" allowfullscreen><\/iframe>\n<\/div><\/figure>\n\n\n\n<p><\/p>\n\n\n\n<p><strong>Efectos de la recesi\u00f3n: C\u00f3mo impacta en las familias y qu\u00e9 pueden hacer<\/strong><\/p>\n\n\n\n<p>En tiempos de recesi\u00f3n, los hogares bolivianos sienten el golpe directamente. El aumento del costo de vida, la p\u00e9rdida de empleo formal y la reducci\u00f3n de ingresos fuerzan a las familias a replantear sus h\u00e1bitos financieros. Seg\u00fan Bedregal, \u201cen tiempos de estanflaci\u00f3n, las familias bolivianas deben priorizar la resiliencia\u201d.<\/p>\n\n\n\n<p><\/p>\n\n\n\n<p>El experto recomienda elaborar un presupuesto realista, priorizando alimentos, vivienda y salud. Comprar en ferias locales, donde los precios pueden ser hasta un 30% m\u00e1s bajos, es una opci\u00f3n viable. Tambi\u00e9n sugiere controlar las deudas y ahorrar en UFV, una unidad de valor que protege el dinero frente a la inflaci\u00f3n. <\/p>\n\n\n\n<blockquote class=\"wp-block-quote is-layout-flow wp-block-quote-is-layout-flow\">\n<p>\u201cEl nuevo gobierno debe implementar reformas para atraer inversi\u00f3n y reducir subsidios, pero mientras tanto, nuestra ingenier\u00eda econ\u00f3mica colectiva nos permitir\u00e1 tener m\u00e1s holgura y enfrentar la crisis\u201d, afirma.<\/p>\n<\/blockquote>\n\n\n\n<p><\/p>\n\n\n\n<p>A nivel estructural, la recesi\u00f3n tambi\u00e9n desnuda la dependencia de Bolivia de sectores vol\u00e1tiles como los hidrocarburos. En 2025, la producci\u00f3n de gas cay\u00f3 significativamente por falta de inversi\u00f3n, lo que afect\u00f3 al transporte y la agroindustria. El fen\u00f3meno de El Ni\u00f1o agrav\u00f3 la situaci\u00f3n al reducir la cosecha de soya, mientras los bloqueos interrumpieron el suministro de di\u00e9sel.<\/p>\n\n\n\n<p><\/p>\n\n\n\n<p>Pese al panorama adverso, Bedregal mantiene una visi\u00f3n optimista: \u201cLa econom\u00eda es c\u00edclica, como las estaciones del a\u00f1o. Aunque hoy enfrentamos un invierno econ\u00f3mico, los ciclos nos ense\u00f1an que tras la recesi\u00f3n vendr\u00e1n tiempos de recuperaci\u00f3n\u201d. Para \u00e9l, la clave est\u00e1 en diversificar las exportaciones, fomentar la inversi\u00f3n en litio y agroindustria y, sobre todo, mantener la confianza social.<\/p>\n\n\n\n<p><\/p>\n\n\n\n<p>En \u00faltima instancia, la recesi\u00f3n econ\u00f3mica en Bolivia no es solo un dato macroecon\u00f3mico: es una realidad que afecta la vida cotidiana de millones. Pero tambi\u00e9n es una oportunidad para replantear el modelo productivo, apostar por la educaci\u00f3n financiera y fortalecer la cohesi\u00f3n comunitaria.<\/p>\n\n\n\n<p><\/p>","protected":false},"excerpt":{"rendered":"<p>La econom\u00eda boliviana se contrae por primera vez en d\u00e9cadas. Descubre causas, efectos y c\u00f3mo enfrentar la recesi\u00f3n con resiliencia.<\/p>","protected":false},"author":49,"featured_media":709112,"comment_status":"open","ping_status":"open","sticky":false,"template":"","format":"standard","meta":{"_acf_changed":false,"footnotes":""},"categories":[60],"tags":[10978,667,11507,10672,1024,1422,11506,11004,10297,242],"class_list":["post-709110","post","type-post","status-publish","format-standard","has-post-thumbnail","hentry","category-blog","tag-crisis-economica-2","tag-estrategia","tag-hidrocarburos","tag-inflacion","tag-ingenieria-economica-es","tag-innovacion-en-educacion","tag-pib","tag-recesion-economica","tag-tipo-de-cambio","tag-unifranz"],"acf":[],"_links":{"self":[{"href":"https:\/\/unifranz.edu.bo\/pt\/wp-json\/wp\/v2\/posts\/709110","targetHints":{"allow":["GET"]}}],"collection":[{"href":"https:\/\/unifranz.edu.bo\/pt\/wp-json\/wp\/v2\/posts"}],"about":[{"href":"https:\/\/unifranz.edu.bo\/pt\/wp-json\/wp\/v2\/types\/post"}],"author":[{"embeddable":true,"href":"https:\/\/unifranz.edu.bo\/pt\/wp-json\/wp\/v2\/users\/49"}],"replies":[{"embeddable":true,"href":"https:\/\/unifranz.edu.bo\/pt\/wp-json\/wp\/v2\/comments?post=709110"}],"version-history":[{"count":1,"href":"https:\/\/unifranz.edu.bo\/pt\/wp-json\/wp\/v2\/posts\/709110\/revisions"}],"predecessor-version":[{"id":709114,"href":"https:\/\/unifranz.edu.bo\/pt\/wp-json\/wp\/v2\/posts\/709110\/revisions\/709114"}],"wp:featuredmedia":[{"embeddable":true,"href":"https:\/\/unifranz.edu.bo\/pt\/wp-json\/wp\/v2\/media\/709112"}],"wp:attachment":[{"href":"https:\/\/unifranz.edu.bo\/pt\/wp-json\/wp\/v2\/media?parent=709110"}],"wp:term":[{"taxonomy":"category","embeddable":true,"href":"https:\/\/unifranz.edu.bo\/pt\/wp-json\/wp\/v2\/categories?post=709110"},{"taxonomy":"post_tag","embeddable":true,"href":"https:\/\/unifranz.edu.bo\/pt\/wp-json\/wp\/v2\/tags?post=709110"}],"curies":[{"name":"wp","href":"https:\/\/api.w.org\/{rel}","templated":true}]}}