{"id":709109,"date":"2025-10-20T17:31:46","date_gmt":"2025-10-20T21:31:46","guid":{"rendered":"https:\/\/unifranz.edu.bo\/?p=709109"},"modified":"2025-10-20T17:31:50","modified_gmt":"2025-10-20T21:31:50","slug":"tu-conocimiento-caduca-la-educacion-continua-abre-el-camino-hacia-el-futuro-de-bolivia","status":"publish","type":"post","link":"https:\/\/unifranz.edu.bo\/pt\/blog\/tu-conocimiento-caduca-la-educacion-continua-abre-el-camino-hacia-el-futuro-de-bolivia\/","title":{"rendered":"\u00bfTu conocimiento caduca? La educaci\u00f3n continua abre el camino hacia el futuro de Bolivia"},"content":{"rendered":"<p>Bolivia enfrenta un punto de inflexi\u00f3n. La dependencia de los recursos naturales ya no es suficiente para sostener un desarrollo competitivo en la era digital. La transici\u00f3n hacia servicios, tecnolog\u00eda y econom\u00eda del conocimiento exige algo m\u00e1s que t\u00edtulos universitarios. Requiere de profesionales en constante actualizaci\u00f3n, capaces de adaptarse a los cambios vertiginosos del mercado laboral.<\/p>\n\n\n\n<p>Al respecto, Alberto Salamanca Ka\u010di\u0107, director de la carrera de Derecho en la Universidad Franz Tamayo, Unifranz, afirma que \u201cel aprendizaje que funcionaba para un modelo extractivo ya no basta. La educaci\u00f3n continua es hoy la principal estrategia nacional para garantizar soberan\u00eda econ\u00f3mica y cohesi\u00f3n social\u201d.<\/p>\n\n\n\n<p>La educaci\u00f3n permanente \u2013seg\u00fan el acad\u00e9mico\u2013 ha dejado de ser un complemento y se ha convertido en un imperativo para el desarrollo del pa\u00eds.<\/p>\n\n\n\n<p>En la misma l\u00ednea, el Instituto de la UNESCO para el Aprendizaje a lo Largo de Toda la Vida (UIL) asegura que este tipo de aprendizaje est\u00e1 enraizado en la integraci\u00f3n del aprendizaje y la vida, cubriendo actividades de aprendizaje para personas de todas las edades, en todos los contextos de la vida y mediante una variedad de modalidades que, juntas, satisfacen una variedad de necesidades y demandas de aprendizaje.&nbsp;&nbsp;<\/p>\n\n\n\n<blockquote class=\"wp-block-quote is-layout-flow wp-block-quote-is-layout-flow\">\n<p>\u201cEl aprendizaje a lo largo de toda la vida (ALTV) se ha convertido en un importante concepto en el \u00e1mbito de la pol\u00edtica internacional y nacional. El concepto implica que el curso de vida de una persona ya no se puede dividir en un periodo de preparaci\u00f3n seguido por un periodo de acci\u00f3n, sino m\u00e1s bien que el aprendizaje se extiende a lo largo de toda la vida en sus diferentes fases\u201d, indica la UIL.<\/p>\n<\/blockquote>\n\n\n\n<p>Este concepto implica que el aprendizaje tiene lugar no solo en entornos formales de educaci\u00f3n y formaci\u00f3n, sino tambi\u00e9n en diversos espacios de aprendizaje.&nbsp;<\/p>\n\n\n\n<p><strong>Un puente entre la universidad y el mercado laboral<\/strong><\/p>\n\n\n\n<p>Los ciclos largos de la educaci\u00f3n formal no siempre responden a la velocidad de las transformaciones productivas. Mientras en La Paz crece la demanda de analistas de datos financieros, en Santa Cruz se requieren especialistas en log\u00edstica y agroindustria tecnol\u00f3gica, y en el eje troncal, desarrolladores de software. Estas brechas solo pueden cerrarse con formaci\u00f3n flexible y actualizada.<\/p>\n\n\n\n<blockquote class=\"wp-block-quote is-layout-flow wp-block-quote-is-layout-flow\">\n<p>\u201cLa educaci\u00f3n continua permite a los profesionales actualizarse y reinventarse a trav\u00e9s de cursos, diplomados y certificaciones. Se trata de <em>reskilling<\/em> (actualizaci\u00f3n de habilidades) y <em>upskilling<\/em> (adquisici\u00f3n de competencias completamente nuevas), dos procesos que hoy son claves para la empleabilidad en Bolivia\u201d, asegura Salamanca.<\/p>\n<\/blockquote>\n\n\n\n<p>Esta modalidad ofrece una ventaja estrat\u00e9gica: preparar talento en sectores emergentes como legaltech, turismo sostenible, desarrollo de software y agroindustria digital, posicionando a Bolivia con mayor competitividad regional.<\/p>\n\n\n\n<p><strong>Inclusi\u00f3n y movilidad social a trav\u00e9s del aprendizaje<\/strong><\/p>\n\n\n\n<p>M\u00e1s all\u00e1 de su dimensi\u00f3n t\u00e9cnica, la educaci\u00f3n continua es tambi\u00e9n un motor de inclusi\u00f3n. Permite que personas que no accedieron a la universidad o que abandonaron sus estudios encuentren nuevas rutas de formaci\u00f3n.<\/p>\n\n\n\n<p>El auge de la educaci\u00f3n en l\u00ednea abre oportunidades para j\u00f3venes de El Alto que buscan convertirse en programadores, para artesanas de Sucre que digitalizan sus negocios o para madres de familia que acceden a competencias digitales desde sus hogares.<\/p>\n\n\n\n<p>\u201cCada vez que capacitamos a alguien en nuevas habilidades, reducimos desigualdades y ampliamos la base de talento que el pa\u00eds necesita. La educaci\u00f3n continua democratiza el conocimiento y brinda segundas oportunidades\u201d, reflexiona Salamanca.<\/p>\n\n\n\n<p>La movilidad social ya no pasa \u00fanicamente por un t\u00edtulo universitario, sino por la capacidad de aprender de manera constante.<\/p>\n\n\n\n<p><strong>La resiliencia como valor ciudadano<\/strong><\/p>\n\n\n\n<p>El impacto m\u00e1s profundo de la educaci\u00f3n continua no est\u00e1 solo en las competencias t\u00e9cnicas, sino en la construcci\u00f3n de una cultura de aprendizaje permanente. La filosof\u00eda del lifelong learning (aprendizaje a lo largo de la vida) fomenta la adaptabilidad y la resiliencia frente a escenarios adversos como crisis pol\u00edticas, fluctuaciones econ\u00f3micas o efectos del cambio clim\u00e1tico en la producci\u00f3n agr\u00edcola.<\/p>\n\n\n\n<p>En palabras de Salamanca: \u201cUn ciudadano que aprende de forma constante es capaz de reinventarse. Esa adaptabilidad es hoy el activo m\u00e1s valioso que puede tener Bolivia\u201d.<\/p>\n\n\n\n<p>De esta manera, la educaci\u00f3n continua fortalece la capacidad del pa\u00eds para enfrentar la automatizaci\u00f3n, reinventar emprendimientos y transformar los desaf\u00edos en oportunidades.<\/p>\n\n\n\n<p><strong>El aprendizaje como \u00fanica constante<\/strong><\/p>\n\n\n\n<p>La educaci\u00f3n continua no es un lujo, es una necesidad estrat\u00e9gica para Bolivia. Constituye un puente hacia la empleabilidad, una herramienta de inclusi\u00f3n social y un cimiento para la resiliencia ciudadana.<\/p>\n\n\n\n<p>Frente a un futuro incierto, lo \u00fanico permanente es el aprendizaje. La pregunta ya no es qu\u00e9 estudiamos, sino cu\u00e1nto estamos dispuestos a seguir aprendiendo para no quedar rezagados.<\/p>\n\n\n\n<p>Salamanca lo resume con claridad: \u201cEl futuro del pa\u00eds depender\u00e1 de su capacidad de construir una ciudadan\u00eda que nunca deje de aprender. Ese es el verdadero camino hacia el desarrollo sostenible\u201d.<\/p>","protected":false},"excerpt":{"rendered":"<p>La educaci\u00f3n continua transforma a Bolivia, conectando conocimiento, inclusi\u00f3n y desarrollo sostenible.<\/p>","protected":false},"author":50,"featured_media":709111,"comment_status":"open","ping_status":"open","sticky":false,"template":"","format":"standard","meta":{"_acf_changed":false,"footnotes":""},"categories":[60],"tags":[53,9066,1422,218,374,242],"class_list":["post-709109","post","type-post","status-publish","format-standard","has-post-thumbnail","hentry","category-blog","tag-educacion","tag-educacion-continua","tag-innovacion-en-educacion","tag-tecnologia","tag-unesco","tag-unifranz"],"acf":[],"_links":{"self":[{"href":"https:\/\/unifranz.edu.bo\/pt\/wp-json\/wp\/v2\/posts\/709109","targetHints":{"allow":["GET"]}}],"collection":[{"href":"https:\/\/unifranz.edu.bo\/pt\/wp-json\/wp\/v2\/posts"}],"about":[{"href":"https:\/\/unifranz.edu.bo\/pt\/wp-json\/wp\/v2\/types\/post"}],"author":[{"embeddable":true,"href":"https:\/\/unifranz.edu.bo\/pt\/wp-json\/wp\/v2\/users\/50"}],"replies":[{"embeddable":true,"href":"https:\/\/unifranz.edu.bo\/pt\/wp-json\/wp\/v2\/comments?post=709109"}],"version-history":[{"count":1,"href":"https:\/\/unifranz.edu.bo\/pt\/wp-json\/wp\/v2\/posts\/709109\/revisions"}],"predecessor-version":[{"id":709113,"href":"https:\/\/unifranz.edu.bo\/pt\/wp-json\/wp\/v2\/posts\/709109\/revisions\/709113"}],"wp:featuredmedia":[{"embeddable":true,"href":"https:\/\/unifranz.edu.bo\/pt\/wp-json\/wp\/v2\/media\/709111"}],"wp:attachment":[{"href":"https:\/\/unifranz.edu.bo\/pt\/wp-json\/wp\/v2\/media?parent=709109"}],"wp:term":[{"taxonomy":"category","embeddable":true,"href":"https:\/\/unifranz.edu.bo\/pt\/wp-json\/wp\/v2\/categories?post=709109"},{"taxonomy":"post_tag","embeddable":true,"href":"https:\/\/unifranz.edu.bo\/pt\/wp-json\/wp\/v2\/tags?post=709109"}],"curies":[{"name":"wp","href":"https:\/\/api.w.org\/{rel}","templated":true}]}}